{"id":13538,"date":"2022-04-26T13:04:21","date_gmt":"2022-04-26T11:04:21","guid":{"rendered":"https:\/\/wp.muchomaas.com\/article-la-tripartition-de-l-echiquier-politique-modifie-fondamentalement-les\/"},"modified":"2023-06-24T00:27:30","modified_gmt":"2023-06-23T22:27:30","slug":"article-la-tripartition-de-l-echiquier-politique-modifie-fondamentalement-les","status":"publish","type":"post","link":"https:\/\/archives.regards.fr\/?p=13538","title":{"rendered":"\u00ab La tripartition de l\u2019\u00e9chiquier politique modifie fondamentalement les dynamiques \u00e0 l&#8217;oeuvre \u00bb"},"content":{"rendered":"<p class=\"post_excerpt\">Les sondages ont-ils fait l\u2019\u00e9lection ? Quelles le\u00e7ons retenir du scrutin pr\u00e9sidentielle ? Mathieu Gallard, directeur de recherche IPSOS, est l\u2019invit\u00e9 de #LaMidinale.<\/p>\n<h2>UNE MIDINALE \u00c0 VOIR&#8230;<\/h2>\n<p><iframe loading=\"lazy\" width=\"490\" height=\"276\" src=\"https:\/\/www.youtube.com\/embed\/-dJKOiGe450\" title=\"YouTube video player\" frameborder=\"0\" allow=\"accelerometer; autoplay; clipboard-write; encrypted-media; gyroscope; picture-in-picture\" allowfullscreen><\/iframe><\/p>\n<p>&nbsp;<\/p>\n<p><h2>ET \u00c0 LIRE&#8230;<\/h2>\n<p><em> <strong>Les sondages : info ou intox ? <\/strong>  <\/em><br \/>\n\u00ab Pour les sondeurs, cette pr\u00e9sidentielle a \u00e9t\u00e9 une \u00e9lection o\u00f9 tout n\u2019a pas \u00e9t\u00e9 parfaitement r\u00e9ussi. Mais \u00e7a n\u2019a pas \u00e9t\u00e9 non plus une catastrophe industrielle puisque l\u2019on avait le bon ordre d\u2019arriv\u00e9e des candidats, les deux finalistes et le vainqueur du second tour. \u00bb<br \/>\n\u00ab Il y a eu des probl\u00e8mes sur M\u00e9lenchon et plus largement sur les trois candidats qui sont arriv\u00e9s en t\u00eate que l\u2019on avait sous-estim\u00e9s. \u00bb<br \/>\n\u00ab Il y a eu une dynamique de vote utile \u00e0 la fin de la campagne. \u00bb<br \/>\n\u00ab Dans la derni\u00e8re ligne droite de la campagne, il y a eu \u00e9norm\u00e9ment de ralliements de personnalit\u00e9s publiques \u00e0 Jean-Luc M\u00e9lenchon et qui peuvent expliquer pourquoi une partie l\u00e9g\u00e8re mais significative des \u00e9lectorats des candidats de gauche hors M\u00e9lenchon ont fait moins que pr\u00e9vu. \u00bb<br \/>\n\u00ab Il y a aussi eu une l\u00e9g\u00e8re mobilisation, dans les tout derniers jours, de personnes qui disaient ne pas aller voter. Et cela s\u2019est fait au b\u00e9n\u00e9fice de M\u00e9lenchon. \u00bb<\/p>\n<p><em> <strong>Les sondages font-ils les \u00e9lections ?<\/strong> <\/em><br \/>\n\u00ab On a bien vu, pendant la campagne, des mouvements d\u2019opinion avec des candidats qui progressaient &#8211; comme Val\u00e9rie P\u00e9cresse ou Eric Zemmour \u00e0 l\u2019automne &#8211; mais cela n\u2019a pas d\u2019effet performatif qui ferait qu\u2019\u00e0 partir o\u00f9 vous progressez dans les sondages, cela ne s\u2019arr\u00eate pas. Pour Zemmour et P\u00e9cresse, il y a eu un plafond puis une descente. \u00bb<br \/>\n\u00ab Les sondages ne font pas une \u00e9lection mais ils y participent incontestablement &#8211; dans un \u00e9cosyst\u00e8me o\u00f9 beaucoup d\u2019autres aspects jouent et peuvent influencer les \u00e9lecteurs (la campagne, les d\u00e9bats, le bruit m\u00e9diatique\u2026). \u00bb<br \/>\n\u00ab Sans sondage, il y aurait probablement quand m\u00eame un vote utile mais il s\u2019appuierait sur des bases moins solides que les sondages : \u00e0 chaque campagne, on essaie de r\u00e9aliser des campagnes sur ce qui se dit sur les r\u00e9seaux sociaux pour quantifier l\u2019opinion, \u00e7a ne marche pas tr\u00e8s bien mais s\u2019il n\u2019y avait pas de sondage, on se baserait probablement beaucoup l\u00e0-dessus. On s\u2019appuierait aussi sur les ralliements, sur le nombre de personnes dans les meetings : mais cela ne veut pas dire grand-chose en termes de mesure de l\u2019opinion publique. \u00bb<\/p>\n<p><em> <strong>Sur les sondages sur les l\u00e9gislatives<\/strong> <\/em><br \/>\n\u00ab \u00c7a donne un aper\u00e7u tr\u00e8s g\u00e9n\u00e9ral de la situation : \u00e7a permet de voir le rapport de forces en termes de voix plus qu\u2019en termes de projection en si\u00e8ges. \u00bb<br \/>\n\u00ab Il y a 3 blocs relativement \u00e9gaux en termes de voix : un bloc de gauche domin\u00e9 par la France Insoumise dans lequel pour l\u2019instant, EELV, le PS et le PCF sont peut-\u00eatre un peu plus solides qu\u2019\u00e0 la pr\u00e9sidentielle, un bloc autour d\u2019Emmanuel Macron et un bloc autour de Marine Le Pen. \u00bb<br \/>\n\u00ab La traduction du rapport de forces de voix en si\u00e8ges est difficile car les l\u00e9gislatives sont en partie des \u00e9lections locales : le poids des candidats jouent un r\u00f4le, notamment lorsqu\u2019ils sont sortants car ils peuvent g\u00e9n\u00e9rer un vrai vote personnel. \u00bb<\/p>\n<p><em> <strong>Sur la nouvelle tripartition de l\u2019\u00e9chiquier politique<\/strong> <\/em><br \/>\n\u00ab La tripartition de l\u2019\u00e9chiquier politique modifie fondamentalement les dynamiques \u00e0 l\u2019\u0153uvre. \u00bb<br \/>\n\u00ab Dans le pass\u00e9, quand on \u00e9tait dans un affrontement bipolaire, lorsqu\u2019un pr\u00e9sident \u00e9tait \u00e9lu, la coh\u00e9rence voulait que les Fran\u00e7ais envoient une majorit\u00e9 \u00e0 ce pr\u00e9sident. \u00bb<br \/>\n\u00ab La vraie question, c\u2019est de savoir si, lors des l\u00e9gislatives, on aura, au second tour, un front anti-Macron, avec le candidat oppos\u00e9 \u00e0 La R\u00e9publique En Marche qui r\u00e9unira les voix de gauche et d\u2019extr\u00eame droite, ou bien si on aura une esp\u00e8ce de coh\u00e9rence politique avec, si le candidat de La R\u00e9publique En Marche est oppos\u00e9 \u00e0 la droite, il r\u00e9cup\u00e9rera une partie des \u00e9lecteurs de gauche &#8211; et inversement. \u00bb<br \/>\n\u00ab L\u2019enjeu prioritaire des diff\u00e9rentes familles politiques pour ces l\u00e9gislatives, c\u2019est de mobiliser leur \u00e9lectorat. Traditionnellement aux l\u00e9gislatives, l\u2019\u00e9lectorat d\u2019opposition tend \u00e0 se d\u00e9mobiliser parce que c\u2019est une \u00e9lection consid\u00e9r\u00e9e comme de confirmation. \u00bb<\/p>\n<p><em> <strong>Sur le sondage Harris aux l\u00e9gislatives<\/strong> <\/em><br \/>\n\u00ab Dans le cas o\u00f9 un candidat de gauche se retrouverait au second tour, l\u2019\u00e9lectorat des deux autres blocs pourrait \u00eatre tent\u00e9 de se r\u00e9unir pour lui faire barrage. C\u2019est ce que peut signifier le sondage Harris. C\u2019est vrai aussi au cas ou un candidat d\u2019extr\u00eame droite est pr\u00e9sent au second tour. \u00bb<\/p>\n<p><em> <strong>Sur les r\u00e9sultats de la pr\u00e9sidentielle dans les Outremers<\/strong> <\/em><br \/>\n\u00ab En France m\u00e9tropolitaine, il y a eu un maintien du front r\u00e9publicain qui reste solide m\u00eame si c\u2019est sous des formes plus d\u00e9grad\u00e9es par rapport \u00e0 2017 et 2002. Mais dans les outremers, la plupart des r\u00e9gions et territoires d\u2019outremers, c\u2019est la logique inverse qui s\u2019est mise en place avec un front anti-Macron et un \u00e9lectorat de M\u00e9lenchon qui a \u00e9t\u00e9 en masse voter pour Marine Le Pen uniquement pour faire obstacle \u00e0 l&#8217;\u00e9lection d\u2019Emmanuel Macron. \u00bb<br \/>\n\u00ab Dans les Outremers, il y a eu un vote extr\u00eamement fort &#8211; et m\u00eame majoritaire &#8211; d\u2019opposition \u00e0 la politique sanitaire d\u2019Emmanuel Macron. \u00bb<br \/>\n\u00ab Les mouvements \u00e9lectoraux en outremers sont souvent diff\u00e9rents, voire fondamentalement diff\u00e9rents, de ce qu\u2019il se passe en m\u00e9tropole. \u00bb<\/p>\n<p><em> <strong>Sur le r\u00e9sultat de Marine Le Pen<\/strong> <\/em><br \/>\n\u00ab Il y a une progression du score de Marine Le Pen qui a obtenu, incontestablement, le meilleur score de l\u2019extr\u00eame droite notamment face \u00e0 une sorte de normalisation progressive de son image personnelle. \u00bb<br \/>\n\u00ab Les r\u00e9sultats du second tour montrent qu\u2019on est encore tr\u00e8s loin d\u2019une arriv\u00e9e au pouvoir de Marine Le Pen. \u00c7a s\u2019explique parce que le front r\u00e9publicain, bon gr\u00e9 ou mal gr\u00e9, s\u2019est remis en place avec un certain succ\u00e8s. \u00bb<br \/>\n\u00ab L\u2019\u00e9lectorat de centre gauche a vot\u00e9 pour pr\u00e8s des deux tiers pour Emmanuel Macron. Plus d\u2019un \u00e9lecteur sur deux de Val\u00e9rie P\u00e9cresse a vot\u00e9 pour Macron contre un sur cinq pour Marine Le Pen. Une partie significative des abstentionnistes du premier tour s\u2019est mobilis\u00e9e en faveur de Macron. Enfin, les \u00e9lecteurs de M\u00e9lenchon ont vot\u00e9 assez nettement pour Macron par rapport \u00e0 Marine Le Pen. \u00bb<br \/>\n\u00ab Les fondamentaux du RN restent pr\u00e9sents aux yeux des Fran\u00e7ais. Il y a toujours six Fran\u00e7ais sur dix qui consid\u00e8rent que le RN est un parti raciste, autoritaire et potentiellement dangereux pour la d\u00e9mocratie et la R\u00e9publique. \u00c7a fait peur a une grande partie de l\u2019\u00e9lectorat. \u00bb<br \/>\n\u00ab L\u2019\u00e9lectorat de droite assez \u00e2g\u00e9 qui pourrait \u00eatre tent\u00e9 par Le Pen, consid\u00e8re Le Pen pas assez solide pour gouverner. \u00bb<\/p>\n<p><em> <strong>Sur le vote populaire<\/strong> <\/em><br \/>\n\u00ab Il y a quatre blocs : la France bien int\u00e9gr\u00e9e qui a vot\u00e9 pour Macron : une France de cadres, de cat\u00e9gories moyennes et sup\u00e9rieures, plut\u00f4t \u00e2g\u00e9e. Une France plut\u00f4t populaire qui a vot\u00e9 plut\u00f4t pour Le Pen : une France des ouvriers, des cat\u00e9gories populaires \u00e0 faible niveau de salaire. Une France plut\u00f4t pr\u00e9caire, jeune et dipl\u00f4m\u00e9e, pas encore \u00e0 ce stade bien int\u00e9gr\u00e9e dans le monde du travail, qui a vot\u00e9 pour M\u00e9lenchon. Et une France d\u00e9sengag\u00e9e qui n\u2019a pas vot\u00e9 et qui sociologiquement est un mixe entre l\u2019\u00e9lectorat de Marine Le Pen et de Jean-Luc M\u00e9lenchon : des jeunes issus des quartiers populaires. \u00bb<br \/>\n\u00ab L\u2019\u00e9lectorat de Marine Le Pen a vot\u00e9 assez nettement en faveur de Marine Le Pen. \u00bb<br \/>\n\u00ab Il y a une majorit\u00e9 des personnes qui ont les plus faibles niveaux de revenus et de dipl\u00f4mes qui ont vot\u00e9 pour Marine Le Pen. \u00c7a confirme ce qu\u2019on voyait d\u00e9j\u00e0 en 2017. \u00bb<br \/>\n\u00ab Les cat\u00e9gories populaires votent plus Le Pen sans doute en partie parce que d\u2019un point de vue id\u00e9ologique, elles sont plus sensibles que la moyenne aux enjeux qui sont li\u00e9s \u00e0 l\u2019immigration. Elles sont nettement plus sensibles que la moyenne aux enjeux du pouvoir d\u2019achat et du co\u00fbt de la vie que Marine Le Pen a mis largement en avant. Et elles sont sensibles \u00e0 une logique et une rh\u00e9torique contestataires, anti-syst\u00e8me, que Le Pen et le RN utilisent depuis longtemps. Et que Le Pen a particuli\u00e8rement d\u00e9velopp\u00e9 dans cette campagne. \u00bb<div id='gallery-1' class='gallery galleryid-13538 gallery-columns-3 gallery-size-thumbnail'><figure class='gallery-item'>\n\t\t\t<div class='gallery-icon landscape'>\n\t\t\t\t<a href='https:\/\/archives.regards.fr\/wp-content\/uploads\/2022\/04\/article_midinale-66-65d.png'><img loading=\"lazy\" decoding=\"async\" width=\"150\" height=\"150\" src=\"https:\/\/archives.regards.fr\/wp-content\/uploads\/2022\/04\/article_midinale-66-65d-150x150.png\" class=\"attachment-thumbnail size-thumbnail\" alt=\"article_midinale-66.png\" \/><\/a>\n\t\t\t<\/div><\/figure>\n\t\t<\/div>\n<\/p>\n","protected":false},"excerpt":{"rendered":"<p>Les sondages ont-ils fait l\u2019\u00e9lection ? Quelles le\u00e7ons retenir du scrutin pr\u00e9sidentielle ? Mathieu Gallard, directeur de recherche IPSOS, est l\u2019invit\u00e9 de #LaMidinale.<\/p>\n","protected":false},"author":1204,"featured_media":31914,"comment_status":"open","ping_status":"open","sticky":false,"template":"","format":"standard","meta":{"_themeisle_gutenberg_block_has_review":false,"footnotes":""},"categories":[238],"tags":[293],"class_list":["post-13538","post","type-post","status-publish","format-standard","has-post-thumbnail","hentry","category-la-midinale","tag-entretien"],"_links":{"self":[{"href":"https:\/\/archives.regards.fr\/index.php?rest_route=\/wp\/v2\/posts\/13538","targetHints":{"allow":["GET"]}}],"collection":[{"href":"https:\/\/archives.regards.fr\/index.php?rest_route=\/wp\/v2\/posts"}],"about":[{"href":"https:\/\/archives.regards.fr\/index.php?rest_route=\/wp\/v2\/types\/post"}],"author":[{"embeddable":true,"href":"https:\/\/archives.regards.fr\/index.php?rest_route=\/wp\/v2\/users\/1204"}],"replies":[{"embeddable":true,"href":"https:\/\/archives.regards.fr\/index.php?rest_route=%2Fwp%2Fv2%2Fcomments&post=13538"}],"version-history":[{"count":0,"href":"https:\/\/archives.regards.fr\/index.php?rest_route=\/wp\/v2\/posts\/13538\/revisions"}],"wp:featuredmedia":[{"embeddable":true,"href":"https:\/\/archives.regards.fr\/index.php?rest_route=\/wp\/v2\/media\/31914"}],"wp:attachment":[{"href":"https:\/\/archives.regards.fr\/index.php?rest_route=%2Fwp%2Fv2%2Fmedia&parent=13538"}],"wp:term":[{"taxonomy":"category","embeddable":true,"href":"https:\/\/archives.regards.fr\/index.php?rest_route=%2Fwp%2Fv2%2Fcategories&post=13538"},{"taxonomy":"post_tag","embeddable":true,"href":"https:\/\/archives.regards.fr\/index.php?rest_route=%2Fwp%2Fv2%2Ftags&post=13538"}],"curies":[{"name":"wp","href":"https:\/\/api.w.org\/{rel}","templated":true}]}}