{"id":13532,"date":"2022-04-22T16:23:04","date_gmt":"2022-04-22T14:23:04","guid":{"rendered":"https:\/\/wp.muchomaas.com\/article-la-ou-melenchon-n-a-pas-rompu-avec-la-culture-social-democrate-c-est-qu-il-veut\/"},"modified":"2023-06-24T00:27:14","modified_gmt":"2023-06-23T22:27:14","slug":"article-la-ou-melenchon-n-a-pas-rompu-avec-la-culture-social-democrate-c-est-qu-il-veut","status":"publish","type":"post","link":"https:\/\/archives.regards.fr\/?p=13532","title":{"rendered":"\u00ab L\u00e0 o\u00f9 M\u00e9lenchon n\u2019a pas rompu avec la culture social-d\u00e9mocrate, c\u2019est qu\u2019il veut gouverner \u00bb"},"content":{"rendered":"<p class=\"post_excerpt\">Apr\u00e8s le r\u00e9sultat de Jean-Luc M\u00e9lenchon au premier tour de l\u2019\u00e9lection pr\u00e9sidentielle, faut-il encore d\u00e9sesp\u00e9rer de la gauche ? La possibilit\u00e9 d\u2019un accord de toute la gauche et la main tendue de l\u2019union populaire peut-elle redonner l\u2019espoir ? R\u00e9mi Lefebvre, politiste et auteur de <em>Faut-il d\u00e9sesp\u00e9rer de la gauche<\/em> aux \u00c9ditions Textuel, est l\u2019invit\u00e9 de #LaMidinale.\n<\/p>\n<h2>UNE MIDINALE \u00c0 VOIR&#8230;<\/h2>\n<p><iframe loading=\"lazy\" width=\"490\" height=\"276\" src=\"https:\/\/www.youtube.com\/embed\/w0ldmGYfkh4\" title=\"YouTube video player\" frameborder=\"0\" allow=\"accelerometer; autoplay; clipboard-write; encrypted-media; gyroscope; picture-in-picture\" allowfullscreen><\/iframe><\/p>\n<p>&nbsp;<\/p>\n<p><h2>ET \u00c0 LIRE&#8230;<\/h2>\n<p><strong>Sur la gauche post premier tour<\/strong><br \/>\n\u00ab Tout confondu, la gauche totalise 30% des voix au premier tour de l\u2019\u00e9lection pr\u00e9sidentielle. C\u2019est un score qui n\u2019est pas d\u00e9shonorant mais il faut se rappeler qu\u2019en 2012, Fran\u00e7ois Hollande faisait 28% tout seul. \u00bb<br \/>\n\u00ab Le score de la gauche fait moins que le total de l\u2019extr\u00eame droite. \u00bb<br \/>\n\u00ab Deux tiers des Fran\u00e7ais sont sur des positions tr\u00e8s \u00e9loign\u00e9es de la gauche. Donc on ne peut pas dire que collectivement, le rapport de force soit favorable \u00e0 la gauche. \u00bb<br \/>\n\u00ab La campagne \u00e9lectorale a \u00e9t\u00e9 tr\u00e8s domin\u00e9e par les th\u00e8mes de la droite donc on ne peut pas dire que, id\u00e9ologiquement, la gauche ait pris le leadership sur la bataille des id\u00e9es. \u00bb<br \/>\n\u00ab Il y a eu une primaire par les sondages qui s\u2019est op\u00e9r\u00e9e \u00e0 gauche. \u00bb<br \/>\n\u00ab L\u2019union \u00e0 gauche s\u2019est faite par le bas. \u00bb<br \/>\n\u00ab Ce que les partis de gauche n\u2019ont pas r\u00e9ussi \u00e0 faire, les \u00e9lecteurs l\u2019ont produit. \u00bb<br \/>\n\u00ab Ce qui est spectaculaire, c\u2019est la pouss\u00e9e de Jean-Luc M\u00e9lenchon dans les derniers jours et sa capacit\u00e9 \u00e0 f\u00e9d\u00e9rer les \u00e9lecteurs. \u00bb<\/p>\n<p><strong>Sur la social-d\u00e9mocratie<\/strong><br \/>\n\u00ab On s\u2019\u00e9tonne encore du niveau du PS et c\u2019est vrai que 2% c\u2019est tr\u00e8s bas mais \u00e7a n\u2019est pas \u00e9tonnant &#8211; les \u00e9lections municipales et r\u00e9gionales ont \u00e9t\u00e9 trompeuses. \u00bb<br \/>\n\u00ab La social-d\u00e9mocratie ne tient plus parce que beaucoup d\u2019\u00e9lecteurs de gauche, mod\u00e9r\u00e9s, sont partis chez Macron. \u00bb<br \/>\n\u00ab Les \u00e9lecteurs de gauche sont partag\u00e9s entre les deux bouts de l\u2019omelette : ceux, mod\u00e9r\u00e9s, qui sont aujourd\u2019hui chez Macron &#8211; un tiers des \u00e9lecteurs de Hollande sont chez Macron &#8211; et les \u00e9lecteurs plus \u00e0 gauche qui sont partis chez M\u00e9lenchon et chez Jadot. \u00bb<br \/>\n\u00ab Les \u00e9lecteurs ont \u00e9t\u00e9 d\u00e9sorient\u00e9s par une campagne d\u2019Anne Hidalgo qui n\u2019\u00e9tait pas inint\u00e9ressante sur le fond avec un programme \u00e0 gauche mais qui, en invitant Hollande dans ses meetings et en critiquant tr\u00e8s fortement M\u00e9lenchon, a perdu sur les deux tableaux : elle s\u2019est ali\u00e9n\u00e9e les \u00e9lecteurs mod\u00e9r\u00e9s et elle a perdu les \u00e9lecteurs de gauche. \u00bb<br \/>\n\u00ab On ne voit pas trop comment un espace \u00e9lectoral pourrait se reconstituer pour le Parti socialiste. \u00bb<br \/>\n\u00ab Id\u00e9ologiquement, le PS n\u2019a plus d\u2019identit\u00e9. \u00bb<\/p>\n<p><strong>Sur Jean-Luc M\u00e9lenchon<\/strong><br \/>\n\u00ab Le centre de gravit\u00e9 de la gauche s\u2019est d\u00e9plac\u00e9 vers M\u00e9lenchon. \u00bb<br \/>\n\u00ab La gauche de M\u00e9lenchon n\u2019est pas si radicale. \u00bb<br \/>\n\u00ab Social-d\u00e9mocrate ne veut plus dire grand chose. \u00bb<br \/>\n\u00ab M\u00e9lenchon a vocation \u00e0 gouverner. \u00bb<br \/>\n\u00ab Il est aujourd\u2019hui totalement inop\u00e9rant d\u2019\u00eatre de gauche sans radicalit\u00e9 dans un contexte d\u2019exacerbation des in\u00e9galit\u00e9s. \u00bb<br \/>\n\u00ab \u00catre de gauche aujourd\u2019hui, c\u2019est porter un projet radical. \u00bb<br \/>\n\u00ab L\u00e0 o\u00f9 M\u00e9lenchon n\u2019a pas rompu avec la culture social-d\u00e9mocrate, c\u2019est qu\u2019il veut gouverner. \u00bb<\/p>\n<p><strong>Sur Fabien Roussel et le PCF<\/strong><br \/>\n\u00ab Il y a eu un moment Roussel pendant la campagne pr\u00e9sidentielle. \u00bb<br \/>\n\u00ab Roussel a fait une campagne de marketing politique. \u00bb<br \/>\n\u00ab La gauche r\u00e9publicaine et populaire a \u00e9t\u00e9 s\u00e9duite par le discours de Roussel. \u00bb<br \/>\n\u00ab L\u2019espace qu\u2019a r\u00e9ussi \u00e0 capter Roussel est un espace tr\u00e8s exigu\u00eb. \u00bb<br \/>\n\u00ab Roussel aura r\u00e9ussi \u00e0 incarner quelque chose mais n\u2019a pas r\u00e9sist\u00e9 \u00e0 la vague du vote utile M\u00e9lenchon qui a d\u00e9ferl\u00e9. \u00bb<br \/>\n\u00ab Dans la palette de gauche, Roussel a incontestablement incarn\u00e9 une sensibilit\u00e9. \u00bb<br \/>\n\u00ab La question pour le PCF, c\u2019est celle des l\u00e9gislatives : va-t-il maintenir sa base de d\u00e9put\u00e9s. \u00bb<br \/>\n\u00ab On mesurera l\u2019efficacit\u00e9 de la candidature de Fabien Roussel au moment des l\u00e9gislatives. \u00bb<\/p>\n<p><strong>Sur les accords possibles aux l\u00e9gislatives<\/strong><br \/>\n\u00ab En 2017, M\u00e9lenchon fait 19,5% des voix et il ferme la porte \u00e0 une union aux l\u00e9gislatives. Il se plante parce qu\u2019il fait 11% des voix et obtient 17% des voix. Il a dilapid\u00e9 son capital \u00e9lectoral. \u00bb<br \/>\n\u00ab Aujourd\u2019hui, on a l\u2019impression que M\u00e9lenchon a chang\u00e9 de ton. \u00bb<br \/>\n\u00ab M\u00e9lenchon a men\u00e9 une campagne beaucoup moins populiste qu\u2019en 2017 et beaucoup plus de gauche traditionnelle qu\u2019en 2017. \u00bb<br \/>\n\u00ab Le vote M\u00e9lenchon est un vote tr\u00e8s m\u00e9tropolitain, jeune, quartiers populaires racis\u00e9s. Il recule en revanche dans les anciennes zones ouvri\u00e8res &#8211; notamment dans les Hauts-de-France. Toutes les voix que gagne M\u00e9lenchon se font en r\u00e9gion parisienne. \u00bb<br \/>\n\u00ab M\u00e9lenchon se rend compte qu\u2019il a un \u00e9lectorat de gauche traditionnelle ce qu\u2019il avait refus\u00e9 d\u2019admettre en 2017. Donc il est plus ouvert aujourd\u2019hui. \u00bb<br \/>\n\u00ab M\u00e9lenchon a une strat\u00e9gie habile pour remobiliser son camp aux l\u00e9gislatives. \u00bb<br \/>\n\u00ab Si la gauche arrive divis\u00e9e aux l\u00e9gislatives, tout le monde va en p\u00e2tir. \u00bb<br \/>\n\u00ab Le ton de M\u00e9lenchon a chang\u00e9. LFI veut \u00eatre la nouvelle force centrale \u00e0 gauche mais veut rassembler les communistes et les \u00e9cologistes \u00e0 ses conditions. \u00bb<\/p>\n<p><strong>Sur une potentielle alliance du NPA au PS pour les l\u00e9gislatives<\/strong><br \/>\n\u00ab La question, c\u2019est sur quelle base programmatique ? Pour LFI, elle doit se faire sur la base du programme de l\u2019Union populaire. \u00bb<br \/>\n\u00ab Il y a \u00e9norm\u00e9ment de probl\u00e9matiques locales tr\u00e8s diff\u00e9rentes mais l\u2019\u00e9tat d\u2019esprit g\u00e9n\u00e9ral a chang\u00e9. \u00bb<br \/>\n\u00ab Le c\u0153ur, c\u2019est la question du rapport aux \u00e9cologistes. \u00bb<br \/>\n\u00ab La strat\u00e9gie de la France Insoumise a chang\u00e9 : est-ce que c\u2019est simplement pour montrer qu\u2019ils sont unitaires et, au bout du compte, LFI imposera, dans un jeu de poker menteur, des conditions qui ne pourront \u00eatre accept\u00e9es ? \u00bb<\/p>\n<p><strong>Sur la perspective de Jean-Luc M\u00e9lenchon Premier ministre<\/strong><br \/>\n\u00ab Je ne suis pas dans la t\u00eate de Jean-Luc M\u00e9lenchon mais je crois qu\u2019il a assez de sens politique pour savoir que cette hypoth\u00e8se n\u2019est pas tr\u00e8s r\u00e9aliste. \u00bb<br \/>\n\u00ab Cela ouvre une mobilisation potentielle pour son camp. \u00bb<br \/>\n\u00ab Cela permet \u00e0 Jean-Luc M\u00e9lenchon de transmettre un peu plus son capital politique. \u00bb<br \/>\n\u00ab Depuis l\u2019inversement du calendrier \u00e9lectoral en 2002, il y a un probl\u00e8me d\u2019abstentionnisme diff\u00e9rentiel : les \u00e9lecteurs du camp qui a perdu \u00e0 la pr\u00e9sidentielle ne vont pas voter aux l\u00e9gislatives, ce qui donne une surprime au camp sortant. \u00bb<br \/>\n\u00ab Beaucoup de jeunes et de gens racis\u00e9s issus des quartiers populaires ont vot\u00e9 pour Jean-Luc M\u00e9lenchon mais appartiennent aussi \u00e0 des cat\u00e9gories tr\u00e8s abstentionnistes aux l\u00e9gislatives. \u00bb<\/p>\n<p><strong>Sur les diff\u00e9rentes sensibilit\u00e9s de la gauche<\/strong><br \/>\n\u00ab Les \u00e9cologistes effectuent un repli tactique : David Cormand qui est un peu l\u2019id\u00e9ologue \u00e9colo, est beaucoup plus prudent, affirmant qu\u2019ils ont perdu la pr\u00e9sidentielle et qu\u2019il faut aller vers LFI. Mais ils n\u2019ont pas renonc\u00e9 au fait que c\u2019est eux qui sont dans le sens de l\u2019histoire. Ils veulent des circonscriptions mais je ne crois pas qu\u2019ils aient renonc\u00e9 au fait que c\u2019est autour d\u2019eux que doit s\u2019\u00e9crire l\u2019avenir de la gauche. \u00bb<br \/>\n\u00ab Le Parti communiste n\u2019est pas pr\u00eat \u00e0 renoncer \u00e0 son identit\u00e9 organisationnelle. \u00bb<br \/>\n\u00ab Le Parti socialiste pense toujours que, lorsque Macron sera parti, il n\u2019y aura plus que de la droite et qu\u2019il pourra retrouver son espace. \u00bb<br \/>\n\u00ab La mise en retrait de Jean-Luc M\u00e9lenchon, ou, \u00e0 tout le moins, le fait qu\u2019il ne sera plus candidat \u00e0 l\u2019\u00e9lection pr\u00e9sidentielle, va changer la donne \u00e0 gauche parce que c\u2019\u00e9tait lui qui tenait l\u2019\u00e9lectorat tr\u00e8s composite de LFI. \u00bb<div id='gallery-1' class='gallery galleryid-13532 gallery-columns-3 gallery-size-thumbnail'><figure class='gallery-item'>\n\t\t\t<div class='gallery-icon landscape'>\n\t\t\t\t<a href='https:\/\/archives.regards.fr\/wp-content\/uploads\/2022\/04\/article_midinale-64-1f1.png'><img loading=\"lazy\" decoding=\"async\" width=\"150\" height=\"150\" src=\"https:\/\/archives.regards.fr\/wp-content\/uploads\/2022\/04\/article_midinale-64-1f1-150x150.png\" class=\"attachment-thumbnail size-thumbnail\" alt=\"article_midinale-64.png\" \/><\/a>\n\t\t\t<\/div><\/figure>\n\t\t<\/div>\n<\/p>\n","protected":false},"excerpt":{"rendered":"<p>Apr\u00e8s le r\u00e9sultat de Jean-Luc M\u00e9lenchon au premier tour de l\u2019\u00e9lection pr\u00e9sidentielle, faut-il encore d\u00e9sesp\u00e9rer de la gauche ? La possibilit\u00e9 d\u2019un accord de toute la gauche et la main tendue de l\u2019union populaire peut-elle redonner l\u2019espoir ? R\u00e9mi Lefebvre, politiste et auteur de <em>Faut-il d\u00e9sesp\u00e9rer de la gauche<\/em> aux \u00c9ditions Textuel, est l\u2019invit\u00e9 de #LaMidinale.<\/p>\n","protected":false},"author":1039,"featured_media":31898,"comment_status":"open","ping_status":"open","sticky":false,"template":"","format":"standard","meta":{"_themeisle_gutenberg_block_has_review":false,"footnotes":""},"categories":[238],"tags":[293,295],"class_list":["post-13532","post","type-post","status-publish","format-standard","has-post-thumbnail","hentry","category-la-midinale","tag-entretien","tag-nupes"],"_links":{"self":[{"href":"https:\/\/archives.regards.fr\/index.php?rest_route=\/wp\/v2\/posts\/13532","targetHints":{"allow":["GET"]}}],"collection":[{"href":"https:\/\/archives.regards.fr\/index.php?rest_route=\/wp\/v2\/posts"}],"about":[{"href":"https:\/\/archives.regards.fr\/index.php?rest_route=\/wp\/v2\/types\/post"}],"author":[{"embeddable":true,"href":"https:\/\/archives.regards.fr\/index.php?rest_route=\/wp\/v2\/users\/1039"}],"replies":[{"embeddable":true,"href":"https:\/\/archives.regards.fr\/index.php?rest_route=%2Fwp%2Fv2%2Fcomments&post=13532"}],"version-history":[{"count":0,"href":"https:\/\/archives.regards.fr\/index.php?rest_route=\/wp\/v2\/posts\/13532\/revisions"}],"wp:featuredmedia":[{"embeddable":true,"href":"https:\/\/archives.regards.fr\/index.php?rest_route=\/wp\/v2\/media\/31898"}],"wp:attachment":[{"href":"https:\/\/archives.regards.fr\/index.php?rest_route=%2Fwp%2Fv2%2Fmedia&parent=13532"}],"wp:term":[{"taxonomy":"category","embeddable":true,"href":"https:\/\/archives.regards.fr\/index.php?rest_route=%2Fwp%2Fv2%2Fcategories&post=13532"},{"taxonomy":"post_tag","embeddable":true,"href":"https:\/\/archives.regards.fr\/index.php?rest_route=%2Fwp%2Fv2%2Ftags&post=13532"}],"curies":[{"name":"wp","href":"https:\/\/api.w.org\/{rel}","templated":true}]}}