{"id":13528,"date":"2022-04-21T11:54:26","date_gmt":"2022-04-21T09:54:26","guid":{"rendered":"https:\/\/wp.muchomaas.com\/article-jerome-guedj-je-trouverais-irresponsable-de-ne-pas-saisir-la-perche-tendue-de\/"},"modified":"2023-06-24T00:27:06","modified_gmt":"2023-06-23T22:27:06","slug":"article-jerome-guedj-je-trouverais-irresponsable-de-ne-pas-saisir-la-perche-tendue-de","status":"publish","type":"post","link":"https:\/\/archives.regards.fr\/?p=13528","title":{"rendered":"J\u00e9r\u00f4me Guedj : \u00ab Je trouverais irresponsable de ne pas saisir la main tendue de M\u00e9lenchon \u00bb"},"content":{"rendered":"<p class=\"post_excerpt\">\u00c0 l&#8217;occasion d&#8217;un conseil national du Parti socialiste, Olivier Faure a re\u00e7u le mandat de discuter avec l&#8217;ensemble de la gauche et des \u00e9cologistes, insoumis compris, pour trouver un accord aux l\u00e9gislatives. J\u00e9r\u00f4me Guedj, secr\u00e9taire national du PS, conseiller r\u00e9gional d&#8217;\u00cele-de-France, est l&#8217;invit\u00e9 de #LaMidinale.<\/p>\n<h2>UNE MIDINALE \u00c0 VOIR&#8230;<\/h2>\n<p><iframe loading=\"lazy\" width=\"490\" height=\"276\" src=\"https:\/\/www.youtube.com\/embed\/rK4lCIOIYUk\" title=\"YouTube video player\" frameborder=\"0\" allow=\"accelerometer; autoplay; clipboard-write; encrypted-media; gyroscope; picture-in-picture\" allowfullscreen><\/iframe><\/p>\n<p>&nbsp;<\/p>\n<p><h2>ET \u00c0 LIRE&#8230;<\/h2>\n<p><em> <strong>Sur l\u2019effondrement du Parti socialiste<\/strong> <\/em><br \/>\n\u00ab On pense que la pr\u00e9sidentielle est le thermom\u00e8tre de la r\u00e9alit\u00e9 d\u2019une famille politique. \u00bb<br \/>\n\u00ab Le pr\u00e9sidentialisme nous rend tous stupides et ne correspond pas \u00e0 la culture politique de la gauche. \u00c0 cette aune l\u00e0, c\u2019est cataclysmique. On est au plus bas niveau. Pour autant, il y a d\u2019autres formes d\u2019expression pour les socialistes dans les \u00e9lections locales, d\u00e9partementales ou r\u00e9gionales. \u00bb<br \/>\n\u00ab Aujourd\u2019hui, des millions de Fran\u00e7ais continuent de vivre dans des villes, des d\u00e9partements ou des r\u00e9gions qui sont dirig\u00e9s par des \u00e9diles socialistes. \u00bb<br \/>\n\u00ab On ne peut pas parler d\u2019effacement des socialistes. \u00bb<br \/>\n\u00ab Apr\u00e8s le quinquennat 2012-2017, la parole, la promesse, l\u2019esp\u00e9rance socialiste s\u2019est fracass\u00e9e sur la perception que nos \u00e9lecteurs et nos sympathisants ont eu de cette p\u00e9riode. Il faut regarder cela avec lucidit\u00e9. \u00bb<br \/>\n\u00ab C\u2019est la deuxi\u00e8me fois qu\u2019une grande partie de notre \u00e9lectorat consid\u00e8re que l\u2019esp\u00e9rance est du c\u00f4t\u00e9 de M\u00e9lenchon. \u00bb<br \/>\n\u00ab Jean-Luc M\u00e9lenchon a gagn\u00e9 la bataille culturelle \u00e0 gauche. \u00bb<br \/>\n\u00ab On peut \u00eatre un socialiste radical. On peut \u00eatre un r\u00e9formiste radical. \u00bb<br \/>\n\u00ab La p\u00e9riode n\u2019est pas aux eaux ti\u00e8des. \u00bb<br \/>\n\u00ab Je crois dans cette gauche qui peut se rassembler et qui peut produire du compromis mais nos \u00e9lecteurs ont consid\u00e9r\u00e9 que le centre de gravit\u00e9, pour faire \u00e7a, s\u2019\u00e9tait d\u00e9plac\u00e9 du Parti socialiste, de la social-\u00e9cologie vers la France insoumise. \u00bb<br \/>\n\u00ab C\u2019est aux \u00e9lections l\u00e9gislatives que se jouent davantage l\u2019avenir de la gauche et des partis politiques. \u00bb<\/p>\n<p><em> <strong>Sur les oppositions au sein du PS<\/strong> <\/em><br \/>\n\u00ab Il y a ceux qui consid\u00e8rent que le repli identitaire sur la social-d\u00e9mocratie &#8211; ce qu\u2019incarnait Hidalgo avec son style, son talent et son opini\u00e2tret\u00e9 &#8211; serait la solution pour le PS mais je crois que cette position ne tire pas les enseignements de ce que nos \u00e9lecteurs nous ont dit (\u2026). Ce repli identitaire est une posture de d\u00e9ni. C\u2019est aussi une sorte de repli territorial o\u00f9 ils estiment que dans les villes, les d\u00e9partements ou les r\u00e9gions ont contribuent \u00e0 changer la vie (\u2026). Il y a donc cette tentation et puis de l\u2019autre c\u00f4t\u00e9, il y a une forme de pragmatisme ou de r\u00e9alisme. \u00bb<br \/>\n\u00ab Il y a quelqu\u2019un \u00e0 qui a \u00e9t\u00e9 confi\u00e9e la responsabilit\u00e9 d\u2019organiser le dialogue \u00e0 gauche. Regarder si c\u2019est possible ne fait pas de nous des Insoumis. \u00bb<\/p>\n<p><em> <strong>Sur les accords aux l\u00e9gislatives<\/strong> <\/em><br \/>\n\u00ab On va devoir faire dans un temps ramass\u00e9 cette confrontation programmatique \u00e0 laquelle en r\u00e9alit\u00e9 personne ne s\u2019est livr\u00e9. \u00bb<br \/>\n\u00ab La marge de man\u0153uvre est extr\u00eamement faible parce qu\u2019il y a une r\u00e9alit\u00e9 : quand on rentre dans une n\u00e9gociation, il y a un rapport de force qui est celui du premier tour de l\u2019\u00e9lection pr\u00e9sidentielle. \u00bb<br \/>\n\u00ab Il y a un bouger int\u00e9ressant de la France insoumise par rapport \u00e0 2017. \u00bb<br \/>\n\u00ab M\u00e9lenchon nous propose un rassemblement, pas une soumission. \u00bb<br \/>\n\u00ab Si l\u2019objectif est de gagner et de jouer le troisi\u00e8me tour &#8211; ce que je crois possible -, la marge de man\u0153uvre sera de regarder dans quelle mesure on peut construire un programme de gouvernement partag\u00e9, un contrat de l\u00e9gislature. \u00bb<br \/>\n\u00ab J\u2019ai grandi avec le principe de l\u2019unit\u00e9 sans exclusive. \u00bb<br \/>\n\u00ab Il y a la place pour la sensibilit\u00e9 des socialistes [dans la proposition de M\u00e9lenchon] mais simplement il faut qu\u2019elle ait l\u2019humilit\u00e9 et la lucidit\u00e9 de voir la place qui peut \u00eatre la sienne. Dire aujourd\u2019hui qu\u2019elle peut avoir une place centrale, ne correspond pas \u00e0 la r\u00e9alit\u00e9. \u00bb<br \/>\n\u00ab Le pi\u00e8ge serait de tomber dans une tambouille politicienne avec des calculs \u00e9lectoraux. \u00bb<br \/>\n\u00ab L\u2019\u00e9v\u00e9nement politique au lendemain de cette \u00e9lection pr\u00e9sidentielle c\u2019est que la gauche est capable de pr\u00e9senter des candidatures communes. \u00bb<br \/>\n\u00ab On devrait d\u00e9j\u00e0 \u00eatre enferm\u00e9s tous ensemble pendant 72h pour travailler sur la partie programmatique d\u2019un accord. Sur ce point, je ne minore pas mes diff\u00e9rences, parfois divergences, voire mes d\u00e9saccords mais je consid\u00e8re qu\u2019il n\u2019y a pas de ligne rouge infranchissable. \u00bb<br \/>\n\u00ab On doit \u00eatre capable de faire vivre les cinquante nuances de gauche. \u00bb<br \/>\n\u00ab On joue le jeu de la d\u00e9marche de rassemblement de la gauche. \u00bb<br \/>\n\u00ab Si le PS se fracture sur un sujet de rassemblement de la gauche et d\u00e9marche unitaire, on marche sur la t\u00eate parce que c\u2019est le contraire de notre ADN. \u00bb<\/p>\n<p><em> <strong>Sur M\u00e9lenchon premier ministre<\/strong> <\/em><br \/>\n\u00ab Quand on commence une \u00e9lection, mieux vaut dire qu\u2019on joue la gagne. \u00bb<br \/>\n\u00ab L\u2019\u00e9v\u00e9nement, c\u2019est si la gauche est capable de construire un programme de gouvernement et si \u00e7a ne devait pas \u00eatre le cas, de construire une opposition. \u00bb<br \/>\n\u00ab La retraite \u00e0 65 ans ne sera pas la m\u00eame chose si Macron a une majorit\u00e9 avec 350 d\u00e9put\u00e9s ou s\u2019il n\u2019a pas de majorit\u00e9 ou une majorit\u00e9 relative. \u00bb<br \/>\n\u00ab Le message de M\u00e9lenchon est clair : c\u2019est la mani\u00e8re la plus simple de dire aux Fran\u00e7ais que c\u2019est le troisi\u00e8me tour de l\u2019\u00e9lection pr\u00e9sidentielle. \u00bb<br \/>\n\u00ab Si la coalition de gauche gagne les l\u00e9gislatives, M\u00e9lenchon nous indique qu\u2019il est disponible pour \u00eatre le Premier ministre. \u00bb<br \/>\n\u00ab De la m\u00eame mani\u00e8re que je pr\u00e9f\u00e8re Macron \u00e0 Le Pen, je pr\u00e9f\u00e8re M\u00e9lenchon Premier ministre ou Jordan Bardella et S\u00e9bastien Chenu ou Christine Lagarde et Elisabeth Borne. \u00bb<br \/>\n\u00ab Je pr\u00e9f\u00e9rerais Jean-Luc M\u00e9lenchon premier ministre parce que \u00e7a signifierait que la gauche a gagn\u00e9 sur la base d\u2019un rassemblement et d\u2019un compromis politique. \u00bb<br \/>\n\u00ab Je trouverais irresponsable de ne pas saisir la perche de M\u00e9lenchon. \u00bb<div id='gallery-1' class='gallery galleryid-13528 gallery-columns-3 gallery-size-thumbnail'><figure class='gallery-item'>\n\t\t\t<div class='gallery-icon landscape'>\n\t\t\t\t<a href='https:\/\/archives.regards.fr\/wp-content\/uploads\/2022\/04\/article_midinale-63-ad3.png'><img loading=\"lazy\" decoding=\"async\" width=\"150\" height=\"150\" src=\"https:\/\/archives.regards.fr\/wp-content\/uploads\/2022\/04\/article_midinale-63-ad3-150x150.png\" class=\"attachment-thumbnail size-thumbnail\" alt=\"article_midinale-63.png\" \/><\/a>\n\t\t\t<\/div><\/figure>\n\t\t<\/div>\n<\/p>\n","protected":false},"excerpt":{"rendered":"<p>\u00c0 l&#8217;occasion d&#8217;un conseil national du Parti socialiste, Olivier Faure a re\u00e7u le mandat de discuter avec l&#8217;ensemble de la gauche et des \u00e9cologistes, insoumis compris, pour trouver un accord aux l\u00e9gislatives. J\u00e9r\u00f4me Guedj, secr\u00e9taire national du PS, conseiller r\u00e9gional d&#8217;\u00cele-de-France, est l&#8217;invit\u00e9 de #LaMidinale.<\/p>\n","protected":false},"author":1039,"featured_media":31888,"comment_status":"open","ping_status":"open","sticky":false,"template":"","format":"standard","meta":{"_themeisle_gutenberg_block_has_review":false,"footnotes":""},"categories":[238],"tags":[293,295],"class_list":["post-13528","post","type-post","status-publish","format-standard","has-post-thumbnail","hentry","category-la-midinale","tag-entretien","tag-nupes"],"_links":{"self":[{"href":"https:\/\/archives.regards.fr\/index.php?rest_route=\/wp\/v2\/posts\/13528","targetHints":{"allow":["GET"]}}],"collection":[{"href":"https:\/\/archives.regards.fr\/index.php?rest_route=\/wp\/v2\/posts"}],"about":[{"href":"https:\/\/archives.regards.fr\/index.php?rest_route=\/wp\/v2\/types\/post"}],"author":[{"embeddable":true,"href":"https:\/\/archives.regards.fr\/index.php?rest_route=\/wp\/v2\/users\/1039"}],"replies":[{"embeddable":true,"href":"https:\/\/archives.regards.fr\/index.php?rest_route=%2Fwp%2Fv2%2Fcomments&post=13528"}],"version-history":[{"count":0,"href":"https:\/\/archives.regards.fr\/index.php?rest_route=\/wp\/v2\/posts\/13528\/revisions"}],"wp:featuredmedia":[{"embeddable":true,"href":"https:\/\/archives.regards.fr\/index.php?rest_route=\/wp\/v2\/media\/31888"}],"wp:attachment":[{"href":"https:\/\/archives.regards.fr\/index.php?rest_route=%2Fwp%2Fv2%2Fmedia&parent=13528"}],"wp:term":[{"taxonomy":"category","embeddable":true,"href":"https:\/\/archives.regards.fr\/index.php?rest_route=%2Fwp%2Fv2%2Fcategories&post=13528"},{"taxonomy":"post_tag","embeddable":true,"href":"https:\/\/archives.regards.fr\/index.php?rest_route=%2Fwp%2Fv2%2Ftags&post=13528"}],"curies":[{"name":"wp","href":"https:\/\/api.w.org\/{rel}","templated":true}]}}