{"id":13517,"date":"2022-04-15T18:00:00","date_gmt":"2022-04-15T16:00:00","guid":{"rendered":"https:\/\/wp.muchomaas.com\/article-legislatives-vraie-ou-fausse-main-tendue-de-melenchon\/"},"modified":"2023-06-24T00:26:46","modified_gmt":"2023-06-23T22:26:46","slug":"article-legislatives-vraie-ou-fausse-main-tendue-de-melenchon","status":"publish","type":"post","link":"https:\/\/archives.regards.fr\/?p=13517","title":{"rendered":"#D\u00e9briefExpress. L\u00e9gislatives : vraie ou fausse main tendue de M\u00e9lenchon ?"},"content":{"rendered":"<p class=\"post_excerpt\">Chaque jour, la r\u00e9daction de <em>Regards<\/em> d\u00e9briefe l&#8217;actualit\u00e9 politique le temps de la campagne pr\u00e9sidentielle. Avec Catherine Tricot, Pierre Jacquemain et Pablo Pillaud-Vivien.<\/p>\n<p><iframe loading=\"lazy\" width=\"490\" height=\"276\" src=\"https:\/\/www.youtube.com\/embed\/h4RxJAhna_E\" title=\"YouTube video player\" frameborder=\"0\" allow=\"accelerometer; autoplay; clipboard-write; encrypted-media; gyroscope; picture-in-picture\" allowfullscreen><\/iframe><div id='gallery-1' class='gallery galleryid-13517 gallery-columns-3 gallery-size-thumbnail'><figure class='gallery-item'>\n\t\t\t<div class='gallery-icon landscape'>\n\t\t\t\t<a href='https:\/\/archives.regards.fr\/wp-content\/uploads\/2022\/04\/article_debrief_du_jour-re_cupe_re_-2-5e7.png'><img loading=\"lazy\" decoding=\"async\" width=\"150\" height=\"150\" src=\"https:\/\/archives.regards.fr\/wp-content\/uploads\/2022\/04\/article_debrief_du_jour-re_cupe_re_-2-5e7-150x150.png\" class=\"attachment-thumbnail size-thumbnail\" alt=\"article_debrief_du_jour-re_cupe_re_-2.png\" \/><\/a>\n\t\t\t<\/div><\/figure>\n\t\t<\/div>\n<\/p>\n","protected":false},"excerpt":{"rendered":"<p>Chaque jour, la r\u00e9daction de <em>Regards<\/em> d\u00e9briefe l&#8217;actualit\u00e9 politique le temps de la campagne pr\u00e9sidentielle. Avec Catherine Tricot, Pierre Jacquemain et Pablo Pillaud-Vivien.<\/p>\n","protected":false},"author":1039,"featured_media":31837,"comment_status":"open","ping_status":"open","sticky":false,"template":"","format":"standard","meta":{"_themeisle_gutenberg_block_has_review":false,"footnotes":""},"categories":[279],"tags":[521],"class_list":["post-13517","post","type-post","status-publish","format-standard","has-post-thumbnail","hentry","category-videos","tag-legislatives-2022"],"_links":{"self":[{"href":"https:\/\/archives.regards.fr\/index.php?rest_route=\/wp\/v2\/posts\/13517","targetHints":{"allow":["GET"]}}],"collection":[{"href":"https:\/\/archives.regards.fr\/index.php?rest_route=\/wp\/v2\/posts"}],"about":[{"href":"https:\/\/archives.regards.fr\/index.php?rest_route=\/wp\/v2\/types\/post"}],"author":[{"embeddable":true,"href":"https:\/\/archives.regards.fr\/index.php?rest_route=\/wp\/v2\/users\/1039"}],"replies":[{"embeddable":true,"href":"https:\/\/archives.regards.fr\/index.php?rest_route=%2Fwp%2Fv2%2Fcomments&post=13517"}],"version-history":[{"count":0,"href":"https:\/\/archives.regards.fr\/index.php?rest_route=\/wp\/v2\/posts\/13517\/revisions"}],"wp:featuredmedia":[{"embeddable":true,"href":"https:\/\/archives.regards.fr\/index.php?rest_route=\/wp\/v2\/media\/31837"}],"wp:attachment":[{"href":"https:\/\/archives.regards.fr\/index.php?rest_route=%2Fwp%2Fv2%2Fmedia&parent=13517"}],"wp:term":[{"taxonomy":"category","embeddable":true,"href":"https:\/\/archives.regards.fr\/index.php?rest_route=%2Fwp%2Fv2%2Fcategories&post=13517"},{"taxonomy":"post_tag","embeddable":true,"href":"https:\/\/archives.regards.fr\/index.php?rest_route=%2Fwp%2Fv2%2Ftags&post=13517"}],"curies":[{"name":"wp","href":"https:\/\/api.w.org\/{rel}","templated":true}]}}