{"id":13511,"date":"2022-04-14T15:23:55","date_gmt":"2022-04-14T13:23:55","guid":{"rendered":"https:\/\/wp.muchomaas.com\/article-danielle-simonnet-dimanche-un-espoir-s-est-souleve-a-paris-dont-je-serai-la\/"},"modified":"2023-06-24T00:26:45","modified_gmt":"2023-06-23T22:26:45","slug":"article-danielle-simonnet-dimanche-un-espoir-s-est-souleve-a-paris-dont-je-serai-la","status":"publish","type":"post","link":"https:\/\/archives.regards.fr\/?p=13511","title":{"rendered":"Danielle Simonnet : \u00ab Dimanche, un espoir s\u2019est soulev\u00e9 \u00e0 Paris dont je serai la d\u00e9put\u00e9e \u00bb"},"content":{"rendered":"<p class=\"post_excerpt\">Si le r\u00e9sultat de Jean-Luc M\u00e9lenchon a cr\u00e9\u00e9 la surprise dimanche dernier, il est aussi venu bousculer radicalement le paysage politique de la capitale. Pr\u00e8s de 30 points d\u2019\u00e9cart le s\u00e9pare de la candidate socialiste, Anne Hidalgo, qui s\u2019est effondr\u00e9e \u00e0 2,2% dans sa propre ville \u2013 contre 1,7% \u00e0 l\u2019\u00e9chelle nationale. Danielle Simonnet, \u00e9lue LFI de Paris, est l\u2019invit\u00e9e de #LaMidinale.<\/p>\n<h2>UNE MIDINALE \u00c0 VOIR&#8230;<\/h2>\n<p><iframe loading=\"lazy\" width=\"490\" height=\"276\" src=\"https:\/\/www.youtube.com\/embed\/OyJyKMG9qXU\" title=\"YouTube video player\" frameborder=\"0\" allow=\"accelerometer; autoplay; clipboard-write; encrypted-media; gyroscope; picture-in-picture\" allowfullscreen><\/iframe><\/p>\n<p>&nbsp;<\/p>\n<p><h2>ET \u00c0 LIRE&#8230;<\/h2>\n<p><em> <strong>Sur le r\u00e9sultat de Jean-Luc M\u00e9lenchon<\/strong> <\/em><br \/>\n\u00ab Dimanche, j\u2019\u00e9tais \u00e0 la fois tr\u00e8s triste, d\u00e9\u00e7u et en m\u00eame temps hyper fi\u00e8re. \u00bb<br \/>\n\u00ab Dimanche, j\u2019ai vu les visages de ceux qui avaient esp\u00e9r\u00e9 que tout allait changer. \u00bb<br \/>\n\u00ab Nous avons fait la d\u00e9monstration que c\u2019\u00e9tait possible de faire barrage \u00e0 Marine Le Pen, de l\u2019\u00e9liminer d\u00e8s le premier tour et de changer le cours de l\u2019histoire. \u00bb<br \/>\n\u00ab \u00c7a s\u2019est jou\u00e9 de tr\u00e8s peu donc il y a de la col\u00e8re. \u00bb<br \/>\n\u00ab J\u2019ai vu dans les quartiers populaires, les jeunes, les familles, entre amis, les voisins se mobiliser en groupe. Il y a eu une vraie mobilisation populaire qui montre qu\u2019une conscience de classe s\u2019est acc\u00e9l\u00e9r\u00e9e. \u00bb<br \/>\n\u00ab Beaucoup d\u2019\u00e9lecteurs traditionnellement socialistes, \u00e9cologistes, communistes se sont dit que le bulletin M\u00e9lenchon \u00e9tait le seul \u00e0 pouvoir faire barrage et en m\u00eame temps ont fait un vote d\u2019adh\u00e9sion. \u00bb<br \/>\n\u00ab Une partie des \u00e9lecteurs ont \u00e9t\u00e9 plus responsables face \u00e0 l\u2019enjeu de l\u2019histoire que leur candidat et les enjeux d\u2019appareils. \u00bb<\/p>\n<p><em> <strong>Sur la social d\u00e9mocratie<\/strong> <\/em><br \/>\n\u00ab On est au lendemain de cette \u00e9lection avec trois blocs id\u00e9ologiques : le bloc extr\u00eame march\u00e9 avec Macron, le bloc d\u2019extr\u00eame droite et le bloc de l\u2019Union populaire qui incarne un programme de rupture. \u00bb<br \/>\n\u00ab La social d\u00e9mocratie d\u00e9rive forc\u00e9ment vers le lib\u00e9ralisme et la d\u00e9rive autoritaire institutionnelle. Les \u00e9lecteurs de gauche n\u2019en veulent plus. \u00bb<br \/>\n\u00ab Une \u00e9lection acc\u00e9l\u00e8re des prises de conscience et fait \u00e9merger un acteur politique collectif : c\u2019est ce que nous avons fait avec l\u2019Union populaire. \u00bb<\/p>\n<p><em> <strong>Sur les r\u00e9sultats \u00e0 Paris<\/strong> <\/em><br \/>\n\u00ab C\u2019est un \u00e9chec d\u2019Anne Hidalgo. \u00bb<br \/>\n\u00ab En dehors de sa chute \u00e0 l\u2019\u00e9chelle nationale, on aurait pu supputer qu\u2019\u00e0 Paris elle r\u00e9sisterait un peu plus. Et finalement, sur Paris, sont gu\u00e8re diff\u00e9rent de son score national. \u00bb<br \/>\n\u00ab L\u2019effondrement d\u2019Anne Hidalgo est total, Paris compris. \u00bb<br \/>\n\u00ab La politique d\u2019Anne Hidalgo, de gentrification, de b\u00e9tonisation, de privatisation a \u00e9t\u00e9 balay\u00e9e. \u00bb<br \/>\n\u00ab Les cat\u00e9gories populaires se sont massivement mobilis\u00e9s \u00e0 Paris et ont entra\u00een\u00e9 avec elles les classes moyennes en faveur de Jean-Luc M\u00e9lenchon. \u00bb<br \/>\n\u00ab J\u2019esp\u00e8re qu\u2019Anne Hidalgo va se rem\u00e9morer de l\u2019arrogance et du m\u00e9pris qu\u2019elle a eu contre moi lors de mes interventions au Conseil de Paris o\u00f9 elle me coupe la parole au bout d\u2019une minute au motif que mon temps de parole est \u00e9quivalent \u00e0 ce que je repr\u00e9sentais \u00e0 Paris. \u00bb<br \/>\n\u00ab J\u2019aborde le prochain conseil de Paris avec une certaine confiance personnelle que ce que je raconte est r\u00e9ellement attendu et partag\u00e9 par les Parisiens. Donc il va falloir que les \u00e9lus de la majorit\u00e9 l\u2019entendent. \u00bb<br \/>\n\u00ab La question de la l\u00e9gitimit\u00e9 d\u2019Anne Hidalgo est pos\u00e9e. \u00bb<br \/>\n\u00ab Il faut exiger un changement radical de la politique de la maire de Paris. \u00bb<\/p>\n<p><em> <strong>Sur les l\u00e9gislatives et les accords possibles<\/strong> <\/em><br \/>\n\u00ab Dimanche, un espoir s\u2019est soulev\u00e9 \u00e0 Paris dont je serai la d\u00e9put\u00e9e. \u00bb<br \/>\n\u00ab Je serai d\u00e9put\u00e9e de la 15\u00e8me circonscription de Paris &#8211; le c\u0153ur populaire du XX\u00e8me arrondissement. \u00bb<br \/>\n\u00ab Il y a un \u00e9lan de solidarit\u00e9 tr\u00e8s fort dans le XX\u00e8me arrondissement. \u00bb<br \/>\n\u00ab Il faut cr\u00e9er les conditions pour avoir un grand groupe \u00e0 l\u2019Assembl\u00e9e nationale qui emp\u00eachera toute majorit\u00e9 contraire aux int\u00e9r\u00eats du peuple, de voir le jour. \u00bb<br \/>\n\u00ab Depuis lundi matin, les gens m\u2019arr\u00eatent dans le XX\u00e8me pour me dire de tenir bon. \u00bb<br \/>\n\u00ab L\u2019espoir na\u00eet dimanche dernier se transforme aujourd\u2019hui en d\u00e9termination collective. \u00bb<br \/>\n\u00ab Nous devons penser le r\u00f4le des d\u00e9put\u00e9s qui aident \u00e0 l\u2019auto-organisation du peuple. \u00bb<br \/>\n\u00ab Je souhaite qu\u2019il y ait un accord sur des bases claires. \u00bb<br \/>\n\u00ab Dans le cadre d\u2019un accord, les r\u00e9sultats de dimanche dernier pourraient permettre aux \u00e9cologistes d\u2019obtenir un quart des circonscriptions. \u00c7a n\u2019est pas rien. C\u2019est respectueux. \u00bb<br \/>\n\u00ab On ne peut pas faire d\u2019union populaire sans contenu clair. \u00bb<\/p>\n<p><em> <strong>Sur l\u2019extr\u00eame droite<\/strong> <\/em><br \/>\n\u00ab Il n\u2019y a pas d\u2019extr\u00eame droite respectable. \u00bb<br \/>\n\u00ab \u00c0 Paris, l\u00e0 o\u00f9 l\u2019extr\u00eame droite fait le plus de voix, \u00e7a n\u2019est pas dans les quartiers populaires, mais les beaux quartiers. \u00bb`<br \/>\n\u00ab Notre programme n\u2019a pas encore r\u00e9ussi \u00e0 convaincre dans les zones rurales et c\u2019est tout l\u2019enjeu \u00e0 venir : travailler \u00e0 des ancrages locaux. \u00bb<br \/>\n\u00ab Il y a beaucoup plus d\u2019\u00e9lecteurs d\u2019autres formations politiques &#8211; type LR ou PS &#8211; qui s\u2019appr\u00eatent \u00e0 voter Le Pen qu\u2019il n\u2019y en a \u00e0 l\u2019Union populaire. \u00bb<br \/>\n\u00ab Je le redis : pas une voix pour Marine Le Pen. \u00bb<br \/>\n\u00ab C\u2019est \u00e0 Emmanuel Macron de convaincre. Nous, on a fait le taf. \u00bb<\/p>\n<p><em> <strong>Sur l\u2019avenir de Jean-Luc M\u00e9lenchon<\/strong> <\/em><br \/>\n\u00ab Je suis fi\u00e8re de notre belle \u00e9quipe. \u00bb<br \/>\n\u00ab Jean-Luc M\u00e9lenchon a fait \u00e9merg\u00e9 une nouvelle g\u00e9n\u00e9ration. \u00bb<br \/>\n\u00ab Je connais tr\u00e8s bien Jean-Luc M\u00e9lenchon et je suis fi\u00e8re de cet homme-l\u00e0 parce que jusqu\u2019\u00e0 la derni\u00e8re seconde de sa vie, restera un combattant. Jusqu\u2019\u00e0 la derni\u00e8re seconde de sa vie, il se consacrera pleinement \u00e0 la bataille politique. \u00bb<div id='gallery-1' class='gallery galleryid-13511 gallery-columns-3 gallery-size-thumbnail'><figure class='gallery-item'>\n\t\t\t<div class='gallery-icon landscape'>\n\t\t\t\t<a href='https:\/\/archives.regards.fr\/wp-content\/uploads\/2022\/04\/article_midinale-59-611.png'><img loading=\"lazy\" decoding=\"async\" width=\"150\" height=\"150\" src=\"https:\/\/archives.regards.fr\/wp-content\/uploads\/2022\/04\/article_midinale-59-611-150x150.png\" class=\"attachment-thumbnail size-thumbnail\" alt=\"article_midinale-59.png\" \/><\/a>\n\t\t\t<\/div><\/figure>\n\t\t<\/div>\n<\/p>\n","protected":false},"excerpt":{"rendered":"<p>Si le r\u00e9sultat de Jean-Luc M\u00e9lenchon a cr\u00e9\u00e9 la surprise dimanche dernier, il est aussi venu bousculer radicalement le paysage politique de la capitale. Pr\u00e8s de 30 points d\u2019\u00e9cart le s\u00e9pare de la candidate socialiste, Anne Hidalgo, qui s\u2019est effondr\u00e9e \u00e0 2,2% dans sa propre ville \u2013 contre 1,7% \u00e0 l\u2019\u00e9chelle nationale. Danielle Simonnet, \u00e9lue LFI de Paris, est l\u2019invit\u00e9e de #LaMidinale.<\/p>\n","protected":false},"author":1039,"featured_media":31827,"comment_status":"open","ping_status":"open","sticky":false,"template":"","format":"standard","meta":{"_themeisle_gutenberg_block_has_review":false,"footnotes":""},"categories":[238],"tags":[293,295],"class_list":["post-13511","post","type-post","status-publish","format-standard","has-post-thumbnail","hentry","category-la-midinale","tag-entretien","tag-nupes"],"_links":{"self":[{"href":"https:\/\/archives.regards.fr\/index.php?rest_route=\/wp\/v2\/posts\/13511","targetHints":{"allow":["GET"]}}],"collection":[{"href":"https:\/\/archives.regards.fr\/index.php?rest_route=\/wp\/v2\/posts"}],"about":[{"href":"https:\/\/archives.regards.fr\/index.php?rest_route=\/wp\/v2\/types\/post"}],"author":[{"embeddable":true,"href":"https:\/\/archives.regards.fr\/index.php?rest_route=\/wp\/v2\/users\/1039"}],"replies":[{"embeddable":true,"href":"https:\/\/archives.regards.fr\/index.php?rest_route=%2Fwp%2Fv2%2Fcomments&post=13511"}],"version-history":[{"count":0,"href":"https:\/\/archives.regards.fr\/index.php?rest_route=\/wp\/v2\/posts\/13511\/revisions"}],"wp:featuredmedia":[{"embeddable":true,"href":"https:\/\/archives.regards.fr\/index.php?rest_route=\/wp\/v2\/media\/31827"}],"wp:attachment":[{"href":"https:\/\/archives.regards.fr\/index.php?rest_route=%2Fwp%2Fv2%2Fmedia&parent=13511"}],"wp:term":[{"taxonomy":"category","embeddable":true,"href":"https:\/\/archives.regards.fr\/index.php?rest_route=%2Fwp%2Fv2%2Fcategories&post=13511"},{"taxonomy":"post_tag","embeddable":true,"href":"https:\/\/archives.regards.fr\/index.php?rest_route=%2Fwp%2Fv2%2Ftags&post=13511"}],"curies":[{"name":"wp","href":"https:\/\/api.w.org\/{rel}","templated":true}]}}