{"id":13488,"date":"2022-04-06T18:04:39","date_gmt":"2022-04-06T16:04:39","guid":{"rendered":"https:\/\/wp.muchomaas.com\/article-sebastien-vincini-porte-parole-d-anne-hidalgo-la-gauche-n-est-pas-que-radicale\/"},"modified":"2023-06-24T00:26:32","modified_gmt":"2023-06-23T22:26:32","slug":"article-sebastien-vincini-porte-parole-d-anne-hidalgo-la-gauche-n-est-pas-que-radicale","status":"publish","type":"post","link":"https:\/\/archives.regards.fr\/?p=13488","title":{"rendered":"S\u00e9bastien Vincini, porte-parole d&#8217;Anne Hidalgo : \u00ab La gauche n&#8217;est pas que radicale \u00bb"},"content":{"rendered":"<p class=\"post_excerpt\">Alors que la candidate du Parti socialiste est cr\u00e9dit\u00e9e de moins de 3% dans les sondages, on fait le point sur la campagne dans la Midinale avec Sebastien Vincini, maire de Cintegabelle en Haute-Garonne, porte-parole d&#8217;Anne Hidalgo.\n<\/p>\n<h2>UNE MIDINALE \u00c0 VOIR&#8230;<\/h2>\n<p><iframe loading=\"lazy\" width=\"490\" height=\"276\" src=\"https:\/\/www.youtube.com\/embed\/yjBe-iGxN3o\" title=\"YouTube video player\" frameborder=\"0\" allow=\"accelerometer; autoplay; clipboard-write; encrypted-media; gyroscope; picture-in-picture\" allowfullscreen><\/iframe><\/p>\n<p>&nbsp;<\/p>\n<p><h2>ET \u00c0 LIRE&#8230;<\/h2>\n<p><strong>Sur un premier bilan de la campagne d\u2019Anne Hidalgo \u00e0 quelques jours du premier tour<\/strong><br \/>\n\u00ab Il faut \u00eatre lucide sur les dynamiques sondagi\u00e8res : en toute hypoth\u00e8se, nous n\u2019allons pas nous qualifier pour le second tour de la pr\u00e9sidentielle. Pour autant, Anne Hidalgo a port\u00e9 une vision de la France apais\u00e9e et sereine et la d\u00e9fense d\u2019un mod\u00e8le social r\u00e9publicain la\u00efc d\u2019une gauche qui a port\u00e9 les grandes avanc\u00e9es sociales et soci\u00e9tales du si\u00e8cle pr\u00e9c\u00e9dent et de ce d\u00e9but de mill\u00e9naire. \u00bb<br \/>\n\u00ab Malheureusement, notre discours n\u2019a pas \u00e9t\u00e9 audible : on n\u2019a pas su aller trouver notre \u00e9lectorat comme on l\u2019avait fait aux pr\u00e9c\u00e9dentes \u00e9lections r\u00e9gionales et territoriales. \u00bb<br \/>\n\u00ab Nous n\u2019avons pas su rassembler la gauche et aller conqu\u00e9rir les coeurs. \u00bb<\/p>\n<p><strong>Etre socialiste aujourd\u2019hui<\/strong><br \/>\n\u00ab Le Parti socialiste, c\u2019est un appareil mais \u00eatre socialiste, \u00e7a d\u00e9passe cet appareil. C\u2019est une vision des luttes contre les intol\u00e9rances et les injustices. L\u00e9on Blum d\u00e9crivait \u00e7a sous une forme d\u2019altruisme : il parlait de socialisme du coeur. \u00bb<br \/>\n\u00ab Le socialisme, c\u2019est une communaut\u00e9 de femmes et d\u2019hommes qui s\u2019engagent en portant des valeurs pour am\u00e9liorer des gens. \u00bb<br \/>\n\u00ab Socialiste, on l\u2019est sans appartenir forc\u00e9ment au Parti socialiste : on l\u2019est quand on est engag\u00e9 dans l\u2019\u00e9ducation populaire, quand on est engag\u00e9 dans une ONG et qu\u2019on m\u00e8ne des combats contre des injustices, contre les violences faites aux femmes, contre le changement climatique. \u00bb<br \/>\n\u00ab Le socialisme m\u00e9ritera d\u2019\u00eatre red\u00e9fini parce que beaucoup nous reprochent d\u2019utiliser des mots-valises qui ont perdu leur sens. \u00bb<br \/>\n \u00ab On nous reconnait dans l\u2019action locale de ce que l\u2019on fait pour d\u00e9fendre des services publics, pour conqu\u00e9rir de nouveaux droits localement, pour prot\u00e9ger les gens contre une mondialisation qui n\u2019est pas heureuse pour tout le monde. \u00bb<br \/>\n\u00ab Pas seulement dans les p\u00e9riurbains, le rural ou dans les quartiers, il y a une r\u00e9alit\u00e9 de gens qui sont \u00e0 c\u00f4t\u00e9 de la mondialisation heureuse d\u00e9crite par Macron. \u00bb<br \/>\n\u00ab Des socialistes, il y a en aura demain, quelque soit le r\u00e9sultat \u00e0 la pr\u00e9sidentielle. \u00bb<\/p>\n<p><strong>Sur le bilan de Fran\u00e7ois Hollande<\/strong><br \/>\n\u00ab Cette question [du bilan de Fran\u00e7ois Hollande] nous est fr\u00e9quemment renvoy\u00e9e sur les march\u00e9s, par notre \u00e9lectorat alors que ce n\u2019\u00e9tait pas le cas lors des derni\u00e8res \u00e9lections municipales ou r\u00e9gionales. \u00bb<br \/>\n\u00ab On a dress\u00e9 le bilan du quinquennat de Fran\u00e7ois Hollande avec des paroles fortes \u00e0 tel point que certains des n\u00f4tres nous critiquaient d\u2019avoir eu un regard que l\u2019on estimait juste sur le mandat de Hollande. \u00bb<br \/>\n\u00ab La gauche que l\u2019on veut incarner demain, ce n\u2019est pas celle d\u2019un n\u00e9olib\u00e9ralisme et encore moins de social-lib\u00e9ralisme. La gauche que l\u2019on veut incarner, c\u2019est celle qui \u00e9pouse \u00e0 la fois la dimension sociale dans un monde de plus en plus injuste et le d\u00e9fi climatique. \u00bb<br \/>\n\u00ab Il faut retrouver une composition de la gauche qui permettent l\u2019alternance. \u00bb<\/p>\n<p><strong>Sur le rassemblement \u00e0 gauche<\/strong><br \/>\n\u00ab Aujourd\u2019hui, ceux qui ont quitt\u00e9 le Parti socialiste pour rejoindre Emmanuel Macron se fourvoient par rapport \u00e0 leur id\u00e9al de justice : il n\u2019y a rien dans ce que Macron incarne ou dans sa vision de la soci\u00e9t\u00e9 qui rel\u00e8ve de la justice sociale, de l\u2019\u00e9galit\u00e9 et encore moins de la fraternit\u00e9. C\u2019est le monde de l\u2019arrogance, des puissants, des tenants de la mondialisation heureuse et une conception de la solidarit\u00e9 qui s\u2019apparente \u00e0 la charit\u00e9 et \u00e0 l\u2019aum\u00f4ne. \u00bb<br \/>\n\u00ab Le probl\u00e8me, ce n\u2019est pas uniquement le bilan de Fran\u00e7ois Hollande mais \u00e0 la mani\u00e8re dont nous avons rompu avec une filiation et une tradition du Parti socialiste alors dominant avec toujours en son sein, des leaders qui avaient une volont\u00e9 du rassemblement du peuple de la gauche. \u00bb<br \/>\n\u00ab [Dans le pass\u00e9], d\u00e8s la premi\u00e8re nomination du gouvernement, il y avait d\u00e9j\u00e0 un rassemblement. En notre propre sein, le parti \u00e9tait beaucoup plus \u00e9largi : il ne faut pas oublier que le Parti socialiste allait de Jean-Luc M\u00e9lenchon \u00e0 Dominique Strauss-Kahn. \u00bb<br \/>\n\u00ab Il y avait de la diversit\u00e9 vivace au sein du Parti socialiste et pour autant, il y avait aussi le rassemblement. \u00bb<br \/>\n\u00ab On n\u2019a jamais nomm\u00e9 un premier gouvernement sans avoir le Parti communiste, des radicaux de gauche, des soci\u00e9t\u00e9s civiles issues de la gauche intellectuelle et associative. Dans le premier gouvernement sous Fran\u00e7ois Hollande, il n\u2019y a d\u00e9j\u00e0 pas le rassemblement de la gauche. \u00bb<br \/>\n\u00ab C\u2019\u00e9tait la tradition de Fran\u00e7ois Mitterrand et de Lionel Jospin de rassembler le camp du progr\u00e8s social dans sa diversit\u00e9 qui permet de b\u00e2tir des compromis, des projets gouvernementaux qui permet de r\u00e9pondre \u00e0 des aspirations beaucoup plus larges. \u00bb<br \/>\n\u00ab Je n\u2019ai jamais confondu ma gauche et ma droite. \u00bb<br \/>\n\u00ab Je fais le constat de ce qui nous a men\u00e9 \u00e0 l\u2019\u00e9chec : ce n\u2019est pas une mesure ou une loi entre 2012 et 2017 mais c\u2019est un probl\u00e8me de vision de comment on \u00e9pouse un camp qui est large et qui n\u2019est pas que celui du Parti socialiste. \u00bb<br \/>\n\u00ab Depuis 2018, nous avons tent\u00e9 \u00e0 la fois le d\u00e9passement et le rassemblement avec les europ\u00e9ennes notamment (\u2026) mais aussi dans les \u00e9lections municipales avec des succ\u00e8s comme Paris en Commun qui est un rassemblement bien plus large que le Parti socialiste (\u2026). C\u2019est \u00e7a que nous n\u2019avons pas r\u00e9ussi \u00e0 l\u2019incarner mais toute la gauche n\u2019a pas r\u00e9ussi \u00e0 l\u2019incarner et \u00e0 d\u00e9passer son propre socle. \u00bb<br \/>\n\u00ab La gauche est dans un climat d\u00e9l\u00e9t\u00e8re de bataille d\u2019\u00e9gos d\u00e8s le d\u00e9part : quand il y a des propositions de la part d\u2019Anne Hidalgo de d\u00e9battre \u00e0 gauche, c\u2019est refus\u00e9. \u00bb<br \/>\n\u00ab Le sujet, c\u2019est de savoir si l\u2019on peut partager une vision commune, savoir quelles \u00e9taient nos nuances et nos divergences mais surtout savoir si l\u2019on peut gouverner ensemble. C\u2019est \u00e7a le sujet d\u2019une pr\u00e9sidentielle : une fois que l\u2019on a \u00e9lu un pr\u00e9sident, il faut une majorit\u00e9 derri\u00e8re. \u00bb<br \/>\n\u00ab Si je fais abstraction de l\u2019Union populaire et que je me concentre sur les socialistes et les \u00e9cologistes, on d\u00e9marre les \u00e9lections pr\u00e9sidentielles \u00e0 18% fin septembre &#8211; d\u00e9but octobre 2021. Aujourd\u2019hui, on n\u2019est m\u00eame pas \u00e0 8 ! \u00bb<\/p>\n<p><strong>Sur Jean-Luc M\u00e9lenchon<\/strong><br \/>\n\u00ab Jean-Luc M\u00e9lenchon aurait pu incarner un rassemblement de la gauche. En 2017, avec le score qu\u2019il fait, il aurait pu avoir une posture mitterrandienne de rassemblement mais il n\u2019a m\u00eame plus utilis\u00e9 la terminologie \u201crassemblement de la gauche\u201d, \u00e7a a \u00e9t\u00e9 le peuple contre l\u2019\u00e9lite, il a construit une autre rh\u00e9torique tourn\u00e9e exclusivement sur sa personne. Et malheureusement, \u00e7a le conduit \u00e0 \u00eatre plafonn\u00e9\u2026 \u00bb<br \/>\n \u00ab [Le vote utile \u00e0 gauche] aurait eu tout son sens s\u2019il avait \u00e9t\u00e9 dans une d\u00e9marche de construction. \u00bb<br \/>\n\u00ab La gauche dans sa pluralit\u00e9 a souvent eu plusieurs candidats \u00e0 l\u2019\u00e9lection pr\u00e9sidentielle mais il n\u2019y avait pas de doute sur un projet gouvernemental et de rassemblement pour la suite. Electoralement, il y avait une force propulsive et, \u00e0 un moment donn\u00e9, les uns appelaient \u00e0 voter pour les autres et une m\u00e9canique l\u00e9gislative se mettait en branle. \u00bb<br \/>\n\u00ab Il ne peut pas y avoir de d\u00e9sistement avec un vote utile \u00e0 gauche parce qu\u2019il n\u2019est pas port\u00e9 comme cela [par Jean-Luc M\u00e9lenchon]. \u00bb<br \/>\n\u00ab On voit bien qu\u2019il y a un changement de posture de Jean-Luc M\u00e9lenchon mais il est bien trop tardif : on a pass\u00e9 notre temps \u00e0 se combattre, \u00e0 se rejeter la responsabilit\u00e9 de la division et \u00e0 ne pas voir que l\u2019on est tous en train de cheminer pour les m\u00eames causes. \u00bb<br \/>\n\u00ab La question du pouvoir d\u2019achat est centrale dans le projet de Jean-Luc M\u00e9lenchon mais elle est aussi centrale dans ce qu\u2019apporte Anne Hidalgo. Pareil pour la question de la transition \u00e9nerg\u00e9tique. Mais les convergences ne sont pas b\u00e2ties. Donc on ne peut pas demander \u00e0 des gens qui ont pass\u00e9 tout ce temps \u00e0 se confronter de construire un bout de chemin. \u00bb<br \/>\n\u00ab Sur la radicalit\u00e9, certains \u00e9lecteurs sont un peu perdus : la gauche n\u2019est pas que radicale. Il y a tout un spectre de gauche. \u00bb<br \/>\n\u00ab Une partie du vote utile \u00e0 gauche, en dehors des f\u00e9lonies et des tra\u00eetrises, va voter Macron par peur du Front National. \u00bb<br \/>\n\u00ab Dans son premier et seul meeting, Macron est arriv\u00e9 avec l\u2019arrogance d\u2019avoir tout fait\u2026 Mais dans quel monde vit-il ? C\u2019est tr\u00e8s dangereux. \u00bb<\/p>\n<p><strong>Sur la suite \u00e0 gauche et au Parti socialiste apr\u00e8s les \u00e9lections pr\u00e9sidentielle et l\u00e9gislatives<\/strong><br \/>\n\u00ab Je ne suis pas s\u00fbr qu\u2019un congr\u00e8s soit de nature \u00e0 redonner confiance au peuple de gauche et aux classes populaires. \u00bb<br \/>\n\u00ab Dans une soci\u00e9t\u00e9 moderne, sommes-nous condamn\u00e9s \u00e0 choisir entre la radicalit\u00e9 de l\u2019extr\u00eame droite et le lib\u00e9ralisme qui nous explique que \u00e7a va ruisseler. Il faut que le camp du progr\u00e8s s\u2019interroge. \u00bb<br \/>\n\u00ab Les femmes et les hommes de gauche sont prisonniers de leurs propres appareils. Je vais consacrer mon \u00e9nergie \u00e0 d\u00e9passer tout cela. \u00bb<div id='gallery-1' class='gallery galleryid-13488 gallery-columns-3 gallery-size-thumbnail'><figure class='gallery-item'>\n\t\t\t<div class='gallery-icon landscape'>\n\t\t\t\t<a href='https:\/\/archives.regards.fr\/wp-content\/uploads\/2022\/04\/article_midinale-53-2ba.png'><img loading=\"lazy\" decoding=\"async\" width=\"150\" height=\"150\" src=\"https:\/\/archives.regards.fr\/wp-content\/uploads\/2022\/04\/article_midinale-53-2ba-150x150.png\" class=\"attachment-thumbnail size-thumbnail\" alt=\"article_midinale-53.png\" \/><\/a>\n\t\t\t<\/div><\/figure>\n\t\t<\/div>\n<\/p>\n","protected":false},"excerpt":{"rendered":"<p>Alors que la candidate du Parti socialiste est cr\u00e9dit\u00e9e de moins de 3% dans les sondages, on fait le point sur la campagne dans la Midinale avec Sebastien Vincini, maire de Cintegabelle en Haute-Garonne, porte-parole d&#8217;Anne Hidalgo.<\/p>\n","protected":false},"author":1204,"featured_media":31757,"comment_status":"open","ping_status":"open","sticky":false,"template":"","format":"standard","meta":{"_themeisle_gutenberg_block_has_review":false,"footnotes":""},"categories":[238],"tags":[],"class_list":["post-13488","post","type-post","status-publish","format-standard","has-post-thumbnail","hentry","category-la-midinale"],"_links":{"self":[{"href":"https:\/\/archives.regards.fr\/index.php?rest_route=\/wp\/v2\/posts\/13488","targetHints":{"allow":["GET"]}}],"collection":[{"href":"https:\/\/archives.regards.fr\/index.php?rest_route=\/wp\/v2\/posts"}],"about":[{"href":"https:\/\/archives.regards.fr\/index.php?rest_route=\/wp\/v2\/types\/post"}],"author":[{"embeddable":true,"href":"https:\/\/archives.regards.fr\/index.php?rest_route=\/wp\/v2\/users\/1204"}],"replies":[{"embeddable":true,"href":"https:\/\/archives.regards.fr\/index.php?rest_route=%2Fwp%2Fv2%2Fcomments&post=13488"}],"version-history":[{"count":0,"href":"https:\/\/archives.regards.fr\/index.php?rest_route=\/wp\/v2\/posts\/13488\/revisions"}],"wp:featuredmedia":[{"embeddable":true,"href":"https:\/\/archives.regards.fr\/index.php?rest_route=\/wp\/v2\/media\/31757"}],"wp:attachment":[{"href":"https:\/\/archives.regards.fr\/index.php?rest_route=%2Fwp%2Fv2%2Fmedia&parent=13488"}],"wp:term":[{"taxonomy":"category","embeddable":true,"href":"https:\/\/archives.regards.fr\/index.php?rest_route=%2Fwp%2Fv2%2Fcategories&post=13488"},{"taxonomy":"post_tag","embeddable":true,"href":"https:\/\/archives.regards.fr\/index.php?rest_route=%2Fwp%2Fv2%2Ftags&post=13488"}],"curies":[{"name":"wp","href":"https:\/\/api.w.org\/{rel}","templated":true}]}}