{"id":13480,"date":"2022-04-01T18:28:39","date_gmt":"2022-04-01T16:28:39","guid":{"rendered":"https:\/\/wp.muchomaas.com\/article-c-est-la-1ere-fois-que-les-ecologistes-comptent-et-sont-pris-au-serieux-lors-d\/"},"modified":"2023-06-24T00:26:29","modified_gmt":"2023-06-23T22:26:29","slug":"article-c-est-la-1ere-fois-que-les-ecologistes-comptent-et-sont-pris-au-serieux-lors-d","status":"publish","type":"post","link":"https:\/\/archives.regards.fr\/?p=13480","title":{"rendered":"\u00abC\u2019est la 1\u00e8re fois que les \u00e9cologistes comptent et sont pris au s\u00e9rieux lors d&#8217;une pr\u00e9sidentielle\u00bb"},"content":{"rendered":"<p class=\"post_excerpt\">A J-9 du premier tour, la candidature du candidat \u00e9cologiste Yannick Jadot ne semble pas vouloir d\u00e9coller dans les sondages. On en parle dans la Midinale avec Sandra Regol, secr\u00e9taire nationale adjointe d&#8217;Europe-Ecologie-Les Verts.<\/p>\n<h2>UNE MIDINALE \u00c0 VOIR&#8230;<\/h2>\n<p><iframe loading=\"lazy\" width=\"490\" height=\"276\" src=\"https:\/\/www.youtube.com\/embed\/l28Bi2B6-Gw\" title=\"YouTube video player\" frameborder=\"0\" allow=\"accelerometer; autoplay; clipboard-write; encrypted-media; gyroscope; picture-in-picture\" allowfullscreen><\/iframe><\/p>\n<p>&nbsp;<\/p>\n<p><h2>ET \u00c0 LIRE&#8230;<\/h2>\n<p><strong>Sur la derni\u00e8re semaine de campagne<\/strong><br \/>\n\u00ab On va continuer \u00e0 analyser la situation, expliquer pourquoi \u00e7a ne va pas et \u00e0 porter nos solutions qui sont sp\u00e9cifiquement \u00e9cologistes. \u00bb<br \/>\n\u00ab Il reste tr\u00e8s peu de place dans le paysage politique habituel droite\/gauche pour arriver \u00e0 porter un autre champ qui est celui de l\u2019\u00e9cologie. \u00bb<br \/>\n\u00ab C\u2019est la premi\u00e8re fois pour une pr\u00e9sidentielle que les \u00e9cologistes comptent et sont pris au s\u00e9rieux. \u00bb<br \/>\n\u00ab L\u2019\u00e9cologie s\u2019ancre dans les territoires ruraux et urbains. \u00bb<br \/>\n\u00ab Je suis assez sereine. \u00bb<\/p>\n<p><strong>Sur le plaisir de voter<\/strong><br \/>\n\u00ab Depuis que le vote utile est sollicit\u00e9 \u00e0 chaque \u00e9lection, j\u2019ai l\u2019impression que l\u2019on va vers toujours plus de casse sociale, de progression de l\u2019extr\u00eame droite et de plus en plus d\u2019abstention. \u00bb<br \/>\n\u00ab C\u2019est compliqu\u00e9 de se motiver \u00e0 aller voter pour ce en quoi on croit quand on final, c\u2019est \u00e0 chaque fois Koh-Lanta, \u00e0 la fin il ne reste qu\u2019un gagnant qui d\u00e9cide tout seul pendant cinq de l\u2019avenir de la nation et de nos vies. \u00bb<br \/>\n\u00ab Peut-\u00eatre qu\u2019il serait temps d\u2019accepter une d\u00e9mocratie vivante. \u00bb<br \/>\n\u00ab On a besoin de changements institutionnels et notamment de proportionnelle. C\u2019\u00e9tait une grande promesse du candidat Emmanuel Macron en 2017 qu\u2019il n\u2019a pas respect\u00e9. \u00bb<\/p>\n<p><strong>La tentation du vote utile<\/strong><br \/>\n\u00ab Il y a un tapage m\u00e9diatique qui met la pression sur les \u00e9lecteurs, comme c\u2019\u00e9tait le cas lors des \u00e9lections pr\u00e9c\u00e9dentes. \u00bb<br \/>\n\u00ab Je comprends que les gens se posent la question du vote utile mais on peut aussi se poser la question de ce que \u00e7a veut dire de n\u2019avoir que le choix d\u2019un vote contraint. \u00bb<br \/>\n\u00ab M\u00e9lenchon a \u00e9t\u00e9 le premier \u00e0 d\u00e9crier le vote utile. \u00bb<br \/>\n\u00ab Je n\u2019ai jamais eu d\u2019affect pour le vote utile qui est qu\u2019un vote strat\u00e8ge. \u00bb<br \/>\n\u00ab Il n\u2019est pas normal que dans une grande d\u00e9mocratie comme la France, on en soit r\u00e9duit \u00e0 choisir le moins pire. \u00bb<\/p>\n<p><strong>Sur le danger de l\u2019extr\u00eame droite et les attaques contre M\u00e9lenchon<\/strong><br \/>\n\u00ab On ne tape \u00e0 bras raccourcis contre M\u00e9lenchon. \u00bb<br \/>\n\u00ab On a des divergences politiques et \u00e7a n\u2019est pas nouveau. Elles ont toujours \u00e9t\u00e9 assum\u00e9es. \u00bb<br \/>\n\u00ab Nous sommes non-align\u00e9s, on mise sur l\u2019Europe pour ne d\u00e9pendre ni sur les Etats-Unis ni sur la Russie, la Chine ou d\u2019autres. \u00bb<br \/>\n\u00ab Nous n\u2019avons jamais \u00e9t\u00e9 align\u00e9s sur les Etats-Unis. \u00bb<br \/>\n\u00ab M\u00e9lenchon, Roussel et Hidalgo nous sommes de se joindre \u00e0 l\u2019unit\u00e9. Quelle unit\u00e9 ? Qui tape sur qui ? \u00bb<br \/>\n\u00ab Avec le recours aux armes en Ukraine, nous avons fait un pas de c\u00f4t\u00e9 par rapport \u00e0 ce qu\u2019\u00e9tait notre ligne pacifiste. \u00bb<br \/>\n\u00ab Poutine a franchi la ligne rouge. \u00bb<br \/>\n\u00ab M\u00e9lenchon, Roussel et Hidalgo font partie d\u2019une famille politique &#8211; socialiste &#8211; dans laquelle l\u2019h\u00e9g\u00e9monie est le fil rouge. \u00bb<br \/>\n\u00ab L\u2019h\u00e9g\u00e9monie politique n\u2019est pas notre fil rouge. Nous sommes pr\u00eats \u00e0 discuter avec tout le monde. \u00bb<\/p>\n<p><strong>Sur l\u2019urgence \u00e9cologique<\/strong><br \/>\n\u00ab On confond souvent \u00e9cologie et environnement. L\u2019\u00e9cologie, c\u2019est le combat pour la justice sociale et environnementale &#8211; \u00e7a englobe tous les secteurs de la vie de la nation. Et l\u2019environnement, \u00e7a concerne la protection de la nature. \u00bb<br \/>\n\u00ab Tout le monde se dit \u00e9cologistes mais beaucoup de partis ne se posent que quelques questions li\u00e9es \u00e0 l\u2019environnement. \u00bb<br \/>\n\u00ab Aujourd\u2019hui, personne n\u2019arrive \u00e0 se figurer ce que pourrait \u00eatre une gouvernance \u00e9colo : c\u2019est un frein r\u00e9el et normal au d\u00e9veloppement de l\u2019\u00e9cologie politique. Mais on progresse quand m\u00eame malgr\u00e9 \u00e7a ! \u00bb<br \/>\n\u00ab L\u2019\u00eatre humain a du mal \u00e0 se figurer ce qu\u2019il va \u00eatre demain\u2026 Et de fait, demain, avec le r\u00e9chauffement climatique, nos existences vont devenir difficiles. Aujourd\u2019hui, on en vit les premiers effets. \u00bb<br \/>\n\u00ab Tous ces effets d\u00e9vastateurs deviennent malheureusement tr\u00e8s concrets mais rien ne change\u2026 \u00bb<br \/>\n\u00ab Ce n\u2019est pas aux gens de devoir changer leur mode de vie pour que l\u2019\u00e9cologie progresse mais aux gouvernements et aux politiques de leur donner les moyens pour qu\u2019on ait une soci\u00e9t\u00e9 dans laquelle on puisse lutter naturellement et globalement. \u00bb<\/p>\n<p><strong>Sur le nucl\u00e9aire<\/strong><br \/>\n\u00ab Yannick Jadot propose une loi de s\u00e9paration des lobbies et de l\u2019Etat. \u00bb<br \/>\n\u00ab On voit aujourd\u2019hui les effets des lobbies pro-nucl\u00e9aires sur la population fran\u00e7aise. \u00bb<br \/>\n\u00ab Beaucoup d\u2019argent a \u00e9t\u00e9 mis sur une autre mythologie pro-nucl\u00e9aire et le nucl\u00e9aire est devenu le meilleur alli\u00e9 de ceux qui sont sensibles au climat. \u00bb<br \/>\n\u00ab Des campagnes pro-nucl\u00e9aires sont sorties, notamment au niveau des \u00e9coles d\u2019ing\u00e9nieur pour que, d\u00e8s l\u2019origine, il y ait une assurance que les gens soient bien pro-nucl\u00e9aires. \u00bb<div id='gallery-1' class='gallery galleryid-13480 gallery-columns-3 gallery-size-thumbnail'><figure class='gallery-item'>\n\t\t\t<div class='gallery-icon landscape'>\n\t\t\t\t<a href='https:\/\/archives.regards.fr\/wp-content\/uploads\/2022\/04\/article_midinale-50-6c0.png'><img loading=\"lazy\" decoding=\"async\" width=\"150\" height=\"150\" src=\"https:\/\/archives.regards.fr\/wp-content\/uploads\/2022\/04\/article_midinale-50-6c0-150x150.png\" class=\"attachment-thumbnail size-thumbnail\" alt=\"article_midinale-50.png\" \/><\/a>\n\t\t\t<\/div><\/figure>\n\t\t<\/div>\n<\/p>\n","protected":false},"excerpt":{"rendered":"<p>A J-9 du premier tour, la candidature du candidat \u00e9cologiste Yannick Jadot ne semble pas vouloir d\u00e9coller dans les sondages. On en parle dans la Midinale avec Sandra Regol, secr\u00e9taire nationale adjointe d&#8217;Europe-Ecologie-Les Verts.<\/p>\n","protected":false},"author":1204,"featured_media":31736,"comment_status":"open","ping_status":"open","sticky":false,"template":"","format":"standard","meta":{"_themeisle_gutenberg_block_has_review":false,"footnotes":""},"categories":[238],"tags":[],"class_list":["post-13480","post","type-post","status-publish","format-standard","has-post-thumbnail","hentry","category-la-midinale"],"_links":{"self":[{"href":"https:\/\/archives.regards.fr\/index.php?rest_route=\/wp\/v2\/posts\/13480","targetHints":{"allow":["GET"]}}],"collection":[{"href":"https:\/\/archives.regards.fr\/index.php?rest_route=\/wp\/v2\/posts"}],"about":[{"href":"https:\/\/archives.regards.fr\/index.php?rest_route=\/wp\/v2\/types\/post"}],"author":[{"embeddable":true,"href":"https:\/\/archives.regards.fr\/index.php?rest_route=\/wp\/v2\/users\/1204"}],"replies":[{"embeddable":true,"href":"https:\/\/archives.regards.fr\/index.php?rest_route=%2Fwp%2Fv2%2Fcomments&post=13480"}],"version-history":[{"count":0,"href":"https:\/\/archives.regards.fr\/index.php?rest_route=\/wp\/v2\/posts\/13480\/revisions"}],"wp:featuredmedia":[{"embeddable":true,"href":"https:\/\/archives.regards.fr\/index.php?rest_route=\/wp\/v2\/media\/31736"}],"wp:attachment":[{"href":"https:\/\/archives.regards.fr\/index.php?rest_route=%2Fwp%2Fv2%2Fmedia&parent=13480"}],"wp:term":[{"taxonomy":"category","embeddable":true,"href":"https:\/\/archives.regards.fr\/index.php?rest_route=%2Fwp%2Fv2%2Fcategories&post=13480"},{"taxonomy":"post_tag","embeddable":true,"href":"https:\/\/archives.regards.fr\/index.php?rest_route=%2Fwp%2Fv2%2Ftags&post=13480"}],"curies":[{"name":"wp","href":"https:\/\/api.w.org\/{rel}","templated":true}]}}