{"id":13479,"date":"2022-04-01T09:50:39","date_gmt":"2022-04-01T07:50:39","guid":{"rendered":"https:\/\/wp.muchomaas.com\/article-le-probleme-du-puy-du-fou-n-est-pas-le-divertissement-mais-le-discours\/"},"modified":"2023-06-24T00:26:29","modified_gmt":"2023-06-23T22:26:29","slug":"article-le-probleme-du-puy-du-fou-n-est-pas-le-divertissement-mais-le-discours","status":"publish","type":"post","link":"https:\/\/archives.regards.fr\/?p=13479","title":{"rendered":"\u00ab Le probl\u00e8me du Puy du Fou n\u2019est pas le divertissement mais le discours politique derri\u00e8re \u00bb"},"content":{"rendered":"<p class=\"post_excerpt\">Le Puy du Fou serait un Puy du faux qui d\u00e9formerait l&#8217;histoire \u00e0 des fins politiques, notamment sous la coupe de Philippe de Villiers. Telle est la th\u00e8se des historiens Mathilde Larr\u00e8re, Florent Besson, Guillaume Lancereau et Pauline Ducret dans leur dernier ouvrage aux \u00e9ditions Les Ar\u00e8nes &#8220;Le Puy du Faux&#8221;. Les deux derniers sont les invit\u00e9s de la Midinale.<\/p>\n<h2>UNE MIDINALE \u00c0 VOIR&#8230;<\/h2>\n<p><iframe loading=\"lazy\" width=\"490\" height=\"276\" src=\"https:\/\/www.youtube.com\/embed\/UPbK-ZrnFt0\" title=\"YouTube video player\" frameborder=\"0\" allow=\"accelerometer; autoplay; clipboard-write; encrypted-media; gyroscope; picture-in-picture\" allowfullscreen><\/iframe><\/p>\n<p>&nbsp;<\/p>\n<p><h2>ET \u00c0 LIRE&#8230;<\/h2>\n<p><strong>Sur la gen\u00e8se du Puy du Fou<\/strong><br \/>\n\u00ab Il y a une volont\u00e9 affich\u00e9e par Philippe de Villiers, l\u2019homme qui a cr\u00e9\u00e9 le parc mais qui est aussi l\u2019auteur tous les sc\u00e9narios de tous les spectacle, de faire de l\u2019histoire et surtout de la r\u00e9viser : il dit avoir cr\u00e9\u00e9 la Cin\u00e9scenie en 1977 pour donner sa vision du g\u00e9nocide vend\u00e9en. \u00bb<br \/>\n\u00ab L\u2019id\u00e9e fondatrice du Puy du Fou, c\u2019est un discours politique sur l\u2019histoire donc non, ce n\u2019est pas que du divertissement. \u00bb<\/p>\n<p><strong>Sur l\u2019enjeu de l\u2019ouvrage \u00ab Le Puy du Faux \u00bb<\/strong><br \/>\n\u00ab Le but fondamental de notre livre, ce n\u2019est pas de faire du fact-checking, de corriger au stylo rouge la mauvaise copie d\u2019un-e mauvais-e \u00e9l\u00e8ve. \u00bb<br \/>\n\u00ab L\u2019enjeu pour nous \u00e9tait d\u2019aller au-del\u00e0 des erreurs factuelles du parc pour montrer tout ce qu\u2019il charriait id\u00e9ologiquement en terme d\u2019images du pass\u00e9 \u00e0 des fins politiques. Cela d\u00e9passe donc largement la question du vrai et du faux, du r\u00e9el ou de l\u2019imaginaire. \u00bb<\/p>\n<p><strong>Sur les enjeux politiques du Puy du Fou<\/strong><br \/>\n\u00ab Au Puy du Fou, sont pr\u00e9sent\u00e9es presque 2000 ans d\u2019histoire. Mais ce qui ne bouge pas, ce sont des valeurs qui seraient \u00e0 la base de la soci\u00e9t\u00e9 fran\u00e7aise : des valeurs chr\u00e9tiennes d\u2019une France rurale immuable, o\u00f9 les petits paysans restent toujours \u00e0 leur place, des valeurs extr\u00eamement aristocratiques\u2026 Toutes ces valeurs sont tr\u00e8s anti-r\u00e9publicaines : d\u00e8s qu\u2019on s\u2019approche de la p\u00e9riode de la R\u00e9publique, on tape bien fort dessus. \u00bb<\/p>\n<p><strong>Sur le roman national<\/strong><br \/>\n\u00ab On a tendance \u00e0 associer le roman national \u00e0 la Troisi\u00e8me R\u00e9publique avec un discours de responsabilit\u00e9 politique et \u00e9ducative, notamment par le fameux manuel d\u2019Ernest Lavisse qui propose une vision fantasm\u00e9e et surtout apais\u00e9e de l\u2019histoire de France. \u00bb<br \/>\n\u00ab Il y a un projet de coh\u00e9sion nationale des Fran\u00e7ais autour de grands \u00e9v\u00e9nements et de grandes figures &#8211; toujours des hommes &#8211; qui contribueraient \u00e0 la gloire de la patrie, en lissant les dissensions, les divergences et les oppositions de classes. \u00bb<br \/>\n\u00ab Le roman national n\u2019existe pas sans appui de l\u2019Etat. \u00bb<br \/>\n\u00ab L\u2019histoire propos\u00e9e au Puy du Fou n\u2019est jamais remise en question. \u00bb<br \/>\n\u00ab L\u2019histoire, c\u2019est de la curiosit\u00e9, une capacit\u00e9 \u00e0 entendre des choses nouvelles, \u00e0 d\u00e9couvrir des p\u00e9riodes anciennes qui sont diff\u00e9rentes avec des mani\u00e8res de penser diff\u00e9rentes : faire de l\u2019histoire, c\u2019est la d\u00e9couverte de l\u2019alt\u00e9rit\u00e9. \u00bb<\/p>\n<p><strong>Sur le rapport du Puy du Fou \u00e0 l\u2019histoire de la Vend\u00e9e<\/strong><br \/>\n\u00ab Le seul ancrage territorial du Puy du Fou, c\u2019est celui des guerres de Vend\u00e9e mais une des particularit\u00e9s de la commune des Epesses, c\u2019est qu\u2019il ne s\u2019y est rien pass\u00e9 de r\u00e9ellement marquant. \u00bb<br \/>\n\u00ab Le Puy du Fou a aussi r\u00e9ussi \u00e0 cr\u00e9er une sorte d\u2019attachement \u00e0 l\u2019histoire vend\u00e9enne. \u00bb<\/p>\n<p><strong>Sur le caract\u00e8re spectaculaire de ce qui est pr\u00e9sent\u00e9 au Puy du Fou<\/strong><br \/>\n\u00ab Quand on y all\u00e9, il met arriv\u00e9 d\u2019oublier mon esprit critique derri\u00e8re des wow. \u00bb<br \/>\n\u00ab Il y a plein de petits d\u00e9tails dont des spectateurs avertis voient la grossi\u00e8ret\u00e9 : quand on voit des Gaulois hirsutes au IIIe si\u00e8cle apr\u00e8s JC qui sont chr\u00e9tiens, il y a un moment o\u00f9 n\u2019importe qui peut se dire que \u00e7a ne marche pas. Mais comme c\u2019est un discours hyper r\u00e9current, je vois difficilement comment on peut en sortir sans avoir \u00e9t\u00e9 quelque part p\u00e9n\u00e9tr\u00e9 par quelque chose. \u00bb<br \/>\n\u00ab Sur certaines p\u00e9riodes historiques que je maitrise moins, j\u2019ai eu des doutes, voire il y a des choses que je n\u2019ai surement pas vues et pourtant, cela va \u00eatre ancr\u00e9 dans ma t\u00eate. \u00bb<br \/>\n\u00ab On est all\u00e9 voir les commentaires sur TripAdvisor et on a vu que les gens n\u2019\u00e9taient pas dupes : il y avait des critiques claires de la port\u00e9e id\u00e9ologique du spectacle. \u00bb<\/p>\n<p><strong>Sur le rapport des historiens au divertissement<\/strong><br \/>\n\u00ab Dire que le divertissement devrait sous la coupe des universitaires ou des chercheurs serait une aberration. \u00bb<br \/>\n\u00ab Le probl\u00e8me, ce n\u2019est pas le divertissement, c\u2019est le discours politique derri\u00e8re. \u00bb<br \/>\n\u00ab Nous ne sommes des censeurs mais on a voulu : attention, lorsqu\u2019on a un discours politique aussi puissant et aussi coh\u00e9rent, il faut que les gens le sachent. \u00bb<\/p>\n<p><strong>Sur le rapport des politiques \u00e0 l\u2019histoire<\/strong><br \/>\n\u00ab Les Etats, les puissants, les partis ont toujours eu recours \u00e0 l\u2019histoire pour sa force mobilisatrice et sa port\u00e9e politique. \u00bb<br \/>\n\u00ab L\u2019histoire racont\u00e9e au Puy du Fou n\u2019est pas l\u2019histoire d\u2019Eric Zemmour. \u00bb<div id='gallery-1' class='gallery galleryid-13479 gallery-columns-3 gallery-size-thumbnail'><figure class='gallery-item'>\n\t\t\t<div class='gallery-icon landscape'>\n\t\t\t\t<a href='https:\/\/archives.regards.fr\/wp-content\/uploads\/2022\/04\/article_midinale-49-aa4.png'><img loading=\"lazy\" decoding=\"async\" width=\"150\" height=\"150\" src=\"https:\/\/archives.regards.fr\/wp-content\/uploads\/2022\/04\/article_midinale-49-aa4-150x150.png\" class=\"attachment-thumbnail size-thumbnail\" alt=\"article_midinale-49.png\" \/><\/a>\n\t\t\t<\/div><\/figure>\n\t\t<\/div>\n<\/p>\n","protected":false},"excerpt":{"rendered":"<p>Le Puy du Fou serait un Puy du faux qui d\u00e9formerait l&#8217;histoire \u00e0 des fins politiques, notamment sous la coupe de Philippe de Villiers. Telle est la th\u00e8se des historiens Mathilde Larr\u00e8re, Florent Besson, Guillaume Lancereau et Pauline Ducret dans leur dernier ouvrage aux \u00e9ditions Les Ar\u00e8nes &#8220;Le Puy du Faux&#8221;. Les deux derniers sont les invit\u00e9s de la Midinale.<\/p>\n","protected":false},"author":1204,"featured_media":31734,"comment_status":"open","ping_status":"open","sticky":false,"template":"","format":"standard","meta":{"_themeisle_gutenberg_block_has_review":false,"footnotes":""},"categories":[238],"tags":[],"class_list":["post-13479","post","type-post","status-publish","format-standard","has-post-thumbnail","hentry","category-la-midinale"],"_links":{"self":[{"href":"https:\/\/archives.regards.fr\/index.php?rest_route=\/wp\/v2\/posts\/13479","targetHints":{"allow":["GET"]}}],"collection":[{"href":"https:\/\/archives.regards.fr\/index.php?rest_route=\/wp\/v2\/posts"}],"about":[{"href":"https:\/\/archives.regards.fr\/index.php?rest_route=\/wp\/v2\/types\/post"}],"author":[{"embeddable":true,"href":"https:\/\/archives.regards.fr\/index.php?rest_route=\/wp\/v2\/users\/1204"}],"replies":[{"embeddable":true,"href":"https:\/\/archives.regards.fr\/index.php?rest_route=%2Fwp%2Fv2%2Fcomments&post=13479"}],"version-history":[{"count":0,"href":"https:\/\/archives.regards.fr\/index.php?rest_route=\/wp\/v2\/posts\/13479\/revisions"}],"wp:featuredmedia":[{"embeddable":true,"href":"https:\/\/archives.regards.fr\/index.php?rest_route=\/wp\/v2\/media\/31734"}],"wp:attachment":[{"href":"https:\/\/archives.regards.fr\/index.php?rest_route=%2Fwp%2Fv2%2Fmedia&parent=13479"}],"wp:term":[{"taxonomy":"category","embeddable":true,"href":"https:\/\/archives.regards.fr\/index.php?rest_route=%2Fwp%2Fv2%2Fcategories&post=13479"},{"taxonomy":"post_tag","embeddable":true,"href":"https:\/\/archives.regards.fr\/index.php?rest_route=%2Fwp%2Fv2%2Ftags&post=13479"}],"curies":[{"name":"wp","href":"https:\/\/api.w.org\/{rel}","templated":true}]}}