{"id":13476,"date":"2022-03-29T12:54:33","date_gmt":"2022-03-29T10:54:33","guid":{"rendered":"https:\/\/wp.muchomaas.com\/article-elsa-lefort-macron-assume-un-tournant-francais-inquietant-de-soutien-a-la\/"},"modified":"2023-06-24T00:26:28","modified_gmt":"2023-06-23T22:26:28","slug":"article-elsa-lefort-macron-assume-un-tournant-francais-inquietant-de-soutien-a-la","status":"publish","type":"post","link":"https:\/\/archives.regards.fr\/?p=13476","title":{"rendered":"Elsa Lefort : \u00ab Macron assume un tournant fran\u00e7ais inqui\u00e9tant de soutien \u00e0 la politique coloniale et d&#8217;apartheid de l&#8217;Etat d\u2019Isra\u00ebl \u00bb"},"content":{"rendered":"<p class=\"post_excerpt\">Ce soir, un meeting num\u00e9rique a \u00e9t\u00e9 initi\u00e9 par plusieurs personnalit\u00e9s et \u00e9lus pour exiger la lib\u00e9ration de Salah Hamouri. On en parle avec son \u00e9pouse, porte-parole du comit\u00e9 de soutien de l\u2019avocat palestinien. Elsa Lefort est l&#8217;invit\u00e9e de #LaMidinale.\n<\/p>\n<h2>UNE MIDINALE \u00c0 VOIR&#8230;<\/h2>\n<p><iframe loading=\"lazy\" width=\"490\" height=\"276\" src=\"https:\/\/www.youtube.com\/embed\/ODshvUCrvT0\" title=\"YouTube video player\" frameborder=\"0\" allow=\"accelerometer; autoplay; clipboard-write; encrypted-media; gyroscope; picture-in-picture\" allowfullscreen><\/iframe><\/p>\n<p>&nbsp;<\/p>\n<p><h2>ET \u00c0 LIRE&#8230;<\/h2>\n<p><strong>Sur les nouvelles de Salah Hamouri<\/strong><br \/>\n\u00ab Des nouvelles que j\u2019ai par ses avocats ou sa m\u00e8re qui a pu le visiter, Salah Hamouri a le moral. \u00bb<br \/>\n\u00ab Les conditions de d\u00e9tention dans sa prison sont assez difficiles : vendredi et samedi, ils ont men\u00e9 une gr\u00e8ve de la faim collective pour protester. \u00bb<br \/>\n\u00ab Salah Hamouri est dans une prison r\u00e9serv\u00e9e aux prisonniers politiques palestiniens. \u00bb<\/p>\n<p><strong>Sur l\u2019acharnement de l\u2019Etat isra\u00e9lien contre Salah Hamouri<\/strong><br \/>\n\u00ab L\u2019acharnement contre Salah Hamouri dure depuis plus de 20 ans : on en est \u00e0 sa sixi\u00e8me incarc\u00e9ration depuis 2004. \u00bb<br \/>\n\u00ab L\u2019ONG Front Line Defenders a d\u00e9couvert la pr\u00e9sence du logiciel Pegasus sur le t\u00e9l\u00e9phone de Salah Hamouri. \u00bb<br \/>\n\u00ab L\u2019ONG de d\u00e9fense des prisonniers politiques pour laquelle travaille Salah Hamouri, avec 6 autres ONG palestinienne, a \u00e9t\u00e9 d\u00e9clar\u00e9e comme terroriste en octobre dernier par Isra\u00ebl. \u00bb<br \/>\n\u00ab Si la proc\u00e9dure &#8211; contre laquelle il a fait appel &#8211; aboutit, cela reviendrait \u00e0 l\u2019expulsion d\u00e9finitive de Salah Hamouri d\u2019Isra\u00ebl\u2026 Il ne pourrait m\u00eame pas vivre en Cisjordanie. \u00bb<br \/>\n\u00ab Comme Salah Hamouri tient bon et qu\u2019il refuse d\u2019\u00eatre chass\u00e9 de sa terre, Isra\u00ebl s\u2019acharne pour envoyer un message aux Palestiniens : si vous vous engagez contre l\u2019occupation, on s\u2019occupera de vous \u00e0 diff\u00e9rents niveaux. Et si vous ne voulez pas partir, on va vous faire comprendre, tout ce que l\u2019on peut d\u00e9ployer comme moyens pour vous convaincre et vous rendre la vie impossible. \u00bb<br \/>\n\u00ab Ce que l\u2019on souhaite, c\u2019est pouvoir vivre en famille : j\u2019ai \u00e9t\u00e9 expuls\u00e9e en 2016 et je suis toujours interdite de s\u00e9jour l\u00e0-bas. \u00bb<br \/>\n\u00ab J\u2019ai \u00e9t\u00e9 moi-m\u00eame expuls\u00e9e au motif que j\u2019\u00e9tais un danger pour la s\u00e9curit\u00e9 d\u2019Isra\u00ebl. Mais c\u2019est un motif fourre-tout. \u00bb<br \/>\n\u00ab Salah Hamouri est en d\u00e9tention pr\u00e9ventive donc son dossier est secret : m\u00eame ses avocats ne peuvent y avoir acc\u00e8s. \u00bb<\/p>\n<p><strong>Sur le r\u00f4le de la France<\/strong><br \/>\n\u00ab J\u2019ai du mal \u00e0 juger l\u2019implication du Quai d\u2019Orsay : il y a ce que l\u2019on peut lire dans les d\u00e9clarations officielles, j\u2019ai \u00e9t\u00e9 re\u00e7ue il y a deux semaines par la cellule diplomatique \u00e0 l\u2019Elys\u00e9e. On me dit que son cas est suivi mais\u2026 qu\u2019est-ce que cela veut dire concr\u00e8tement ? \u00bb<br \/>\n\u00ab La France ne demande plus une lib\u00e9ration mais des explications. Mais nous, on n\u2019en veut pas, on sait tr\u00e8s bien pourquoi. \u00bb<br \/>\n\u00ab La d\u00e9tention administrative est utilis\u00e9e \u00e0 grande \u00e9chelle pour faire de la r\u00e9pression collective. \u00bb<br \/>\n\u00ab Ne pas pouvoir se projeter dans une date de sortie de prison, c\u2019est une v\u00e9ritable torture pour les d\u00e9tenus et leur famille. \u00bb<\/p>\n<p><strong>Sur les d\u00e9clarations d\u2019Anne Hidalgo sur Isra\u00ebl<\/strong><br \/>\n\u00ab L\u2019amour d\u2019Anne Hidalgo pour Isra\u00ebl n\u2019est pas nouveau. \u00bb<br \/>\n\u00ab Il suffirait qu\u2019Anne Hidalgo aille sur place pour qu\u2019elle voit ce qu\u2019il s\u2019y passe. \u00bb<br \/>\n\u00ab Il y a une adh\u00e9sion politique d\u2019Anne Hidalgo \u00e0 la politique d\u2019Isra\u00ebl. Elle justifie la politique d\u2019apartheid. Et peut-\u00eatre qu\u2019elle trouve \u00e7a normal. Il y a un manque flagrant de connaissance et de lucidit\u00e9 de sa part. \u00bb<\/p>\n<p><strong>Sur l\u2019invasion russe en Ukraine compar\u00e9e \u00e0 l\u2019invasion isra\u00e9lienne en Palestine<\/strong><br \/>\n\u00ab La situation en Ukraine souligne un deux poids deux mesures, aussi bien s\u2019agissant du traitement m\u00e9diatique que du soutien politique des Etats et\/ou des hommes et femmes politiques. \u00bb<br \/>\n\u00ab On parle quotidiennement des r\u00e9sistants ukrainiens. On nous montre combien c\u2019est chouette de voir les Ukrainiens fabriquer des cocktails molotov pour se d\u00e9fendre face \u00e0 l\u2019occupant et quand un gamin palestinien jette une pierre, on le qualifie de terroriste. \u00bb<br \/>\n\u00ab Sur mati\u00e8re de droit international, il n\u2019y a pas de raison qu\u2019un Ukrainien ait plus de droits qu\u2019un Palestinien. Et les deux sont l\u00e9gitimes \u00e0 revendiquer leurs droits mais leurs demandent doivent \u00eatre trait\u00e9s de la m\u00eame mani\u00e8re. \u00bb<\/p>\n<p><strong>Sur la France et Isra\u00ebl<\/strong><br \/>\n\u00ab Il y a un tournant radical de la France vis-\u00e0-vis d\u2019Isra\u00ebl notamment en assumant l\u2019amalgame entre antisionisme et antis\u00e9mitisme. Il s\u2019agit de faire taire ceux qui s\u2019\u00e9l\u00e8veraient contre la politique coloniale de l\u2019Etat d\u2019Isra\u00ebl. \u00bb<br \/>\n\u00ab Macro est all\u00e9 jusqu\u2019\u00e0 reconna\u00eetre que J\u00e9rusalem \u00e9tait la capitale de &#8220;l\u2019\u00e9ternel du peuple juif&#8221;. C\u2019est d\u2019une conscience sans nom. \u00c7a n\u2019est pas la position officielle de la France. L\u2019ambassade est \u00e0 Tel-Aviv donc a priori la capitale d\u2019Isra\u00ebl c\u2019est Tel-Aviv. \u00bb<br \/>\n\u00ab Macron a d\u00e9cid\u00e9 d\u2019affirmer un tournant en soutenant l\u2019Etat colonial d\u2019Isra\u00ebl qui m\u00e8ne des politiques d\u2019apartheid. \u00bb<br \/>\n<div id='gallery-1' class='gallery galleryid-13476 gallery-columns-3 gallery-size-thumbnail'><figure class='gallery-item'>\n\t\t\t<div class='gallery-icon landscape'>\n\t\t\t\t<a href='https:\/\/archives.regards.fr\/wp-content\/uploads\/2022\/03\/article_midinale-47-157.png'><img loading=\"lazy\" decoding=\"async\" width=\"150\" height=\"150\" src=\"https:\/\/archives.regards.fr\/wp-content\/uploads\/2022\/03\/article_midinale-47-157-150x150.png\" class=\"attachment-thumbnail size-thumbnail\" alt=\"article_midinale-47.png\" \/><\/a>\n\t\t\t<\/div><\/figure>\n\t\t<\/div>\n<\/p>\n","protected":false},"excerpt":{"rendered":"<p>Ce soir, un meeting num\u00e9rique a \u00e9t\u00e9 initi\u00e9 par plusieurs personnalit\u00e9s et \u00e9lus pour exiger la lib\u00e9ration de Salah Hamouri. On en parle avec son \u00e9pouse, porte-parole du comit\u00e9 de soutien de l\u2019avocat palestinien. Elsa Lefort est l&#8217;invit\u00e9e de #LaMidinale.<\/p>\n","protected":false},"author":1039,"featured_media":31727,"comment_status":"open","ping_status":"open","sticky":false,"template":"","format":"standard","meta":{"_themeisle_gutenberg_block_has_review":false,"footnotes":""},"categories":[238],"tags":[],"class_list":["post-13476","post","type-post","status-publish","format-standard","has-post-thumbnail","hentry","category-la-midinale"],"_links":{"self":[{"href":"https:\/\/archives.regards.fr\/index.php?rest_route=\/wp\/v2\/posts\/13476","targetHints":{"allow":["GET"]}}],"collection":[{"href":"https:\/\/archives.regards.fr\/index.php?rest_route=\/wp\/v2\/posts"}],"about":[{"href":"https:\/\/archives.regards.fr\/index.php?rest_route=\/wp\/v2\/types\/post"}],"author":[{"embeddable":true,"href":"https:\/\/archives.regards.fr\/index.php?rest_route=\/wp\/v2\/users\/1039"}],"replies":[{"embeddable":true,"href":"https:\/\/archives.regards.fr\/index.php?rest_route=%2Fwp%2Fv2%2Fcomments&post=13476"}],"version-history":[{"count":0,"href":"https:\/\/archives.regards.fr\/index.php?rest_route=\/wp\/v2\/posts\/13476\/revisions"}],"wp:featuredmedia":[{"embeddable":true,"href":"https:\/\/archives.regards.fr\/index.php?rest_route=\/wp\/v2\/media\/31727"}],"wp:attachment":[{"href":"https:\/\/archives.regards.fr\/index.php?rest_route=%2Fwp%2Fv2%2Fmedia&parent=13476"}],"wp:term":[{"taxonomy":"category","embeddable":true,"href":"https:\/\/archives.regards.fr\/index.php?rest_route=%2Fwp%2Fv2%2Fcategories&post=13476"},{"taxonomy":"post_tag","embeddable":true,"href":"https:\/\/archives.regards.fr\/index.php?rest_route=%2Fwp%2Fv2%2Ftags&post=13476"}],"curies":[{"name":"wp","href":"https:\/\/api.w.org\/{rel}","templated":true}]}}