{"id":13474,"date":"2022-03-28T13:47:07","date_gmt":"2022-03-28T11:47:07","guid":{"rendered":"https:\/\/wp.muchomaas.com\/article-il-faut-abroger-parcoursup-et-investir-massivement-dans-l-orientation-avec-un\/"},"modified":"2023-06-24T00:26:28","modified_gmt":"2023-06-23T22:26:28","slug":"article-il-faut-abroger-parcoursup-et-investir-massivement-dans-l-orientation-avec-un","status":"publish","type":"post","link":"https:\/\/archives.regards.fr\/?p=13474","title":{"rendered":"\u00ab Il faut abroger Parcoursup et investir massivement dans l\u2019orientation avec un vrai service public \u00bb"},"content":{"rendered":"<p class=\"post_excerpt\">Demain, mardi 29 mars, c\u2019est la date butoir pour la formulation des v\u0153ux d\u2019\u00e9tude des lyc\u00e9ens sur la plateforme tr\u00e8s controvers\u00e9e de Parcoursup. Quel bilan tirer de cette plateforme ? Quelles cons\u00e9quences sur les orientations des lyc\u00e9ens ? Colin Champion, pr\u00e9sident de la Voix lyc\u00e9enne, est l\u2019invit\u00e9 de #LaMidinale.<\/p>\n<h2>UNE MIDINALE \u00c0 VOIR&#8230;<\/h2>\n<p><iframe loading=\"lazy\" width=\"490\" height=\"276\" src=\"https:\/\/www.youtube.com\/embed\/b5jQUiKEL9M\" title=\"YouTube video player\" frameborder=\"0\" allow=\"accelerometer; autoplay; clipboard-write; encrypted-media; gyroscope; picture-in-picture\" allowfullscreen><\/iframe><\/p>\n<p>&nbsp;<\/p>\n<p><h2>ET \u00c0 LIRE&#8230;<\/h2>\n<p><em> <strong>Sur Parcoursup<\/strong> <\/em><br \/>\n\u00ab C\u2019est compliqu\u00e9 pour tous les lyc\u00e9ens et \u00e7a l\u2019est d\u2019autant plus cette ann\u00e9e avec la crise sanitaire. On manque d\u2019un accompagnement. \u00bb<br \/>\n\u00ab On bataille pour avoir les algorithmes de Parcoursup pour chaque \u00e9coles et facs et on a beaucoup de mal \u00e0 l\u2019obtenir. \u00bb<br \/>\n\u00ab Le fait qu\u2019on nous demande de faire dix voeux r\u00e9duit le champ des possibles pour les jeunes. \u00bb<br \/>\n\u00ab Un \u00e9l\u00e8ve qui a des r\u00e9sultats un peu faibles et qui pense avoir un dossier insuffisant va s\u2019emp\u00eacher de faire certains v\u0153ux. \u00bb<br \/>\n\u00ab Les 10 v\u0153ux instaurent une pr\u00e9s\u00e9lection et une forme d\u2019autocensure chez les \u00e9tudiants. Il faudrait a minima passer de dix \u00e0 vingt v\u0153ux. \u00bb<br \/>\n\u00ab Il n\u2019y a pas de discussion directe avec Blanquer et les organisations lyc\u00e9ennes. \u00bb<br \/>\n\u00ab Le ministre n\u2019\u00e9coute pas les lyc\u00e9ens. \u00bb<br \/>\n\u00ab On ne sait pas sur quels crit\u00e8res on est s\u00e9lectionn\u00e9s (\u2026). Toutes les \u00e9coles et facs ne donnent pas clairement leurs crit\u00e8res de s\u00e9lection. \u00bb<br \/>\n\u00ab Il y a eu 90.000 lyc\u00e9ens sans affectation l\u2019an dernier, au d\u00e9but de l\u2019\u00e9t\u00e9. \u00bb<\/p>\n<p><em> <strong>Sur le tirage au sort<\/strong> <\/em><br \/>\n\u00ab Le tirage au sort n\u2019\u00e9tait pas la bonne solution pour s\u00e9lectionner les \u00e9tudiants. \u00bb<br \/>\n\u00ab Le principal probl\u00e8me, c\u2019est le manque de place \u00e0 l\u2019universit\u00e9. Il faut cr\u00e9er des places suppl\u00e9mentaires et \u00e9valuer les besoins. \u00bb<\/p>\n<p><em> <strong>Sur les fili\u00e8res universitaires et les &#8220;besoins&#8221; sur le march\u00e9 de l\u2019emploi <\/strong>  <\/em><br \/>\n\u00ab La mise en place des quotas est ridicule est r\u00e9v\u00e8le une faiblesse du service public de l\u2019\u00e9ducation. \u00bb<br \/>\n\u00ab Il faut investir massivement dans l\u2019orientation avec un vrai service public. \u00bb<br \/>\n\u00ab Il faut des moyens humains pour mieux orienter les lyc\u00e9ens. \u00bb<br \/>\n\u00ab L\u2019universit\u00e9 doit permettre de concr\u00e9tiser son projet et avec ce qu\u2019on y apprend de trouver sa place dans le monde du travail. \u00bb<br \/>\n\u00ab L\u2019universit\u00e9 avant tout est un lieu de savoir. Un lieu de connaissances qui nous permet de trouver ce qui nous pla\u00eet dans la perspective de se sp\u00e9cialiser. \u00bb<br \/>\n\u00ab On ne devrait pas avoir besoin de travailler pour poursuivre ses \u00e9tudes. \u00bb<\/p>\n<p><em> <strong>Sur les diff\u00e9rences entre Paris et la province<\/strong> <\/em><br \/>\n\u00ab Entre les facs \u00e0 Paris (La Sorbonne, Assas) et une fac comme celle de Besan\u00e7on, il y a de grosses diff\u00e9rences. \u00bb<br \/>\n\u00ab Au niveau des lyc\u00e9es, Henri IV \u00e0 Paris par rapport \u00e0 mon lyc\u00e9e, Pergaud \u00e0 Besan\u00e7on, il y a aussi de grosses diff\u00e9rences : la r\u00e9putation, la valeur du bac que Banquer est en train de transformer avec de plus en plus de contr\u00f4le continu\u2026 \u00bb<br \/>\n\u00ab Le lyc\u00e9e d\u2019o\u00f9 l\u2019on vient, malgr\u00e9 les diff\u00e9rences de formation qu\u2019il peut y avoir, ne devrait pas \u00eatre mentionn\u00e9 sur Parcoursup. \u00bb<\/p>\n<p><em> <strong>Sur les propositions de la Voix Lyc\u00e9enne<\/strong> <\/em><br \/>\n\u00ab A la Voix lyc\u00e9enne, on demande une allocation d\u2019autonomie pour tous les \u00e9tudiants. \u00bb<br \/>\n\u00ab Aucun \u00e9tudiant, aucun jeune ne doit \u00eatre sous le seuil de pauvret\u00e9. \u00bb<br \/>\n\u00ab Dans beaucoup de programmes de candidats \u00e0 la pr\u00e9sidentielle, il y a des passages sur la d\u00e9mocratie universitaire et \u00e9tudiante mais cela manque d\u2019ambition. \u00bb<br \/>\n\u00ab Nous, on est pour une vraie d\u00e9mocratie lyc\u00e9enne qui int\u00e8gre des instances repr\u00e9sentatives qui ont leur place. \u00bb<br \/>\n\u00ab On est capable de mobiliser : le 13 janvier dernier, on a bloqu\u00e9 150 lyc\u00e9es partout en France, des dizaine de milliers de lyc\u00e9ens ont manifest\u00e9 et Jean-Michel Blanquer nous a quand m\u00eame vir\u00e9 de l\u2019audience avec le Premier ministre. \u00bb<br \/>\n\u00ab On a eu des entretiens avec les \u00e9quipes de Yannick Jadot et de Jean-Luc M\u00e9lenchon. \u00bb<br \/>\n\u00ab Il faut ramener \u00e0 la r\u00e9alit\u00e9 les candidats de droite et d\u2019extr\u00eame droite qui nous promettent un projet de soci\u00e9t\u00e9 qui d\u00e9truira notre service public de l\u2019\u00e9ducation. \u00bb<\/p>\n<p><em> <strong>Sur les jeunes et l\u2019\u00e9cologie<\/strong> <\/em><br \/>\n\u00ab Les diff\u00e9rents mouvements qu\u2019il y a eu depuis 2018, notamment depuis l\u2019appel lanc\u00e9 par Greta Thunberg, ont \u00e9norm\u00e9ment conscientis\u00e9 et amen\u00e9 dans la rue des lyc\u00e9ens qui ne l\u2019\u00e9taient pas du tout. \u00bb<br \/>\n\u00ab Chez les lyc\u00e9ens, l\u2019\u00e9cologie est l\u2019un des sujets qui arrivent en premier dans les inqui\u00e9tudes, tellement l\u2019\u00e9cologie rassemble tous les sujets soci\u00e9taux. \u00bb<br \/>\n\u00ab Nous, on voudrait que l\u2019\u00e9cologie s\u2019inscrive au lyc\u00e9e, de fa\u00e7on concr\u00e8te : avec des initiatives comme les jardins partag\u00e9s ou d\u2019un point de vue philosophico-politique, que \u00e7a s\u2019inscrive dans nos programmes et qu\u2019on ait des d\u00e9bats autour de \u00e7a. \u00bb<div id='gallery-1' class='gallery galleryid-13474 gallery-columns-3 gallery-size-thumbnail'><figure class='gallery-item'>\n\t\t\t<div class='gallery-icon landscape'>\n\t\t\t\t<a href='https:\/\/archives.regards.fr\/wp-content\/uploads\/2022\/03\/article_midinale-46-281.png'><img loading=\"lazy\" decoding=\"async\" width=\"150\" height=\"150\" src=\"https:\/\/archives.regards.fr\/wp-content\/uploads\/2022\/03\/article_midinale-46-281-150x150.png\" class=\"attachment-thumbnail size-thumbnail\" alt=\"article_midinale-46.png\" \/><\/a>\n\t\t\t<\/div><\/figure>\n\t\t<\/div>\n<\/p>\n","protected":false},"excerpt":{"rendered":"<p>Demain, mardi 29 mars, c\u2019est la date butoir pour la formulation des v\u0153ux d\u2019\u00e9tude des lyc\u00e9ens sur la plateforme tr\u00e8s controvers\u00e9e de Parcoursup. Quel bilan tirer de cette plateforme ? Quelles cons\u00e9quences sur les orientations des lyc\u00e9ens ? Colin Champion, pr\u00e9sident de la Voix lyc\u00e9enne, est l\u2019invit\u00e9 de #LaMidinale.<\/p>\n","protected":false},"author":1039,"featured_media":31725,"comment_status":"open","ping_status":"open","sticky":false,"template":"","format":"standard","meta":{"_themeisle_gutenberg_block_has_review":false,"footnotes":""},"categories":[238],"tags":[293],"class_list":["post-13474","post","type-post","status-publish","format-standard","has-post-thumbnail","hentry","category-la-midinale","tag-entretien"],"_links":{"self":[{"href":"https:\/\/archives.regards.fr\/index.php?rest_route=\/wp\/v2\/posts\/13474","targetHints":{"allow":["GET"]}}],"collection":[{"href":"https:\/\/archives.regards.fr\/index.php?rest_route=\/wp\/v2\/posts"}],"about":[{"href":"https:\/\/archives.regards.fr\/index.php?rest_route=\/wp\/v2\/types\/post"}],"author":[{"embeddable":true,"href":"https:\/\/archives.regards.fr\/index.php?rest_route=\/wp\/v2\/users\/1039"}],"replies":[{"embeddable":true,"href":"https:\/\/archives.regards.fr\/index.php?rest_route=%2Fwp%2Fv2%2Fcomments&post=13474"}],"version-history":[{"count":0,"href":"https:\/\/archives.regards.fr\/index.php?rest_route=\/wp\/v2\/posts\/13474\/revisions"}],"wp:featuredmedia":[{"embeddable":true,"href":"https:\/\/archives.regards.fr\/index.php?rest_route=\/wp\/v2\/media\/31725"}],"wp:attachment":[{"href":"https:\/\/archives.regards.fr\/index.php?rest_route=%2Fwp%2Fv2%2Fmedia&parent=13474"}],"wp:term":[{"taxonomy":"category","embeddable":true,"href":"https:\/\/archives.regards.fr\/index.php?rest_route=%2Fwp%2Fv2%2Fcategories&post=13474"},{"taxonomy":"post_tag","embeddable":true,"href":"https:\/\/archives.regards.fr\/index.php?rest_route=%2Fwp%2Fv2%2Ftags&post=13474"}],"curies":[{"name":"wp","href":"https:\/\/api.w.org\/{rel}","templated":true}]}}