{"id":13471,"date":"2022-03-25T10:00:00","date_gmt":"2022-03-25T09:00:00","guid":{"rendered":"https:\/\/wp.muchomaas.com\/article-clementine-autain-nous-sommes-les-meilleurs-defenseurs-de-la-republique\/"},"modified":"2023-06-24T00:26:22","modified_gmt":"2023-06-23T22:26:22","slug":"article-clementine-autain-nous-sommes-les-meilleurs-defenseurs-de-la-republique","status":"publish","type":"post","link":"https:\/\/archives.regards.fr\/?p=13471","title":{"rendered":"Cl\u00e9mentine Autain : \u00ab Nous sommes les meilleurs d\u00e9fenseurs de la R\u00e9publique \u00bb"},"content":{"rendered":"<p class=\"post_excerpt\">Accus\u00e9e comme beaucoup \u00e0 gauche de complaisance avec l&#8217;islamisme, class\u00e9e parmi les ennemis de la R\u00e9publique, elle est souvent la cible de Manuel Valls \u00e0 qui elle d\u00e9die son nouveau livre : <em>Les Faussaires de la R\u00e9publique<\/em> (Seuil). La d\u00e9put\u00e9e LFI Cl\u00e9mentine Autain revient sur les coulisses d\u2019une manipulation qui permet \u00e0 ses d\u00e9tracteurs d\u2019\u00e9chapper \u00e0 leur bilan dans la lutte antiterroriste. Elle est l\u2019invit\u00e9e de #LaMidinale.<\/p>\n<h2>UNE MIDINALE \u00c0 VOIR&#8230;<\/h2>\n<p><iframe loading=\"lazy\" width=\"490\" height=\"276\" src=\"https:\/\/www.youtube.com\/embed\/n4WQVTR2iUE\" title=\"YouTube video player\" frameborder=\"0\" allow=\"accelerometer; autoplay; clipboard-write; encrypted-media; gyroscope; picture-in-picture\" allowfullscreen><\/iframe><\/p>\n<p>&nbsp;<\/p>\n<p><h2>&#8230;ET \u00c0 LIRE<\/h2>\n<p><P><br \/>\n<strong>Sur la gauche suspect\u00e9e d\u2019\u00eatre ennemie de la R\u00e9publique<\/strong><br \/>\n\u00ab Ce livre parle d\u2019un hold-up fait sur l\u2019id\u00e9e de R\u00e9publique. \u00bb<br \/>\n\u00ab On nous fait le proc\u00e8s permanent en islamo-gauchisme, ce qui ne veut rien dire si ce n\u2019est de nous calomnier, \u00e0 insulter pour \u00e9viter la confrontation sur le fond. \u00bb<br \/>\n\u00ab Il y a un renversement de situation : nous, les h\u00e9ritiers et les h\u00e9riti\u00e8res les plus directs de ceux qui ont fond\u00e9 la R\u00e9publique en 1789 et tout au long du 19\u00e8 si\u00e8cle avec ses moments r\u00e9volutionnaires, nous serions les suspects alors que c\u2019est l\u2019extr\u00eame droite qui est banalis\u00e9e et qui repr\u00e9sente la principale la menace avec le terrorisme. \u00bb<\/p>\n<p><strong>Sur les deux gauches irr\u00e9conciliables<\/strong><br \/>\n\u00ab Il y a une partie de la gauche qui a voulu \u00e9viter le bilan de tout le quinquennat de Fran\u00e7ois Hollande. \u00bb<br \/>\n\u00ab On d\u00e9place le d\u00e9bat en figeant deux camps artificiellement construits : les r\u00e9publicains autoproclam\u00e9s sans qu\u2019ils y mettent un v\u00e9ritable contenu ou qu\u2019ils r\u00e9sument \u00e0 la la\u00efcit\u00e9 \u00e0 une conception tr\u00e8s \u00e9loign\u00e9e \u00e0 celle de 1905. Et tous ceux qui contestent le bilan de Manuel Valls et de Fran\u00e7ois Hollande sont mis dans un camp qui seraient des antir\u00e9publicains, des ennemis de la R\u00e9publique, pour \u00e9viter le bilan. \u00bb<br \/>\n\u00ab Il y a une forme de manipulation id\u00e9ologique qui s\u2019est produite depuis des ann\u00e9es. \u00bb<br \/>\n\u00ab On est les meilleurs d\u00e9fenseurs de la R\u00e9publique. \u00bb<br \/>\n\u00ab Hollande et Valls ont fait reculer la promesse r\u00e9publicaine. \u00bb<\/p>\n<p><strong>Sur la d\u00e9nonciation de complaisance avec l\u2019islamisme<\/strong><br \/>\n\u00ab Les musulmans sont devenus les boucs \u00e9missaires au nom du combat contre le terrorisme islamiste. \u00bb<br \/>\n\u00ab Nous avons continu\u00e9 \u00e0 dire que l\u2019amalgame entre terrorisme islamiste et musulmans \u00e9tait insupportable. Nous avons \u00e9t\u00e9 fid\u00e8les au combat contre le racisme qui nous anime et qui est l\u2019une de notre raison d\u2019\u00eatre. \u00bb<br \/>\n\u00ab En polarisant ces conflits sur le voile, etc. on a oubli\u00e9 ce qui \u00e9tait le c\u0153ur de ce qu\u2019on d\u00e9fendait ensemble pour une R\u00e9publique digne de ce nom. \u00bb<br \/>\n\u00ab La bataille politique n\u2019est pas termin\u00e9e et on est en train de la mener. \u00bb<br \/>\n\u00ab L\u2019attitude que nous avons eu, y compris en allant dans la marche contre l\u2019islamophobie, participe de cette id\u00e9e de ne pas reculer, d\u2019\u00eatre \u00e0 l\u2019offensive et de tenir le fil \u00e9mancipateur qui est le seul \u00e0 m\u00eame, dans la soci\u00e9t\u00e9, de faire reculer l\u2019obscurantisme et le n\u00e9ofascisme. \u00bb<br \/>\n\u00ab Il faut d\u00e9placer le curseur du d\u00e9bat public pour l\u2019emmener sur cette promesse qui n\u2019est pas tenue : une libert\u00e9 qui est d\u00e9voy\u00e9e dans le lib\u00e9ralisme \u00e9conomique, une \u00e9galit\u00e9 qui est en marche arri\u00e8re et une fraternit\u00e9 qui s\u2019est noy\u00e9e dans la mer M\u00e9diterran\u00e9e. \u00bb<br \/>\n\u00ab Nous sommes les tenants d\u2019une R\u00e9publique qui se remet debout et notamment avec notre projet de VI\u00e8 R\u00e9publique. \u00bb<\/p>\n<p><strong>Sur la R\u00e9publique sociale<\/strong><br \/>\n\u00ab Pendant qu\u2019on s\u2019\u00e9charpe sur le foulard on ne voit pas l\u2019immensit\u00e9 du carnage social qui fait qu\u2019on n\u2019est pas dans une R\u00e9publique qui inclut mais dans une R\u00e9publique qui exclut. \u00bb<\/p>\n<p><strong>Sur M\u00e9lenchon et l\u2019acc\u00e8s au second tour<\/strong><br \/>\n\u00ab Il peut se qualifier au second tour. \u00bb<br \/>\n\u00ab On a une dynamique qui est enclench\u00e9e. \u00bb<br \/>\n\u00ab Il y a \u00e9norm\u00e9ment de ferveur et de dynamique. \u00bb<br \/>\n\u00ab Si M\u00e9lenchon est au second tour, \u00e7a change ce qu\u2019est la France aujourd\u2019hui et \u00e7a change le rapport de forces. \u00bb<br \/>\n\u00ab Si on n\u2019arrache pas la victoire, on aura gagn\u00e9 quelque chose de tr\u00e8s important : celui de battre l\u2019extr\u00eame droite. \u00bb<br \/>\n\u00ab Si M\u00e9lenchon parvient au second tour, on pourra parler de la retraite, des services publics, du SMIC, de la transition \u00e9cologique et non plus de leur obsession identitaire. \u00bb<br \/>\n\u00ab Il nous faut convaincre ceux qui sont d\u00e9sesp\u00e9r\u00e9s de la gauche et de la politique plus g\u00e9n\u00e9ralement. \u00bb<br \/>\n\u00ab Nous devons donner une fonction au vote qui peut \u00eatre une fonction mobilisatrice dans la derni\u00e8re ligne droite pour de nombreux \u00e9lecteurs et \u00e9lectrices. \u00bb<br \/>\n\u00ab Avec M\u00e9lenchon, la gauche revient sur le devant de la sc\u00e8ne et \u00e7a peut r\u00e9veiller beaucoup de gens qui sont d\u00e9\u00e7us ou d\u00e9boussol\u00e9s. \u00bb<\/p>\n<p><strong>Sur les l\u00e9gislatives<\/strong><br \/>\n\u00ab J\u2019esp\u00e8re bien que nous n\u2019allons pas dispara\u00eetre de l\u2019Assembl\u00e9e nationale. Je ne suis pas aussi pessimiste que G\u00e9rard Filoche mais il faut faire tr\u00e8s attention et nous avons besoin de sceller un certain nombre d\u2019accords. \u00bb<br \/>\n\u00ab Je regrette que le socialistes aient \u00e0 ce point tap\u00e9 M\u00e9lenchon de mani\u00e8re si violente que \u00e7a rend les accords compliqu\u00e9s pour la suite. \u00bb<br \/>\n\u00ab La fa\u00e7on dont les socialistes m\u00e8nent cette campagne met des murs entre nous l\u00e0 o\u00f9 il faudrait des passerelles. \u00bb<br \/>\n\u00ab Il serait logique qu\u2019on ait des alliances avec les communistes mais aussi les \u00e9cologistes pour avoir un maximum de d\u00e9put\u00e9s de gauche dans la prochaine l\u00e9gislature. \u00bb<div id='gallery-1' class='gallery galleryid-13471 gallery-columns-3 gallery-size-thumbnail'><figure class='gallery-item'>\n\t\t\t<div class='gallery-icon landscape'>\n\t\t\t\t<a href='https:\/\/archives.regards.fr\/wp-content\/uploads\/2022\/03\/article_midinale-45-6fb.png'><img loading=\"lazy\" decoding=\"async\" width=\"150\" height=\"150\" src=\"https:\/\/archives.regards.fr\/wp-content\/uploads\/2022\/03\/article_midinale-45-6fb-150x150.png\" class=\"attachment-thumbnail size-thumbnail\" alt=\"article_midinale-45.png\" \/><\/a>\n\t\t\t<\/div><\/figure>\n\t\t<\/div>\n<\/p>\n","protected":false},"excerpt":{"rendered":"<p>Accus\u00e9e comme beaucoup \u00e0 gauche de complaisance avec l&#8217;islamisme, class\u00e9e parmi les ennemis de la R\u00e9publique, elle est souvent la cible de Manuel Valls \u00e0 qui elle d\u00e9die son nouveau livre : <em>Les Faussaires de la R\u00e9publique<\/em> (Seuil). La d\u00e9put\u00e9e LFI Cl\u00e9mentine Autain revient sur les coulisses d\u2019une manipulation qui permet \u00e0 ses d\u00e9tracteurs d\u2019\u00e9chapper \u00e0 leur bilan dans la lutte antiterroriste. Elle est l\u2019invit\u00e9e de #LaMidinale.<\/p>\n","protected":false},"author":1039,"featured_media":31717,"comment_status":"open","ping_status":"open","sticky":false,"template":"","format":"standard","meta":{"_themeisle_gutenberg_block_has_review":false,"footnotes":""},"categories":[238],"tags":[293],"class_list":["post-13471","post","type-post","status-publish","format-standard","has-post-thumbnail","hentry","category-la-midinale","tag-entretien"],"_links":{"self":[{"href":"https:\/\/archives.regards.fr\/index.php?rest_route=\/wp\/v2\/posts\/13471","targetHints":{"allow":["GET"]}}],"collection":[{"href":"https:\/\/archives.regards.fr\/index.php?rest_route=\/wp\/v2\/posts"}],"about":[{"href":"https:\/\/archives.regards.fr\/index.php?rest_route=\/wp\/v2\/types\/post"}],"author":[{"embeddable":true,"href":"https:\/\/archives.regards.fr\/index.php?rest_route=\/wp\/v2\/users\/1039"}],"replies":[{"embeddable":true,"href":"https:\/\/archives.regards.fr\/index.php?rest_route=%2Fwp%2Fv2%2Fcomments&post=13471"}],"version-history":[{"count":0,"href":"https:\/\/archives.regards.fr\/index.php?rest_route=\/wp\/v2\/posts\/13471\/revisions"}],"wp:featuredmedia":[{"embeddable":true,"href":"https:\/\/archives.regards.fr\/index.php?rest_route=\/wp\/v2\/media\/31717"}],"wp:attachment":[{"href":"https:\/\/archives.regards.fr\/index.php?rest_route=%2Fwp%2Fv2%2Fmedia&parent=13471"}],"wp:term":[{"taxonomy":"category","embeddable":true,"href":"https:\/\/archives.regards.fr\/index.php?rest_route=%2Fwp%2Fv2%2Fcategories&post=13471"},{"taxonomy":"post_tag","embeddable":true,"href":"https:\/\/archives.regards.fr\/index.php?rest_route=%2Fwp%2Fv2%2Ftags&post=13471"}],"curies":[{"name":"wp","href":"https:\/\/api.w.org\/{rel}","templated":true}]}}