{"id":13469,"date":"2022-03-24T15:24:07","date_gmt":"2022-03-24T14:24:07","guid":{"rendered":"https:\/\/wp.muchomaas.com\/article-mathieu-molard-loik-le-priol-a-ete-forme-pour-etre-un-tueur\/"},"modified":"2023-06-24T00:26:22","modified_gmt":"2023-06-23T22:26:22","slug":"article-mathieu-molard-loik-le-priol-a-ete-forme-pour-etre-un-tueur","status":"publish","type":"post","link":"https:\/\/archives.regards.fr\/?p=13469","title":{"rendered":"Mathieu Molard : \u00ab Lo\u00efk Le Priol a \u00e9t\u00e9 form\u00e9 pour \u00eatre un tueur \u00bb"},"content":{"rendered":"<p class=\"post_excerpt\">Samedi dernier \u00e0 Paris, l&#8217;ancien rugbyman Federico Martin Arumburu a \u00e9t\u00e9 assassin\u00e9 de plusieurs balles dans le dos. Le principal suspect, Lo\u00efk Le Priol, a \u00e9t\u00e9 interpell\u00e9 en Hongrie alors qu&#8217;il tentait de fuir. Le r\u00e9dacteur en chef de Streetpress, Mathieu Molard, est l&#8217;invit\u00e9 de la Midinale pour nous parler de l&#8217;itin\u00e9raire et des r\u00e9seaux de ce militant d&#8217;extr\u00eame droite.\n<\/p>\n<h2>UNE MIDINALE \u00c0 VOIR&#8230;<\/h2>\n<p><iframe loading=\"lazy\" width=\"490\" height=\"276\" src=\"https:\/\/www.youtube.com\/embed\/IuWQWszsSwQ\" title=\"YouTube video player\" frameborder=\"0\" allow=\"accelerometer; autoplay; clipboard-write; encrypted-media; gyroscope; picture-in-picture\" allowfullscreen><\/iframe><\/p>\n<p>&nbsp;<\/p>\n<p><h2>&#8230;ET \u00c0 LIRE<\/h2>\n<p><P><br \/>\n<strong>Sur Lo\u00efk Le Priol<\/strong><br \/>\n\u00ab Lo\u00efk Le Priol est un mec qui est militant d\u2019extr\u00eame droite depuis de nombreuses ann\u00e9es. Depuis dix ans, voire depuis sa naissance parce qu\u2019il vient d\u2019une famille d\u2019extr\u00eame droite. Son p\u00e8re a \u00e9t\u00e9 militant d\u2019un groupuscule fasciste. \u00bb<br \/>\n\u00ab Lo\u00efk Le Priol s\u2019est engag\u00e9 tr\u00e8s jeune dans l\u2019arm\u00e9e. Il se retrouve dans une unit\u00e9 d\u2019\u00e9lite ou il est form\u00e9, form\u00e9 \u00e0 \u00eatre un tueur. \u00bb<br \/>\n\u00ab Il a \u00e9t\u00e9 envoy\u00e9 en op\u00e9ration ext\u00e9rieure en Afrique notamment o\u00f9 il a \u00e9t\u00e9 accus\u00e9 d\u2019avoir frapp\u00e9 et \u00e9trangl\u00e9 une prostitu\u00e9e. L\u2019arm\u00e9e fran\u00e7aise a pay\u00e9 pour le tirer d\u2019affaire et il a \u00e9chapp\u00e9 \u00e0 une condamnation. Et il ne sera pas renvoy\u00e9 de l\u2019arm\u00e9e pour \u00e7a. \u00bb<br \/>\n\u00ab Il a \u00e9t\u00e9 renvoy\u00e9 de l\u2019arm\u00e9e apr\u00e8s avoir \u00e9t\u00e9 mis en cause dans une affaire sordide, extr\u00eamement violente, une affaire de torture entre militants d\u2019extr\u00eame droite. \u00bb<br \/>\n\u00ab Lo\u00efk Le Priol, Romain Bouvier [celui l\u00e0 m\u00eame qui \u00e9tait avec Le Priol lors de l\u2019assassinat de Federico Martin Aramburu] avec d\u2019autres se sont rendus au domicile d\u2019un de leur pote membre du GUD, pour le torturer. Les vid\u00e9os r\u00e9v\u00e9l\u00e9es par Mediapart sont extr\u00eamement violentes. Elles sont insoutenables (\u2026). Cette affaire date de 2015 et il n\u2019a toujours pas \u00e9t\u00e9 jug\u00e9 pour \u00e7a. \u00bb<\/p>\n<p><strong>Sur les violences d\u2019extr\u00eame droite<\/strong><br \/>\n\u00ab L\u2019extr\u00eame droite n\u2019est pas surveill\u00e9e de la m\u00eame mani\u00e8re. Les attentats islamistes ont fait des centaines de morts et il peut para\u00eetre logique que les moyens d\u00e9ploy\u00e9s soient un peu diff\u00e9rents. Il n\u2019emp\u00eache que pendant des ann\u00e9es, l\u2019extr\u00eame droite radicale a \u00e9t\u00e9 sous estim\u00e9e par les services de renseignement. \u00bb<br \/>\n\u00ab Laurent Nunez, \u00e0 la t\u00eate de la lutte contre le terrorisme dans les services du renseignement, a commenc\u00e9 \u00e0 tirer la sonnette d\u2019alarme s\u2019agissant de l\u2019extr\u00eame droite. \u00bb<br \/>\n\u00ab \u00c7a fait deux ans que Laurent Nunez commence \u00e0 dire que les services de renseignements assurent que \u00e7a commence \u00e0 \u00eatre chaud et commencent \u00e0 avoir peur. On est loin du fantasme gauchiste. \u00bb<br \/>\n\u00ab Les services de renseignement ont d\u00e9mantel\u00e9 plusieurs projets d\u2019attentas r\u00e9els. C\u2019est l\u00e0 qu\u2019ils prennent conscience qu\u2019ils sont en retard sur la surveillance. Ils essaient de rattraper ce retard mais il y a encore du chemin. \u00bb<br \/>\n\u00ab Depuis quelques mois, il y a des interpellations apr\u00e8s avoir mis des moyens r\u00e9cemment. \u00bb<\/p>\n<p><strong>Sur les organisations d\u2019extr\u00eame droite<\/strong><br \/>\n\u00ab On ne tombe pas au GUD par hasard. C\u2019est quelques dizaines de membres m\u00eame si le GUD s\u2019est auto-dissout il y a quelques ann\u00e9es. \u00bb<br \/>\n\u00ab Il y a une l\u00e9gende autour du GUD qui se surnomme les rats noirs (\u2026). Donc quand on va au GUD, on sait qu\u2019on y va pour la castagne autour d\u2019un imaginaire n\u00e9o-fasciste. \u00bb<br \/>\n\u00ab Il y a d\u2019autres groupuscules d\u2019extr\u00eame droite qui vont attirer des militants qui sont moins radicaux d\u00e8s le d\u00e9part et que le GUD va contribuer \u00e0 radicaliser. \u00bb<\/p>\n<p><strong>Sur la coh\u00e9rence du projet des groupuscules d\u2019extr\u00eame droite<\/strong><br \/>\n\u00ab Il y a des lignes de force qui \u00e9voluent dans le temps. Aujourd\u2019hui en France, la ligne de force principale, c\u2019est l\u2019islamophobie et le fantasme du grand remplacement : c\u2019est devenu la matrice de l\u2019extr\u00eame droite dans quasiment toutes les chapelles. \u00bb<br \/>\n\u00ab Il y a quelques d\u00e9cennies, c\u2019\u00e9tait l\u2019antis\u00e9mitisme qui \u00e9tait la matrice la plus pr\u00e9gnante. \u00bb<br \/>\n\u00ab Il y a des intellectuels qui th\u00e9orisent  l\u2019extr\u00eame droite : Renaud Camus, Dominique Venner, Alain de Benoist\u2026 Ils sont tr\u00e8s influents parce qu\u2019ils influencent ces groupuscules mais aussi Eric Zemmour, Marine Le Pen, Marion Mar\u00e9chal. \u00bb<\/p>\n<p><strong>Sur la surface m\u00e9diatique du meurtre de Federico Martin Aramburu<\/strong><br \/>\n\u00ab Le sujet est trait\u00e9 mais de fa\u00e7on tr\u00e8s secondaire parce qu\u2019il y a une d\u00e9politisation du sujet car certaines r\u00e9dactions consid\u00e8rent que c\u2019est un fait divers. Oui, \u00e7a l\u2019est mais ce n\u2019est pas \u00e7a qui emp\u00eache, de fa\u00e7on r\u00e9guli\u00e8re, de faire monter un fait divers en une. \u00bb<br \/>\n\u00ab Il y a un itin\u00e9raire politique des deux principaux mis en cause qui les inscrit tr\u00e8s clairement \u00e0 l\u2019extr\u00eame droite et qui traduit un processus de radicalisation vers la violence extr\u00eame qui, quand il s\u2019applique \u00e0 d\u2019autres univers politiques, est pris en compte. \u00bb<br \/>\n\u00ab Je ne consid\u00e8re pas que c\u2019est un attentat parce qu\u2019il n\u2019y a pas de volont\u00e9 politique pr\u00e9m\u00e9dit\u00e9e. Mais il y a une dimension politique parce que ce sont des militants d\u2019extr\u00eame droite et que l\u2019on peut consid\u00e9rer que l\u2019id\u00e9ologie dans laquelle ils baignent \u00e0 contribuer \u00e0 les amener l\u00e0 o\u00f9 ils sont, c\u2019est-\u00e0-dire violents et haineux. \u00bb<\/p>\n<p><strong>Sur les liens de responsabilit\u00e9 entre les cadres de l\u2019extr\u00eame droite et les violences<\/strong><br \/>\n\u00ab Pour moi, ils ont une responsabilit\u00e9 &#8211; m\u00eame si elle n\u2019est pas directe dans cet assassinat-l\u00e0. \u00bb<br \/>\n\u00ab Dans Streetpress, toutes les semaines, on raconte des agressions qui ont une dimension politique ind\u00e9niable par des militants d\u2019extr\u00eame droite : des coups de couteau \u00e0 Lyon, les passages \u00e0 tabac \u00e0 Valence, en Bretagne, \u00e0 Paris ou \u00e0 Nice. \u00bb<br \/>\n\u00ab Les gens dont on parle ont des canaux de revendication de leur violence : qui a-t-il de plus politique que de commettre de la violence et, sur un canal qu\u2019ils savent public, o\u00f9 ils savent tr\u00e8s bien que les journalistes sont (c\u2019est pourquoi ils floutent leur photo par exemple), de revendiquer leurs actions ? \u00bb<br \/>\n\u00ab Les gens qui v\u00e9hiculent des discours de haine, qui soufflent sur les braises et qui arment id\u00e9ologiquement ces gens-l\u00e0, contribuent tr\u00e8s clairement \u00e0 la mont\u00e9e de la violence. \u00bb<br \/>\n\u00ab Si, depuis un an, on a une mont\u00e9e de la violence politique dans les rues, c\u2019est parce que les discours racistes d\u2019Eric Zemmour sont en boucle \u00e0 la t\u00e9l\u00e9vision. \u00bb<div id='gallery-1' class='gallery galleryid-13469 gallery-columns-3 gallery-size-thumbnail'><figure class='gallery-item'>\n\t\t\t<div class='gallery-icon landscape'>\n\t\t\t\t<a href='https:\/\/archives.regards.fr\/wp-content\/uploads\/2022\/03\/article_midinale-43-e0f.png'><img loading=\"lazy\" decoding=\"async\" width=\"150\" height=\"150\" src=\"https:\/\/archives.regards.fr\/wp-content\/uploads\/2022\/03\/article_midinale-43-e0f-150x150.png\" class=\"attachment-thumbnail size-thumbnail\" alt=\"article_midinale-43.png\" \/><\/a>\n\t\t\t<\/div><\/figure>\n\t\t<\/div>\n<\/p>\n","protected":false},"excerpt":{"rendered":"<p>Samedi dernier \u00e0 Paris, l&#8217;ancien rugbyman Federico Martin Arumburu a \u00e9t\u00e9 assassin\u00e9 de plusieurs balles dans le dos. Le principal suspect, Lo\u00efk Le Priol, a \u00e9t\u00e9 interpell\u00e9 en Hongrie alors qu&#8217;il tentait de fuir. Le r\u00e9dacteur en chef de Streetpress, Mathieu Molard, est l&#8217;invit\u00e9 de la Midinale pour nous parler de l&#8217;itin\u00e9raire et des r\u00e9seaux de ce militant d&#8217;extr\u00eame droite.<\/p>\n","protected":false},"author":1204,"featured_media":31715,"comment_status":"open","ping_status":"open","sticky":false,"template":"","format":"standard","meta":{"_themeisle_gutenberg_block_has_review":false,"footnotes":""},"categories":[238],"tags":[293],"class_list":["post-13469","post","type-post","status-publish","format-standard","has-post-thumbnail","hentry","category-la-midinale","tag-entretien"],"_links":{"self":[{"href":"https:\/\/archives.regards.fr\/index.php?rest_route=\/wp\/v2\/posts\/13469","targetHints":{"allow":["GET"]}}],"collection":[{"href":"https:\/\/archives.regards.fr\/index.php?rest_route=\/wp\/v2\/posts"}],"about":[{"href":"https:\/\/archives.regards.fr\/index.php?rest_route=\/wp\/v2\/types\/post"}],"author":[{"embeddable":true,"href":"https:\/\/archives.regards.fr\/index.php?rest_route=\/wp\/v2\/users\/1204"}],"replies":[{"embeddable":true,"href":"https:\/\/archives.regards.fr\/index.php?rest_route=%2Fwp%2Fv2%2Fcomments&post=13469"}],"version-history":[{"count":0,"href":"https:\/\/archives.regards.fr\/index.php?rest_route=\/wp\/v2\/posts\/13469\/revisions"}],"wp:featuredmedia":[{"embeddable":true,"href":"https:\/\/archives.regards.fr\/index.php?rest_route=\/wp\/v2\/media\/31715"}],"wp:attachment":[{"href":"https:\/\/archives.regards.fr\/index.php?rest_route=%2Fwp%2Fv2%2Fmedia&parent=13469"}],"wp:term":[{"taxonomy":"category","embeddable":true,"href":"https:\/\/archives.regards.fr\/index.php?rest_route=%2Fwp%2Fv2%2Fcategories&post=13469"},{"taxonomy":"post_tag","embeddable":true,"href":"https:\/\/archives.regards.fr\/index.php?rest_route=%2Fwp%2Fv2%2Ftags&post=13469"}],"curies":[{"name":"wp","href":"https:\/\/api.w.org\/{rel}","templated":true}]}}