{"id":13466,"date":"2022-03-24T00:42:53","date_gmt":"2022-03-23T23:42:53","guid":{"rendered":"https:\/\/wp.muchomaas.com\/article-les-candidats-du-centre-a-l-extreme-droite-n-ont-pas-fait-du-climat-un-enjeu-de\/"},"modified":"2023-06-24T00:26:19","modified_gmt":"2023-06-23T22:26:19","slug":"article-les-candidats-du-centre-a-l-extreme-droite-n-ont-pas-fait-du-climat-un-enjeu-de","status":"publish","type":"post","link":"https:\/\/archives.regards.fr\/?p=13466","title":{"rendered":"\u00ab Les candidats du centre \u00e0 l&#8217;extr\u00eame droite n\u2019ont pas fait du climat un enjeu de leur programme \u00bb"},"content":{"rendered":"<p class=\"post_excerpt\">L&#8217;association R\u00e9seau Action Climat a \u00e9valu\u00e9 les programmes de 8 des 12 candidat-es \u00e0 l&#8217;\u00e9lection pr\u00e9sidentielle. Benoit Granier, responsable alimentation, est l&#8217;invit\u00e9 de la Midinale.<\/p>\n<h2>UNE MIDINALE \u00c0 VOIR&#8230;<\/h2>\n<p><iframe loading=\"lazy\" width=\"490\" height=\"276\" src=\"https:\/\/www.youtube.com\/embed\/gZwb_Y0K4Zc\" title=\"YouTube video player\" frameborder=\"0\" allow=\"accelerometer; autoplay; clipboard-write; encrypted-media; gyroscope; picture-in-picture\" allowfullscreen><\/iframe><\/p>\n<p>&nbsp;<\/p>\n<p><em>\u00a0<strong>Sur la notation de R\u00e9seau Action Climat\u00a0<\/em>\u00a0<\/strong><br \/>\n\u00ab\u00a0Les programmes des candidats ne sont pas assez pr\u00e9cis et contiennent des mesures de court et moyen termes.\u00a0\u00bb<br \/>\n\u00ab\u00a0Notre m\u00e9thode a \u00e9t\u00e9 de confronter les programmes des candidats et des candidates \u00e0 une grille de 37 mesures structurantes que nous avons identifi\u00e9es avec notre r\u00e9seau, pour mettre la France sur la voie de la neutralit\u00e9 carbone.\u00a0\u00bb<br \/>\n\u00ab\u00a0Si on regarde dans les d\u00e9bats et les discours, la question climatique est insuffisamment \u00e9voqu\u00e9e du fait des m\u00e9dias.\u00a0\u00bb<br \/>\n\u00ab\u00a0Si on regarde les programmes, la question du climat est \u00e9voqu\u00e9e de mani\u00e8re invariable. Le climat est au c\u0153ur des programmes de Jean-Luc M\u00e9lenchon et de Yannick Jadot. Il est aussi assez pr\u00e9sent dans celui d\u2019Anne Hidalgo. Dans une certaine mesure aussi dans celui de Fabien Roussel. \u00c0 l\u2019inverse, il est compl\u00e8tement absent des programmes d\u2019extr\u00eame droite.\u00a0Et il n\u2019est pas assez pr\u00e9sent dans les programmes de Val\u00e9rie P\u00e9cresse et d\u2019Emmanuel Macron. \u00bb<br \/>\n\u00ab\u00a0Il y a un choix qui a \u00e9t\u00e9 fait des candidats du centre \u00e0 l\u2019extr\u00eame droite de ne pas faire du climat un enjeu majeur de leur programme et de leur discours.\u00a0\u00bb<\/p>\n<p><em>\u00a0<strong>Sur Emmanuel Macron\u00a0<\/em>\u00a0<\/strong><br \/>\n\u00ab\u00a0Macron p\u00eache sur pas mal d\u2019\u00e9l\u00e9ments. Tout au long de son quinquennat, on a eu beaucoup d\u2019annonces et peu de r\u00e9alisations concr\u00e8tes.\u00a0\u00bb<br \/>\n\u00ab\u00a0Dans le programme d\u2019Emmanuel Macron, il y a tr\u00e8s peu d&#8217;annonces. La transition \u00e9cologique, c\u2019est une page de son programme.\u00a0Rien sur les enjeux climatiques internationaux ou sur le verdissement du budget de l\u2019Etat. Rien sur le train, les transports collectifs ou le v\u00e9lo. Rien sur l\u2019\u00e9nergie. \u00bb<br \/>\n\u00ab\u00a0Il ne fait aucune proposition sur le d\u00e9veloppement de l\u2019agro-\u00e9cologie, de l\u2019agriculture biologique, la sortie de l\u2019\u00e9levage industriel, sur la baisse de la consommation de viande. Rien non plus sur le soutien aux agriculteurs pour aller vers des mod\u00e8les plus durables.\u00a0\u00bb<\/p>\n<p><em>\u00a0<strong>Sur les projets des candidats de droite et d\u2019extr\u00eame droite<\/em>\u00a0<\/strong><br \/>\n\u00ab\u00a0Le programme de P\u00e9cresse manque de pr\u00e9cision, comme celui d\u2019Anne Hidalgo. Avec P\u00e9cresse, comme avec Macron ou les candidats d\u2019extr\u00eame droite, on a l\u2019impression que les enjeux li\u00e9s au changement climatique n\u2019ont pas \u00e9t\u00e9 compl\u00e8tement saisis.\u00a0\u00bb<br \/>\n\u00ab\u00a0P\u00e9cresse est rest\u00e9e sur des sch\u00e9mas qui consistent \u00e0 croire que le d\u00e9veloppement technologique va r\u00e9gler seul le probl\u00e8me du d\u00e9fis climatique.\u00a0\u00bb<\/p>\n<p><em>\u00a0<strong>Sur Fabien Roussel \u00a0<\/em>\u00a0<\/strong><br \/>\n\u00ab Autant les autres candidats ont des propositions homog\u00e8nes, autant chez Roussel il y a des choses tr\u00e8s bien et d\u2019autres tr\u00e8s mitig\u00e9es.\u00a0\u00bb<br \/>\n\u00ab\u00a0Roussel a des bonnes propositions sur la restauration scolaire ou sur la ren\u00e9gociation des r\u00e8gles commerciales internationales sur l\u2019agriculture.\u00a0\u00bb<br \/>\n\u00ab\u00a0Sur la consommation de viande, si on n\u2019a pas une r\u00e9duction du cheptel industriel (\u2026), les objectifs climatiques de la France ne seront pas atteignables.\u00a0\u00bb<\/p>\n<p><em>\u00a0<strong>Sur le nucl\u00e9aire<\/em>\u00a0<\/strong><br \/>\n\u00ab Si un candidat ou une candidate ne souhaite pas sortir du nucl\u00e9aire voire relancer la construction de r\u00e9acteurs, il peut toujours cocher les autres 35 propositions du R\u00e9seau Action Climat.\u00a0\u00bb<br \/>\n\u00ab\u00a0Le R\u00e9seau Action Climat estime que la relance du nucl\u00e9aire n\u2019est pas une bonne solution pour atteindre les objectifs climatiques de la France.\u00a0\u00bb<br \/>\n\u00ab\u00a0Le nucl\u00e9aire r\u00e9pond pas \u00e0 l\u2019urgence climatique dans la mesure o\u00f9 la construction de nouveaux EPR ne produiraient pas d\u2019\u00e9lectricit\u00e9 avant 2037. Or la d\u00e9carbonation du secteur \u00e9nerg\u00e9tique doit aller beaucoup plus vite.\u00a0\u00bb<br \/>\n\u00ab\u00a0Le nucl\u00e9aire est un pari risqu\u00e9 quand on voit les d\u00e9boires de l\u2019EPR de Flamanville ou la vuln\u00e9rabilit\u00e9 du nucl\u00e9aire face aux crises, le risque d\u2019incident nucl\u00e9aire\u2026\u00a0\u00bb<\/p>\n<p><strong> <em>Les candidats et candidates \u00e0 la pr\u00e9sidentielle : alli\u00e9-es ou pas de R\u00e9seau Action Climat ?<\/em>\u00a0<\/strong><br \/>\n\u00ab\u00a0Il est important de faire en sorte que les promesses annonc\u00e9es soient concr\u00e9tis\u00e9es.\u00a0\u00bb<br \/>\n\u00ab\u00a0On a pu se rendre compte pendant le quinquennat Macron que beaucoup de promesses n\u2019avaient pas \u00e9t\u00e9 tenues.\u00a0\u00bb<br \/>\n\u00ab\u00a0Sur le quinquennat \u00e9coul\u00e9, on a eu pas mal d\u2019\u00e9coute de la part des d\u00e9put\u00e9s de la France insoumise et du Parti socialiste ainsi que des s\u00e9nateurs et s\u00e9natrices \u00e9cologistes, certains d\u00e9put\u00e9s de La R\u00e9publique En Marche aussi peuvent \u00eatre tr\u00e8s r\u00e9ceptifs mais les d\u00e9put\u00e9s centristes et Les R\u00e9publicains le sont par contre beaucoup moins.\u00a0\u00bb<br \/>\n\u00ab\u00a0Avec le R\u00e9seau Action Climat, on m\u00e8ne aussi un travail d\u2019analyse et de d\u00e9cryptage via les m\u00e9dias ou directement au grand public.\u00a0\u00bb<br \/>\n\u00ab\u00a0Le nucl\u00e9aire a un co\u00fbt qui emp\u00eache d\u2019investir massivement dans les \u00e9nergies renouvelables. La France est d\u00e9j\u00e0 particuli\u00e8rement \u00e0 la traine sur ce sujet : seulement 19% de nos \u00e9nergies renouvelables en sont issues, ce qui fait de la France le seul pays de l\u2019Union europ\u00e9enne qui n\u2019a pas atteint ses objectifs en la mati\u00e8re. \u00a0\u00bb<br \/>\n\u00ab\u00a0Nous pr\u00e9conisons le 100% \u00e9nergies renouvelables.\u00a0\u00bb<div id='gallery-1' class='gallery galleryid-13466 gallery-columns-3 gallery-size-thumbnail'><figure class='gallery-item'>\n\t\t\t<div class='gallery-icon landscape'>\n\t\t\t\t<a href='https:\/\/archives.regards.fr\/wp-content\/uploads\/2022\/03\/article_midinale-44-52d.png'><img loading=\"lazy\" decoding=\"async\" width=\"150\" height=\"150\" src=\"https:\/\/archives.regards.fr\/wp-content\/uploads\/2022\/03\/article_midinale-44-52d-150x150.png\" class=\"attachment-thumbnail size-thumbnail\" alt=\"article_midinale-44.png\" \/><\/a>\n\t\t\t<\/div><\/figure>\n\t\t<\/div>\n<\/p>\n","protected":false},"excerpt":{"rendered":"<p>L&#8217;association R\u00e9seau Action Climat a \u00e9valu\u00e9 les programmes de 8 des 12 candidat-es \u00e0 l&#8217;\u00e9lection pr\u00e9sidentielle. Benoit Granier, responsable alimentation, est l&#8217;invit\u00e9 de la Midinale.<\/p>\n","protected":false},"author":1204,"featured_media":31693,"comment_status":"open","ping_status":"open","sticky":false,"template":"","format":"standard","meta":{"_themeisle_gutenberg_block_has_review":false,"footnotes":""},"categories":[238],"tags":[293],"class_list":["post-13466","post","type-post","status-publish","format-standard","has-post-thumbnail","hentry","category-la-midinale","tag-entretien"],"_links":{"self":[{"href":"https:\/\/archives.regards.fr\/index.php?rest_route=\/wp\/v2\/posts\/13466","targetHints":{"allow":["GET"]}}],"collection":[{"href":"https:\/\/archives.regards.fr\/index.php?rest_route=\/wp\/v2\/posts"}],"about":[{"href":"https:\/\/archives.regards.fr\/index.php?rest_route=\/wp\/v2\/types\/post"}],"author":[{"embeddable":true,"href":"https:\/\/archives.regards.fr\/index.php?rest_route=\/wp\/v2\/users\/1204"}],"replies":[{"embeddable":true,"href":"https:\/\/archives.regards.fr\/index.php?rest_route=%2Fwp%2Fv2%2Fcomments&post=13466"}],"version-history":[{"count":0,"href":"https:\/\/archives.regards.fr\/index.php?rest_route=\/wp\/v2\/posts\/13466\/revisions"}],"wp:featuredmedia":[{"embeddable":true,"href":"https:\/\/archives.regards.fr\/index.php?rest_route=\/wp\/v2\/media\/31693"}],"wp:attachment":[{"href":"https:\/\/archives.regards.fr\/index.php?rest_route=%2Fwp%2Fv2%2Fmedia&parent=13466"}],"wp:term":[{"taxonomy":"category","embeddable":true,"href":"https:\/\/archives.regards.fr\/index.php?rest_route=%2Fwp%2Fv2%2Fcategories&post=13466"},{"taxonomy":"post_tag","embeddable":true,"href":"https:\/\/archives.regards.fr\/index.php?rest_route=%2Fwp%2Fv2%2Ftags&post=13466"}],"curies":[{"name":"wp","href":"https:\/\/api.w.org\/{rel}","templated":true}]}}