{"id":13462,"date":"2022-03-22T15:14:00","date_gmt":"2022-03-22T14:14:00","guid":{"rendered":"https:\/\/wp.muchomaas.com\/article-eddie-jacquemart-le-prochain-president-de-la-republique-devra-augmenter-les-apl\/"},"modified":"2023-06-24T00:26:16","modified_gmt":"2023-06-23T22:26:16","slug":"article-eddie-jacquemart-le-prochain-president-de-la-republique-devra-augmenter-les-apl","status":"publish","type":"post","link":"https:\/\/archives.regards.fr\/?p=13462","title":{"rendered":"Eddie Jacquemart : \u00ab Le prochain pr\u00e9sident de la R\u00e9publique devra augmenter les APL de 30% \u00bb"},"content":{"rendered":"<p class=\"post_excerpt\">Lundi 21 mars se tenaient les \u00c9tats g\u00e9n\u00e9raux de l&#8217;habitat 2022 organis\u00e9s par la Conf\u00e9d\u00e9ration national du logement en partenariat avec la revue <em>Regards<\/em> et le magazine <em>Logement et famille<\/em>. Pour en parler, le pr\u00e9sident de la CNL, Eddie Jacquemart, est l&#8217;invit\u00e9 de #LaMidinale.<\/p>\n<h2>UNE MIDINALE \u00c0 VOIR&#8230;<\/h2>\n<p><iframe loading=\"lazy\" width=\"490\" height=\"276\" src=\"https:\/\/www.youtube.com\/embed\/Ry_32Ok918g\" title=\"YouTube video player\" frameborder=\"0\" allow=\"accelerometer; autoplay; clipboard-write; encrypted-media; gyroscope; picture-in-picture\" allowfullscreen><\/iframe><\/p>\n<p>&nbsp;<\/p>\n<p><p>&nbsp;<\/p>\n<p><h2>ET \u00c0 LIRE&#8230;<\/h2>\n<p><em> <strong>Sur la non-inivtation de l\u2019extr\u00eame droite aux Etats g\u00e9n\u00e9raux de l\u2019habitat<\/strong> <\/em><br \/>\n\u00ab Dans le cadre des Etats g\u00e9n\u00e9raux des habitants 2022, nous n\u2019avons pas souhait\u00e9 inviter l\u2019extr\u00eame droite parce qu\u2019ils tiennent des propos vis-\u00e0-vis des populations qui vivent dans le logement social. \u00bb<br \/>\n\u00ab Nous avons port\u00e9 plainte contre l\u2019un des candidats dont le nom commence par Z car il a tenu des propos injurieux \u00e0 l\u2019\u00e9gard des 11 millions des habitants de HLM. \u00bb<br \/>\n\u00ab Les partis d\u2019extr\u00eame droite sont totalement \u00e0 l\u2019oppos\u00e9 de ce que nous on d\u00e9fend \u00e0 la CNL au quotidien et aupr\u00e8s des familles. \u00bb<\/p>\n<p><em> <strong>Sur la question du logement dans la campagne pr\u00e9sidentielle<\/strong> <\/em><br \/>\n\u00ab La campagne de l\u2019\u00e9lection pr\u00e9sidentielle est pollu\u00e9e par des d\u00e9bats st\u00e9riles sur les probl\u00e8mes d\u2019identit\u00e9 nationale et de s\u00e9curit\u00e9 et pas sur les vrais probl\u00e8mes de Fran\u00e7ais. \u00bb<br \/>\n\u00ab Le logement est la base de tout : quand on n\u2019a pas de logement, on n\u2019a pas de sant\u00e9, on n\u2019a pas de travail, on n\u2019a pas d\u2019\u00e9panouissement personnel. \u00bb<\/p>\n<p><em> <strong>Sur la premi\u00e8re mesure \u00e0 prendre pour le pr\u00e9sident de la R\u00e9publique pour le logement<\/strong> <\/em><br \/>\n\u00ab La premi\u00e8re urgence, c\u2019est de r\u00e9augmenter tout de suite les APL qui ont subi, pendant le quinquennat Macron, une coupe sombre de 15 milliards cumul\u00e9s. \u00bb<br \/>\n\u00ab Le pr\u00e9sident de la R\u00e9publique \u00e9lu le 24 avril au soir devrait tout de suite augmenter de 30% le montant des APL et d\u2019en rehausser les plafonds. \u00bb<\/p>\n<p><em> <strong>Sur les consensus et les dissensus \u00e0 gauche sur la question du logement<\/strong> <\/em><br \/>\n\u00ab Majoritairement, il y a un consensus [dans la gauche et chez les \u00e9cologistes] sur les propositions de la CNL &#8211; sauf un repr\u00e9sentant d\u2019une candidate [Anne Hidalgo] qui a voulu syst\u00e9matiquement att\u00e9nuer et nuancer les propositions. \u00bb<br \/>\n\u00ab Il y a une n\u00e9cessit\u00e9 de constructions massives de logement social. \u00bb<br \/>\n\u00ab Le bilan Macron est une catastrophe en mati\u00e8re de constructions de logement social : en 2021, on est en-dessous des 100.000 logements construits. \u00bb<br \/>\n\u00ab Normalement, les gouvernements de gauche sont plut\u00f4t constructeurs de logement social et les gouvernements de droite d\u2019accession \u00e0 la propri\u00e9t\u00e9. Emmanuel Macron, lui, n\u2019a rien fait du tout. Il n\u2019a rien essay\u00e9 de faire contre la crise du logement qui s\u00e9vit depuis plus de 40 ans. \u00bb<\/p>\n<p><em> <strong>Sur la construction de logement social<\/strong> <\/em><br \/>\n\u00ab Il faut construire du logement social partout mais la difficult\u00e9, c\u2019est qu\u2019on ne peut pas construire et laisser les logements vacants\u2026 Il faut donc aussi organiser le territoire en mettant aussi de l\u2019emploi ! \u00bb<\/p>\n<p><em> <strong>Sur le respect de la loi SRU qui impose au moins 25% de logements sociaux par commune<\/strong> <\/em><br \/>\n\u00ab La pr\u00e9fecture peut reprendre la main sur les permis de construire. \u00bb<br \/>\n\u00ab La solution politique, c\u2019est de rendre in\u00e9ligible les maires qui ne respectent pas la loi SRU pour des raisons volontaires. \u00bb<br \/>\n\u00ab On ne peut pas s\u2019exon\u00e9rer des respecter une loi en faisant payer une amende par l\u2019imp\u00f4t des contribuables. \u00bb<\/p>\n<p><em> <strong>Sur l\u2019inscription du droit au logement dans la Constitution<\/strong> <\/em><br \/>\n\u00ab Il faut r\u00e9\u00e9quilibrer les choses : actuellement, dans la Constitution, il y a le sacrosaint droit de propri\u00e9t\u00e9 car c\u2019est en son nom que l\u2019on peut prendre des arr\u00eat\u00e9s d\u2019expulsion. \u00bb<br \/>\n\u00ab Tant que le logement sera sur des pr\u00e9sentoirs des banques comme un outil de placement et de d\u00e9fiscalisation, on ne r\u00e9soudra pas la crise du logement. \u00bb<\/p>\n<p><em> <strong>Sur l\u2019accueil des r\u00e9fugi\u00e9s<\/strong> <\/em><br \/>\n\u00ab A la CNL, on n\u2019oppose pas les gens entre eux : on accueille tout le monde, y compris les r\u00e9fugi\u00e9s de la rue. \u00bb<br \/>\n\u00ab On est pour une universalit\u00e9 de l\u2019accueil des r\u00e9fugi\u00e9s. \u00bb<br \/>\n\u00ab C\u2019est normal pour un pays comme la France d\u2019accueillir les r\u00e9fugi\u00e9s de guerre quels qu\u2019ils soient &#8211; on parle des Ukrainiens mais ils ne sont pas les seuls \u00e0 fuir la guerre ou leur pays. \u00bb<br \/>\n\u00ab N\u2019oublions pas nos r\u00e9fugi\u00e9s de chez nous qui sont ceux de la crise \u00e9conomique qui risquent l\u2019expulsion au 1er avril. \u00bb<div id='gallery-1' class='gallery galleryid-13462 gallery-columns-3 gallery-size-thumbnail'><figure class='gallery-item'>\n\t\t\t<div class='gallery-icon landscape'>\n\t\t\t\t<a href='https:\/\/archives.regards.fr\/wp-content\/uploads\/2022\/03\/article_midinale-42-dd9.png'><img loading=\"lazy\" decoding=\"async\" width=\"150\" height=\"150\" src=\"https:\/\/archives.regards.fr\/wp-content\/uploads\/2022\/03\/article_midinale-42-dd9-150x150.png\" class=\"attachment-thumbnail size-thumbnail\" alt=\"article_midinale-42.png\" \/><\/a>\n\t\t\t<\/div><\/figure>\n\t\t<\/div>\n<\/p>\n","protected":false},"excerpt":{"rendered":"<p>Lundi 21 mars se tenaient les \u00c9tats g\u00e9n\u00e9raux de l&#8217;habitat 2022 organis\u00e9s par la Conf\u00e9d\u00e9ration national du logement en partenariat avec la revue <em>Regards<\/em> et le magazine <em>Logement et famille<\/em>. Pour en parler, le pr\u00e9sident de la CNL, Eddie Jacquemart, est l&#8217;invit\u00e9 de #LaMidinale.<\/p>\n","protected":false},"author":1039,"featured_media":31681,"comment_status":"open","ping_status":"open","sticky":false,"template":"","format":"standard","meta":{"_themeisle_gutenberg_block_has_review":false,"footnotes":""},"categories":[238],"tags":[293],"class_list":["post-13462","post","type-post","status-publish","format-standard","has-post-thumbnail","hentry","category-la-midinale","tag-entretien"],"_links":{"self":[{"href":"https:\/\/archives.regards.fr\/index.php?rest_route=\/wp\/v2\/posts\/13462","targetHints":{"allow":["GET"]}}],"collection":[{"href":"https:\/\/archives.regards.fr\/index.php?rest_route=\/wp\/v2\/posts"}],"about":[{"href":"https:\/\/archives.regards.fr\/index.php?rest_route=\/wp\/v2\/types\/post"}],"author":[{"embeddable":true,"href":"https:\/\/archives.regards.fr\/index.php?rest_route=\/wp\/v2\/users\/1039"}],"replies":[{"embeddable":true,"href":"https:\/\/archives.regards.fr\/index.php?rest_route=%2Fwp%2Fv2%2Fcomments&post=13462"}],"version-history":[{"count":0,"href":"https:\/\/archives.regards.fr\/index.php?rest_route=\/wp\/v2\/posts\/13462\/revisions"}],"wp:featuredmedia":[{"embeddable":true,"href":"https:\/\/archives.regards.fr\/index.php?rest_route=\/wp\/v2\/media\/31681"}],"wp:attachment":[{"href":"https:\/\/archives.regards.fr\/index.php?rest_route=%2Fwp%2Fv2%2Fmedia&parent=13462"}],"wp:term":[{"taxonomy":"category","embeddable":true,"href":"https:\/\/archives.regards.fr\/index.php?rest_route=%2Fwp%2Fv2%2Fcategories&post=13462"},{"taxonomy":"post_tag","embeddable":true,"href":"https:\/\/archives.regards.fr\/index.php?rest_route=%2Fwp%2Fv2%2Ftags&post=13462"}],"curies":[{"name":"wp","href":"https:\/\/api.w.org\/{rel}","templated":true}]}}