{"id":13457,"date":"2022-03-21T10:01:14","date_gmt":"2022-03-21T09:01:14","guid":{"rendered":"https:\/\/wp.muchomaas.com\/article-campagne-presidentielle-la-democratie-la-politique-et-le-debat\/"},"modified":"2023-06-24T00:26:06","modified_gmt":"2023-06-23T22:26:06","slug":"article-campagne-presidentielle-la-democratie-la-politique-et-le-debat","status":"publish","type":"post","link":"https:\/\/archives.regards.fr\/?p=13457","title":{"rendered":"Campagne pr\u00e9sidentielle : la d\u00e9mocratie, la politique et le d\u00e9bat"},"content":{"rendered":"<p class=\"post_excerpt\">Cette semaine, dans \u00ab Des bi\u00e8res, des chips et des gauchistes \u00bb, on s&#8217;est pos\u00e9 la question de ce qu&#8217;\u00e9tait \u2013 ou pouvait \u00eatre \u2013 un d\u00e9bat dans le cadre de la d\u00e9mocratie mais aussi dans le cadre de la gauche. Pas \u00e9vident de se dire qu&#8217;aujourd&#8217;hui, cela serve vraiment \u00e0 quelque chose&#8230; Avec Marie Luchi, Paul Elek et Pablo Pillaud-Vivien.<\/p>\n<p><iframe loading=\"lazy\" width=\"490\" height=\"276\" src=\"https:\/\/www.youtube.com\/embed\/YoR5vw1E4Yc\" title=\"YouTube video player\" frameborder=\"0\" allow=\"accelerometer; autoplay; clipboard-write; encrypted-media; gyroscope; picture-in-picture\" allowfullscreen><\/iframe><div id='gallery-1' class='gallery galleryid-13457 gallery-columns-3 gallery-size-thumbnail'><figure class='gallery-item'>\n\t\t\t<div class='gallery-icon landscape'>\n\t\t\t\t<a href='https:\/\/archives.regards.fr\/wp-content\/uploads\/2022\/03\/startup_screen_desbieresdeschips-2-e90.png'><img loading=\"lazy\" decoding=\"async\" width=\"150\" height=\"150\" src=\"https:\/\/archives.regards.fr\/wp-content\/uploads\/2022\/03\/startup_screen_desbieresdeschips-2-e90-150x150.png\" class=\"attachment-thumbnail size-thumbnail\" alt=\"startup_screen_desbieresdeschips-2.png\" \/><\/a>\n\t\t\t<\/div><\/figure>\n\t\t<\/div>\n<\/p>\n","protected":false},"excerpt":{"rendered":"<p>Cette semaine, dans \u00ab Des bi\u00e8res, des chips et des gauchistes \u00bb, on s&#8217;est pos\u00e9 la question de ce qu&#8217;\u00e9tait \u2013 ou pouvait \u00eatre \u2013 un d\u00e9bat dans le cadre de la d\u00e9mocratie mais aussi dans le cadre de la gauche. Pas \u00e9vident de se dire qu&#8217;aujourd&#8217;hui, cela serve vraiment \u00e0 quelque chose&#8230; Avec Marie Luchi, Paul Elek et Pablo Pillaud-Vivien.<\/p>\n","protected":false},"author":1204,"featured_media":31671,"comment_status":"open","ping_status":"open","sticky":false,"template":"","format":"standard","meta":{"_themeisle_gutenberg_block_has_review":false,"footnotes":""},"categories":[275],"tags":[515],"class_list":["post-13457","post","type-post","status-publish","format-standard","has-post-thumbnail","hentry","category-debats","tag-presidentielle-2022"],"_links":{"self":[{"href":"https:\/\/archives.regards.fr\/index.php?rest_route=\/wp\/v2\/posts\/13457","targetHints":{"allow":["GET"]}}],"collection":[{"href":"https:\/\/archives.regards.fr\/index.php?rest_route=\/wp\/v2\/posts"}],"about":[{"href":"https:\/\/archives.regards.fr\/index.php?rest_route=\/wp\/v2\/types\/post"}],"author":[{"embeddable":true,"href":"https:\/\/archives.regards.fr\/index.php?rest_route=\/wp\/v2\/users\/1204"}],"replies":[{"embeddable":true,"href":"https:\/\/archives.regards.fr\/index.php?rest_route=%2Fwp%2Fv2%2Fcomments&post=13457"}],"version-history":[{"count":0,"href":"https:\/\/archives.regards.fr\/index.php?rest_route=\/wp\/v2\/posts\/13457\/revisions"}],"wp:featuredmedia":[{"embeddable":true,"href":"https:\/\/archives.regards.fr\/index.php?rest_route=\/wp\/v2\/media\/31671"}],"wp:attachment":[{"href":"https:\/\/archives.regards.fr\/index.php?rest_route=%2Fwp%2Fv2%2Fmedia&parent=13457"}],"wp:term":[{"taxonomy":"category","embeddable":true,"href":"https:\/\/archives.regards.fr\/index.php?rest_route=%2Fwp%2Fv2%2Fcategories&post=13457"},{"taxonomy":"post_tag","embeddable":true,"href":"https:\/\/archives.regards.fr\/index.php?rest_route=%2Fwp%2Fv2%2Ftags&post=13457"}],"curies":[{"name":"wp","href":"https:\/\/api.w.org\/{rel}","templated":true}]}}