{"id":13454,"date":"2022-03-18T16:38:13","date_gmt":"2022-03-18T15:38:13","guid":{"rendered":"https:\/\/wp.muchomaas.com\/article-algerie-en-2-ans-tebboune-a-dresse-plus-de-citoyens-contre-lui-que-bouteflika\/"},"modified":"2023-06-24T00:26:05","modified_gmt":"2023-06-23T22:26:05","slug":"article-algerie-en-2-ans-tebboune-a-dresse-plus-de-citoyens-contre-lui-que-bouteflika","status":"publish","type":"post","link":"https:\/\/archives.regards.fr\/?p=13454","title":{"rendered":"Alg\u00e9rie : \u00ab En 2 ans, Tebboune a dress\u00e9 plus de citoyens contre lui que Bouteflika en 20 ans \u00bb"},"content":{"rendered":"<p class=\"post_excerpt\">A la veille de l\u2019anniversaire de la signature des accords de cessez-le-feu d&#8217;Evian qui ouvraient la voie \u00e0 l\u2019ind\u00e9pendance de l\u2019Alg\u00e9rie, Yacine Teguia, producteur de cin\u00e9ma et cadre du Mouvement d\u00e9mocratique et social, est l\u2019invit\u00e9 de #LaMidinale.<\/p>\n<h2>UNE MIDINALE \u00c0 VOIR&#8230;<\/h2>\n<p><iframe loading=\"lazy\" width=\"490\" height=\"276\" src=\"https:\/\/www.youtube.com\/embed\/K-lVPeMj84I\" title=\"YouTube video player\" frameborder=\"0\" allow=\"accelerometer; autoplay; clipboard-write; encrypted-media; gyroscope; picture-in-picture\" allowfullscreen><\/iframe><\/p>\n<p>&nbsp;<\/p>\n<p><h2>ET \u00c0 LIRE&#8230;<\/h2>\n<p><strong>Sur la paix entre la France et l\u2019Alg\u00e9rie<\/strong><br \/>\n\u00ab Dans les ann\u00e9es 90, l\u2019Alg\u00e9rie a renou\u00e9 avec la violence. \u00bb<br \/>\n\u00ab On a trop souvent fait un parall\u00e8le entre la guerre d\u2019Alg\u00e9rie et les violences qui \u00e9taient commises par les groupes islamistes en Alg\u00e9rie contre la soci\u00e9t\u00e9. \u00bb<br \/>\n\u00ab On a trop fait le parall\u00e8le entre l\u2019arm\u00e9e nationale populaire alg\u00e9rienne et le r\u00f4le qu\u2019a pu jouer l\u2019arm\u00e9e fran\u00e7aise. \u00bb<br \/>\n\u00ab On peut consid\u00e9rer aujourd\u2019hui que l\u2019Alg\u00e9rie est un pays relativement stable du point de vue de la violence m\u00eame s\u2019il existe encore quelques violences \u00e9pisodiques. \u00bb<br \/>\n\u00ab Malheureusement, le terrorisme frappe encore de nombreux pays et la France en a \u00e9t\u00e9 victime en 2015 avec des attentats sanglants. Je pense qu\u2019en Alg\u00e9rie aujourd\u2019hui, on a d\u00e9pass\u00e9 ce genre de chose. \u00bb<\/p>\n<p><strong>Sur ce que comm\u00e9morent les Alg\u00e9riens<\/strong><br \/>\n\u00ab Assez curieusement, on a l\u2019impression que le pouvoir alg\u00e9rien a oubli\u00e9 que nous \u00e9tions l\u2019ann\u00e9e du soixanti\u00e8me anniversaire de l\u2019ind\u00e9pendance. \u00bb<br \/>\n\u00ab Officiellement, le 19 mars &#8211; date du cessez-le-feu &#8211; est une date c\u00e9l\u00e9br\u00e9e en Alg\u00e9rie. \u00bb<br \/>\n\u00ab On a l\u2019impression que le pouvoir ne pr\u00e9pare en rien la comm\u00e9moration officielle, comme s\u2019il se sentait lui-m\u00eame ill\u00e9gitime \u00e0 c\u00e9l\u00e9brer face \u00e0 un mouvement populaire, le Hirak qui a \u00e9merg\u00e9 en 2019 et qui voulait articuler souverainet\u00e9 nationale et souverainet\u00e9 populaire l\u00e0 o\u00f9 le pouvoir semble lui-m\u00eame les opposer. \u00bb<br \/>\n\u00ab Il y a encore un sujet de conflit entre les alg\u00e9riens et le pouvoir autour de cette m\u00e9moire. \u00bb<br \/>\n\u00ab Les Alg\u00e9riens ont l\u2019impression qu\u2019on leur a vol\u00e9 cette m\u00e9moire et qu\u2019on ment sur l\u2019\u00e9criture de leur histoire. \u00bb<br \/>\n\u00ab J\u2019ai le sentiment que les Alg\u00e9riens n\u2019attendent pas n\u00e9cessairement des comm\u00e9morations officielles mais par des initiatives citoyennes jusqu\u2019\u00e0 des cr\u00e9ations th\u00e9\u00e2trales, des ouvrages d\u2019historiens ou de t\u00e9moignages, voire des expositions. \u00bb <\/p>\n<p><strong>Sur comm\u00e9moration contre c\u00e9l\u00e9bration<\/strong><br \/>\n\u00ab La s\u00e9mantique est r\u00e9v\u00e9latrice de l\u2019approche que l\u2019on a de ce moment-l\u00e0 de l\u2019histoire. Certains ont encore des difficult\u00e9s \u00e0 le c\u00e9l\u00e9brer. \u00bb<br \/>\n\u00ab Le ch\u00f4mage, l\u2019inflation \u00e0 deux chiffres : on est devant des probl\u00e8mes consid\u00e9rables et on imagine difficilement, dans ce contexte, organiser une c\u00e9l\u00e9bration. \u00bb<br \/>\n\u00ab Le pouvoir fran\u00e7ais a fait avancer consid\u00e9rablement les choses dans les relations entre la France et l\u2019Alg\u00e9rie, la d\u00e9marche fran\u00e7aise reste encore empreinte &#8211; non plus du poids du pass\u00e9 &#8211; mais des consid\u00e9rations pr\u00e9sentes et \u00e0 venir. Ces consid\u00e9rations p\u00e8sent lourdement en ce moment de reconfiguration g\u00e9ostrat\u00e9gique \u00e0 l\u2019\u00e9chelle mondiale &#8211; et r\u00e9gionale d\u2019abord. La fran\u00e7afrique est en train d\u2019\u00eatre tr\u00e8s s\u00e9rieusement remise en cause. \u00bb<br \/>\n\u00ab Le conflit en Ukraine nous montre bien que les relations internationales, l\u2019architecture de ces relations, est en train d\u2019\u00eatre revue \u00e0 l\u2019\u00e9chelle mondiale et je pense que ces deux ph\u00e9nom\u00e8nes p\u00e8sent lourdement dans les relations alg\u00e9ro-fran\u00e7aises. \u00bb<\/p>\n<p><strong>Sur le peuple et le pouvoir alg\u00e9rien<\/strong><br \/>\n\u00ab Le pouvoir, autour de la question de la m\u00e9moire, prend le risque de se voir d\u00e9pouiller de l\u2019\u00e9l\u00e9ment principal de sa l\u00e9gitimit\u00e9 depuis soixante ans. \u00bb<br \/>\n\u00ab Le pouvoir a v\u00e9cu d\u2019une rente historique de ce qu\u2019on appelle la l\u00e9gitimit\u00e9 historique. C\u2019est au nom du combat men\u00e9 pour l\u2019ind\u00e9pendance que les dirigeants ont r\u00e9gn\u00e9 sur ce pays. \u00bb<br \/>\n\u00ab Le pouvoir alg\u00e9rien agit dans l\u2019arbitraire le plus complet depuis des d\u00e9cennies. \u00bb<br \/>\n\u00ab Les Alg\u00e9riens, en remettant en cause cet arbitraire remettent aussi en cause cet \u00e9l\u00e9ment de cette l\u00e9gitimation. Non pas que la guerre d\u2019ind\u00e9pendance serait ill\u00e9gitime mais c\u2019est l\u2019instrumentalisation qui en est faite par le pouvoir qui est ill\u00e9gitime. \u00bb<br \/>\n\u00ab Il s\u2019agit pour la soci\u00e9t\u00e9 alg\u00e9rienne de se r\u00e9approprier un patrimoine commun. \u00bb<br \/>\n\u00ab Au-del\u00e0 de la m\u00e9moire de la guerre d\u2019Alg\u00e9rie, il y a d\u2019autres \u00e9v\u00e9nements historiques qui sont survenus depuis l\u2019ind\u00e9pendance que les alg\u00e9riens veulent \u00e9voquer et qui mettent le pouvoir en accusation : que ce soit la r\u00e9pression \u00e0 l\u2019issue du coup d\u2019Etat de 65, la r\u00e9pression en avril 80 en Kabylie, la r\u00e9pression en octobre 88 avec des centaines de morts ou encore la Kabylie en 2001. \u00bb<br \/>\n\u00ab L\u2019histoire de l\u2019Alg\u00e9rie ind\u00e9pendante n\u2019est qu\u2019une succession de luttes au nom de l\u2019Etat de droit et de la d\u00e9mocratie auquel le pouvoir a oppos\u00e9 la violence et la r\u00e9pression. \u00bb<br \/>\n\u00ab Il s\u2019agit de r\u00e9\u00e9crire un r\u00e9cit national commun. C\u2019est un enjeu essentiel du Hirak. \u00bb<\/p>\n<p><strong>Sur le Hirak<\/strong><br \/>\n\u00ab Le Hirak existe sous deux formes : d\u2019abord par la r\u00e9sistance \u00e0 la r\u00e9pression actuelle m\u00eame si on n\u2019assiste plus aux grandes marches populaires auxquelles on a eu droit pendant un an et demi et avec le Covid, elles ont reflu\u00e9. Beaucoup sous estiment aussi un autre mouvement qui me semble essentiel : le mouvement de gr\u00e8ve qui s\u2019\u00e9tend \u00e0 toute l\u2019Alg\u00e9rie. \u00bb<br \/>\n\u00ab Dans toute l\u2019Alg\u00e9rie, on observe de gr\u00e8ves quotidiennes. \u00bb<br \/>\n\u00ab Il y a une jonction qui est en train de se faire entre les revendications sociales et la revendication politique. \u00bb<br \/>\n\u00ab Un des slogans du Hirak \u00e9tait : pour une Alg\u00e9rie d\u00e9mocratique et sociale. On est en train d\u2019assister \u00e0 la mont\u00e9e de ces revendications sans opposer social et d\u00e9mocratie mais, au contraire, en les associant. \u00bb<br \/>\n\u00ab Le pouvoir a fait \u00e9merger une classe moyenne. \u00bb<br \/>\n\u00ab Ces classes moyennes ont des aspirations toujours plus grandes. \u00bb<br \/>\n\u00ab Je pense que le terme du pouvoir par Tebboune est proche. Il devra partir. \u00bb<br \/>\n\u00ab Tebboune a r\u00e9ussi ce tour de force colossal de dresser contre lui, en deux ans, plus de citoyens que Bouteflika en vingt ans. \u00bb<br \/>\n\u00ab Tebboune ne r\u00e9sistera pas \u00e0 la col\u00e8re et aux attentes du peuple alg\u00e9rien. \u00bb<\/p>\n<p><strong>Sur le pr\u00e9sident alg\u00e9rien Abdelmadjid Tebboune<\/strong><br \/>\n\u00ab Abdelmadjid Tebboune incarne les institutions s\u00e9curitaires : l\u2019arm\u00e9e, la police et la gendarmerie auxquelles les Alg\u00e9riens accordent le cr\u00e9dit d\u2019avoir assur\u00e9 leur s\u00e9curit\u00e9 du pays. \u00bb<br \/>\n\u00ab Les Alg\u00e9riens ont lutt\u00e9 contre le terrorisme islamiste mais ils reconnaissent les sacrifices consentis par l\u2019arm\u00e9e &#8211; m\u00eame s\u2019ils ne l\u2019accordent pas \u00e0 l\u2019\u00e9tat major de l\u2019arm\u00e9e. \u00bb<br \/>\n\u00ab Il y a des contradictions au sein du pouvoir et cela fait peur aux Alg\u00e9riens : si, au moment du cessez-le-feu et de l\u2019ind\u00e9pendance en 1962, on parlait beaucoup de congolisation, le risque est toujours l\u00e0 de voir l\u2019Etat (et pas le pouvoir) se diviser avec des institutions qui s\u2019opposent les unes aux autres. \u00bb<br \/>\n\u00ab Il y a une fragilit\u00e9 de l\u2019Etat qui fait que les uns et les autres, aussi bien dans les institutions avec ceux qui souhaitent une transformation pacifi\u00e9e de l\u2019Alg\u00e9rie, que dans la soci\u00e9t\u00e9, certains segments de la population qui craignent une trop grande radicalisation du Hirak. \u00bb<br \/>\n\u00ab Il y aura s\u00fbrement une sorte de compromis qui va \u00eatre trouv\u00e9 mais ce ne sera pas avec Abdelmadjid Tebboune. \u00bb<br \/>\n\u00ab L\u2019Alg\u00e9rie veut peser sur la recomposition g\u00e9ostrat\u00e9gique du monde. \u00bb<br \/>\n\u00ab L\u2019Alg\u00e9rie peut peser sur l\u2019Afrique du Nord qui est agit\u00e9e par des contestations et des remises en cause de pouvoir, au Maghreb comme en Afrique subsaharienne : elle peut jouer le r\u00f4le de stabilisateur de la r\u00e9gion et participer \u00e0 la construction d\u2019un nouvel ensemble maghr\u00e9bo-sah\u00e9lien. \u00bb<br \/>\n\u00ab L\u2019Alg\u00e9rie peut influer dans les rapports en M\u00e9diterran\u00e9e notamment entre l\u2019Afrique du Nord &#8211; et l\u2019Afrique en g\u00e9n\u00e9ral &#8211; et l\u2019Europe : il faut se rappeler que le gazoduc alg\u00e9rien a \u00e9t\u00e9 ferm\u00e9 avant le d\u00e9but du conflit en Ukraine. \u00bb<br \/>\n\u00ab Il se trouve qu\u2019Emmanuel Macron s\u2019est propos\u00e9, \u00e0 l\u2019occasion des responsabilit\u00e9s qu\u2019il occupe au sein de l\u2019Union europ\u00e9enne, de rediscuter les accords entre l\u2019Europe et les pays africains : la posture alg\u00e9rienne sur la question du gaz est peut-\u00eatre une anticipation de cette n\u00e9gociation. \u00bb<br \/>\n\u00ab D\u2019un point de vue g\u00e9ostrat\u00e9gique, il y a la question du non-alignement : l\u2019Europe sera-t-elle un ensemble qui arrivera \u00e0 s\u2019autonomiser, notamment vis-\u00e0-vis de l\u2019OTAN et des Etats-Unis ? Et pour l\u2019Afrique, il y a la question du maintien de son statut de non-align\u00e9. \u00bb<br \/>\n<div id='gallery-1' class='gallery galleryid-13454 gallery-columns-3 gallery-size-thumbnail'><figure class='gallery-item'>\n\t\t\t<div class='gallery-icon landscape'>\n\t\t\t\t<a href='https:\/\/archives.regards.fr\/wp-content\/uploads\/2022\/03\/article_midinale-40-a75.png'><img loading=\"lazy\" decoding=\"async\" width=\"150\" height=\"150\" src=\"https:\/\/archives.regards.fr\/wp-content\/uploads\/2022\/03\/article_midinale-40-a75-150x150.png\" class=\"attachment-thumbnail size-thumbnail\" alt=\"article_midinale-40.png\" \/><\/a>\n\t\t\t<\/div><\/figure>\n\t\t<\/div>\n<\/p>\n","protected":false},"excerpt":{"rendered":"<p>A la veille de l\u2019anniversaire de la signature des accords de cessez-le-feu d&#8217;Evian qui ouvraient la voie \u00e0 l\u2019ind\u00e9pendance de l\u2019Alg\u00e9rie, Yacine Teguia, producteur de cin\u00e9ma et cadre du Mouvement d\u00e9mocratique et social, est l\u2019invit\u00e9 de #LaMidinale.<\/p>\n","protected":false},"author":1204,"featured_media":31665,"comment_status":"open","ping_status":"open","sticky":false,"template":"","format":"standard","meta":{"_themeisle_gutenberg_block_has_review":false,"footnotes":""},"categories":[238],"tags":[],"class_list":["post-13454","post","type-post","status-publish","format-standard","has-post-thumbnail","hentry","category-la-midinale"],"_links":{"self":[{"href":"https:\/\/archives.regards.fr\/index.php?rest_route=\/wp\/v2\/posts\/13454","targetHints":{"allow":["GET"]}}],"collection":[{"href":"https:\/\/archives.regards.fr\/index.php?rest_route=\/wp\/v2\/posts"}],"about":[{"href":"https:\/\/archives.regards.fr\/index.php?rest_route=\/wp\/v2\/types\/post"}],"author":[{"embeddable":true,"href":"https:\/\/archives.regards.fr\/index.php?rest_route=\/wp\/v2\/users\/1204"}],"replies":[{"embeddable":true,"href":"https:\/\/archives.regards.fr\/index.php?rest_route=%2Fwp%2Fv2%2Fcomments&post=13454"}],"version-history":[{"count":0,"href":"https:\/\/archives.regards.fr\/index.php?rest_route=\/wp\/v2\/posts\/13454\/revisions"}],"wp:featuredmedia":[{"embeddable":true,"href":"https:\/\/archives.regards.fr\/index.php?rest_route=\/wp\/v2\/media\/31665"}],"wp:attachment":[{"href":"https:\/\/archives.regards.fr\/index.php?rest_route=%2Fwp%2Fv2%2Fmedia&parent=13454"}],"wp:term":[{"taxonomy":"category","embeddable":true,"href":"https:\/\/archives.regards.fr\/index.php?rest_route=%2Fwp%2Fv2%2Fcategories&post=13454"},{"taxonomy":"post_tag","embeddable":true,"href":"https:\/\/archives.regards.fr\/index.php?rest_route=%2Fwp%2Fv2%2Ftags&post=13454"}],"curies":[{"name":"wp","href":"https:\/\/api.w.org\/{rel}","templated":true}]}}