{"id":13450,"date":"2022-03-16T15:03:15","date_gmt":"2022-03-16T14:03:15","guid":{"rendered":"https:\/\/wp.muchomaas.com\/article-7-ans-que-les-nationalistes-sont-au-pouvoir-en-corse-et-rien-n-a\/"},"modified":"2023-06-24T00:26:05","modified_gmt":"2023-06-23T22:26:05","slug":"article-7-ans-que-les-nationalistes-sont-au-pouvoir-en-corse-et-rien-n-a","status":"publish","type":"post","link":"https:\/\/archives.regards.fr\/?p=13450","title":{"rendered":"\u00ab 7 ans que les nationalistes sont au pouvoir en Corse et rien n\u2019a fondamentalement chang\u00e9 \u00bb"},"content":{"rendered":"<p class=\"post_excerpt\">Apr\u00e8s plusieurs journ\u00e9es de manifestations violentes, le ministre de l&#8217;Int\u00e9rieur G\u00e9rald Darmanin est en d\u00e9placement en Corse. Pour parler de la situation de l&#8217;\u00eele, le militant de gauche Jacques Casamarta est l&#8217;invit\u00e9 de #LaMidinale.<\/p>\n<h2>UNE MIDINALE \u00c0 VOIR&#8230;<\/h2>\n<p><iframe loading=\"lazy\" width=\"490\" height=\"276\" src=\"https:\/\/www.youtube.com\/embed\/wM71GBQtgMo\" title=\"YouTube video player\" frameborder=\"0\" allow=\"accelerometer; autoplay; clipboard-write; encrypted-media; gyroscope; picture-in-picture\" allowfullscreen><\/iframe><\/p>\n<p>&nbsp;<\/p>\n<p><h2>ET \u00c0 LIRE&#8230;<\/h2>\n<p><em> <strong>Sur les origines et les causes des manifestations en Corse<\/strong> <\/em><br \/>\n\u00ab Beaucoup de jeunes ressentent du m\u00e9pris de la part de ce gouvernement qui ne veut pas voir la situation dans laquelle nous sommes actuellement, c\u2019est-\u00e0-dire de mis\u00e8re sociale. \u00bb<br \/>\n\u00ab Le mouvement actuel en Corse d\u00e9passe le cadre de la tentative d\u2019assassinat d\u2019Yvan Colonna et de la sortie des DPS pour le commando Erignac. \u00bb<br \/>\n\u00ab La jeunesse corse ressent un d\u00e9classement et a peur pour son avenir. \u00bb<br \/>\n\u00ab Il faut faire la clart\u00e9 sur la tentative d\u2019assassinat d\u2019Yvan Colonna. \u00bb<br \/>\n\u00ab Il ne faut pas retomber dans le cycle des ann\u00e9es 80 et 90 de violences \u2013 r\u00e9pression : des jeunes manifestent comme c\u2019est le cas aujourd\u2019hui puis il y a une r\u00e9pression polici\u00e8re qui conduit les jeunes en prison. Il faut ensuite aller manifester pour que ces jeunes sortent de prison\u2026 Ce cycle, nous n\u2019en voulons pas. \u00bb<br \/>\n\u00ab Le m\u00e9pris des gouvernement successifs \u00e0 l\u2019\u00e9gard de la Corse n\u2019est pas de nature \u00e0 apaiser la situation. \u00bb<br \/>\n\u00ab Les jeunes Corses ont des revendications sociales et culturelles l\u00e9gitimes. \u00bb<br \/>\n\u00ab Dans les manifestations, il y a, comme \u00e0 d\u2019autres endroits en France, des gens ultra-violents mais ce n\u2019est pas la majorit\u00e9. \u00bb<\/p>\n<p><em> <strong>Sur la gauche, le social et la Corse<\/strong> <\/em><br \/>\n\u00ab La gauche a d\u00e9\u00e7u, en Corse comme ailleurs. \u00bb<br \/>\n\u00ab Il n\u2019y a plus d\u2019\u00e9lus de gauche dans l\u2019Assembl\u00e9e territoriale corse. \u00bb<br \/>\n\u00ab Quand on dit \u201cplus d\u2019autonomie\u201d, il faudrait savoir de quoi on parle : je pr\u00e9f\u00e8re qu\u2019on parle de strat\u00e9gie autogestionnaire. \u00bb<br \/>\n\u00ab L\u2019unit\u00e9 de la France a tout \u00e0 gagner du d\u00e9veloppement des sp\u00e9cificit\u00e9s r\u00e9gionales. \u00bb<br \/>\n\u00ab Il est propos\u00e9 un statut fiscal pour la Corse mais il faut r\u00e9fl\u00e9chir plus avant : qui sait que le ratio entre les recettes et les d\u00e9penses est d\u00e9favorable \u00e0 la Corse ? L\u2019Etat d\u00e9bourse 3 milliards 700 millions mais il n\u2019est collect\u00e9 en Corse que 2 milliards 100 millions (\u2026). La Corse a besoin de p\u00e9r\u00e9quation nationale. \u00bb<br \/>\n\u00ab La richesse de certaines r\u00e9gions corrigent la pauvret\u00e9 des autres. \u00bb<br \/>\n\u00ab Un Corse sur 4 vit en dessous du seuil du pauvret\u00e9. Sur la France continentale, il y a 600 logements sociaux pour 10.000 habitations, en Corse, on est \u00e0 400. Nous avons 25.000 ch\u00f4meurs. \u00bb<br \/>\n\u00ab Cela fait 7 ans que les nationalistes sont au pouvoir en Corse et rien n\u2019a fondamentalement chang\u00e9. \u00bb<\/p>\n<p><em> <strong>Sur les sp\u00e9cificit\u00e9s culturelles de la Corse<\/strong> <\/em><br \/>\n\u00ab La Corse a des particularit\u00e9s \u00e9conomiques, sociales et culturelles. Les jeunes ont raison de revendiquer que cette culture puisse continuer \u00e0 vivre et que nos traditions et notre langue puissent s\u2019\u00e9panouir pour pouvoir s\u2019ouvrir sur le monde. \u00bb<br \/>\n\u00ab Quand on parle de la Corse, on ne peut pas parler que d\u2019identit\u00e9 culturelle parce qu\u2019on ne vit pas que de culture, on vit aussi de pain. \u00bb<br \/>\n\u00ab On veut pouvoir travailler dignement en Corse. \u00bb<br \/>\n\u00ab La d\u00e9mocratie doit s\u2019exprimer par le peuple. On a besoin de plus de souverainet\u00e9 ! \u00bb<br \/>\n\u00ab Je ne crois pas que la solution pour la Corse soit corso-corse : on a besoin de plus de services publics et de sortir des fractures sociales et d\u00e9mocratiques. \u00bb<\/p>\n<p><em> <strong>Sur les propositions de G\u00e9rald Darmanin pour la Corse<\/strong> <\/em><br \/>\n\u00ab Le revirement du gouvernement sur la question corse est \u00e9lectoraliste : nous sommes \u00e0 un mois de l\u2019\u00e9lection pr\u00e9sidentielle et Darmanin peut discuter mais ne prendra aucune d\u00e9cision. \u00bb<br \/>\n\u00ab Le probl\u00e8me corse est impossible \u00e0 r\u00e9gler dans le cadre de la Cinqui\u00e8me R\u00e9publique : il faut une Sixi\u00e8me R\u00e9publique pour prendre en compte les sp\u00e9cificit\u00e9s de la Corse. \u00bb<br \/>\n\u00ab Emmanuel Macron a peur que des d\u00e9bordements viennent perturber sa campagne. \u00bb<br \/>\n\u00ab Il fallait entamer ces discussions en 2015 ou 2017. Aujourd\u2019hui, on est confront\u00e9 \u00e0 une situation o\u00f9 personne ne parle de contenu. Il n\u2019y a plus que des mots comme \u201cautonomie de plein droit\u201d mais personne ne sait ce que c\u2019est. \u00bb<\/p>\n<p><em> <strong>Sur Jean-Luc M\u00e9lenchon, la gauche de gauche et la Corse<\/strong> <\/em><br \/>\n\u00ab Jean-Luc M\u00e9lenchon a appel\u00e9 en 2017 \u00e0 voter pour la liste nationaliste alors qu\u2019il y avait une liste de gauche de gauche. C\u2019est une exp\u00e9rience douloureuse : c\u2019\u00e9tait une grave erreur. Et cela traduit la d\u00e9liquescence de cette gauche. \u00bb<br \/>\n\u00ab La gauche \u2013 et la gauche de gauche \u2013 a d\u00e9\u00e7u parce qu\u2019elle n\u2019a pas fait les autocritiques n\u00e9cessaires. \u00bb<div id='gallery-1' class='gallery galleryid-13450 gallery-columns-3 gallery-size-thumbnail'><figure class='gallery-item'>\n\t\t\t<div class='gallery-icon landscape'>\n\t\t\t\t<a href='https:\/\/archives.regards.fr\/wp-content\/uploads\/2022\/03\/article_midinale-38-8a2.png'><img loading=\"lazy\" decoding=\"async\" width=\"150\" height=\"150\" src=\"https:\/\/archives.regards.fr\/wp-content\/uploads\/2022\/03\/article_midinale-38-8a2-150x150.png\" class=\"attachment-thumbnail size-thumbnail\" alt=\"article_midinale-38.png\" \/><\/a>\n\t\t\t<\/div><\/figure>\n\t\t<\/div>\n<\/p>\n","protected":false},"excerpt":{"rendered":"<p>Apr\u00e8s plusieurs journ\u00e9es de manifestations violentes, le ministre de l&#8217;Int\u00e9rieur G\u00e9rald Darmanin est en d\u00e9placement en Corse. Pour parler de la situation de l&#8217;\u00eele, le militant de gauche Jacques Casamarta est l&#8217;invit\u00e9 de #LaMidinale.<\/p>\n","protected":false},"author":1204,"featured_media":31659,"comment_status":"open","ping_status":"open","sticky":false,"template":"","format":"standard","meta":{"_themeisle_gutenberg_block_has_review":false,"footnotes":""},"categories":[238],"tags":[293],"class_list":["post-13450","post","type-post","status-publish","format-standard","has-post-thumbnail","hentry","category-la-midinale","tag-entretien"],"_links":{"self":[{"href":"https:\/\/archives.regards.fr\/index.php?rest_route=\/wp\/v2\/posts\/13450","targetHints":{"allow":["GET"]}}],"collection":[{"href":"https:\/\/archives.regards.fr\/index.php?rest_route=\/wp\/v2\/posts"}],"about":[{"href":"https:\/\/archives.regards.fr\/index.php?rest_route=\/wp\/v2\/types\/post"}],"author":[{"embeddable":true,"href":"https:\/\/archives.regards.fr\/index.php?rest_route=\/wp\/v2\/users\/1204"}],"replies":[{"embeddable":true,"href":"https:\/\/archives.regards.fr\/index.php?rest_route=%2Fwp%2Fv2%2Fcomments&post=13450"}],"version-history":[{"count":0,"href":"https:\/\/archives.regards.fr\/index.php?rest_route=\/wp\/v2\/posts\/13450\/revisions"}],"wp:featuredmedia":[{"embeddable":true,"href":"https:\/\/archives.regards.fr\/index.php?rest_route=\/wp\/v2\/media\/31659"}],"wp:attachment":[{"href":"https:\/\/archives.regards.fr\/index.php?rest_route=%2Fwp%2Fv2%2Fmedia&parent=13450"}],"wp:term":[{"taxonomy":"category","embeddable":true,"href":"https:\/\/archives.regards.fr\/index.php?rest_route=%2Fwp%2Fv2%2Fcategories&post=13450"},{"taxonomy":"post_tag","embeddable":true,"href":"https:\/\/archives.regards.fr\/index.php?rest_route=%2Fwp%2Fv2%2Ftags&post=13450"}],"curies":[{"name":"wp","href":"https:\/\/api.w.org\/{rel}","templated":true}]}}