{"id":13448,"date":"2022-03-15T15:45:02","date_gmt":"2022-03-15T14:45:02","guid":{"rendered":"https:\/\/wp.muchomaas.com\/article-celine-verzeletti-on-demande-que-la-revalorisation-du-point-d-indice-soit\/"},"modified":"2023-06-24T00:26:04","modified_gmt":"2023-06-23T22:26:04","slug":"article-celine-verzeletti-on-demande-que-la-revalorisation-du-point-d-indice-soit","status":"publish","type":"post","link":"https:\/\/archives.regards.fr\/?p=13448","title":{"rendered":"C\u00e9line Verzeletti : \u00ab On demande que la revalorisation du point d\u2019indice soit effective avant les \u00e9lections \u00bb"},"content":{"rendered":"<p class=\"post_excerpt\">Le gouvernement a annonc\u00e9 hier vouloir revaloriser le point d\u2019indice. Sauf qu\u2019il faudra attendre l\u2019apr\u00e8s \u00e9lection. Et il s\u2019est bien gard\u00e9 de pr\u00e9ciser la valeur de cette \u00e9volution. C\u00e9line Verzeletti, secr\u00e9taire conf\u00e9d\u00e9rale de la CGT et co-secr\u00e9taire g\u00e9n\u00e9rale de l&#8217;UFSE-CGT, est l\u2019invit\u00e9e de #LaMidinale.<\/p>\n<h2>UNE MIDINALE \u00c0 VOIR&#8230;<\/h2>\n<p><iframe loading=\"lazy\" width=\"490\" height=\"276\" src=\"https:\/\/www.youtube.com\/embed\/pRON9ZfpmMU\" title=\"YouTube video player\" frameborder=\"0\" allow=\"accelerometer; autoplay; clipboard-write; encrypted-media; gyroscope; picture-in-picture\" allowfullscreen><\/iframe><\/p>\n<p>&nbsp;<\/p>\n<p><h2>ET \u00c0 LIRE&#8230;<\/h2>\n<p><em> <strong>Sur le point d\u2019indice des fonctionnaires<\/strong> <\/em><br \/>\n\u00ab Enfin ! Cette annonce nous l&#8217;attendons depuis le d\u00e9but du quinquennat. \u00c7a fait depuis 2010 qu\u2019il y a un gel quasi permanent du point d\u2019indice. \u00bb<br \/>\n\u00ab Cette politique de gel du point d\u2019indice a men\u00e9 la fonction publique dans l\u2019impasse. \u00bb<br \/>\n\u00ab L\u2019annonce est totalement insatisfaisante. D\u2019abord parce qu\u2019on ne sait pas \u00e0 quelle hauteur le gouvernement compte augmenter la valeur du point d\u2019indice. \u00bb<br \/>\n\u00ab On appelle \u00e0 une forte mobilisation le 17 mars. \u00bb<br \/>\n\u00ab On demande \u00e0 Am\u00e9lie de Montchalin l\u2019ouverture imm\u00e9diate des n\u00e9gociations de la hauteur de la revalorisation du point d\u2019indice. \u00bb<br \/>\n\u00ab On demande que la revalorisation du point d\u2019indice soit effective avant les \u00e9lections. \u00bb<br \/>\n\u00ab Nous voulons une revalorisation significative. \u00bb<\/p>\n<p><em> <strong>Sur le d\u00e9bat parlementaire souhait\u00e9 par le gouvernement<\/strong> <\/em><br \/>\n\u00ab Nous pensons qu\u2019il y a d\u2019autres solutions qu\u2019un d\u00e9bat parlementaire. \u00bb<br \/>\n\u00ab Le pouvoir d\u2019achat des fonctionnaires a baiss\u00e9 de plus de 10% depuis 2010. L\u2019inflation est d\u00e9j\u00e0 l\u00e0 et on n\u2019a pas le temps d\u2019attendre. \u00bb<br \/>\n\u00ab Pendant la pand\u00e9mie, le gouvernement a d\u00e9bloqu\u00e9 des fonds publics en urgence avec des sommes colossales. Donc s\u2019ils le veulent, ils le peuvent. \u00bb<br \/>\n\u00ab Le gouvernement peut d\u00e9bloquer des fonds publics pour revaloriser les salaires de tous les fonctionnaires et contractuels de la fonction publique. \u00bb<\/p>\n<p><em> <strong>Sur les revalorisations cibl\u00e9es et l\u2019action du gouvernement<\/strong> <\/em><br \/>\n\u00ab Les revalorisations cibl\u00e9es concernent des discussions, parfois des n\u00e9gociations, par minist\u00e8re. Certains ont pu aboutir \u00e0 des accords. \u00bb<br \/>\n\u00ab Le gouvernement a plut\u00f4t d\u00e9cid\u00e9 de primes ou de revalorisation de grille indiciaire de certains fonctionnaires mais sans jamais toucher le point d\u2019indice de tous les fonctionnaires. \u00bb<br \/>\n\u00ab Le gouvernement n\u2019a pas r\u00e9pondu \u00e0 notre demande de revalorisation du pouvoir d\u2019achat des fonctionnaires. \u00bb<br \/>\n\u00ab L\u2019\u00e9volution de l\u2019inflation ne saurait \u00eatre compens\u00e9e par quelques primes et autres miettes donn\u00e9es aux fonctionnaires. \u00bb<\/p>\n<p><em> <strong>Sur la revalorisation de l\u2019indemnit\u00e9 kilom\u00e9trique<\/strong> <\/em><br \/>\n\u00ab Ils s\u2019agit uniquement des agents qui disposent d\u2019une voiture de fonction et non pas des fonctionnaires qui utilisent leur voiture pour aller au travail. C\u2019est bien mais pas suffisant. \u00bb<\/p>\n<p><em> <strong>Sur la gr\u00e8ve du 17 mars<\/strong> <\/em><br \/>\n\u00ab Il faut cr\u00e9er un vrai rapport de force au sein de la fonction publique. \u00bb<br \/>\n\u00ab Ceux et celles qui nous disaient qu\u2019on n\u2019obtiendrait rien voient avec les annonces du gouvernement qu\u2019il peut finir par l\u00e2cher. \u00bb<br \/>\n\u00ab Plus le rapport de force sera fort, plus nous serons en position de force pour n\u00e9gocier une vraie revalorisation et l\u2019imm\u00e9diatet\u00e9 de celle-ci. \u00bb<\/p>\n<p><em> <strong>Sur la pr\u00e9sidentielle et les discours sur les suppressions de postes<\/strong> <\/em><br \/>\n\u00ab La pand\u00e9mie est pass\u00e9e par l\u00e0 et il y a eu de fortes mobilisations sociales, qu\u2019il s\u2019agisse des retraites ou des gilets jaunes. \u00bb<br \/>\n\u00ab La pand\u00e9mie a eu un impact important sur le regard que portaient les politiques et les Fran\u00e7ais sur les fonctionnaires. \u00bb<br \/>\n\u00ab Emmanuel Macron a reconnu l\u2019utilit\u00e9 sociale des m\u00e9tiers de la fonction publique. Il a m\u00eame reconnu que les fonctionnaires \u00e9taient insuffisamment pay\u00e9s. Les actes n\u2019ont pas suivi les paroles. \u00bb<br \/>\n\u00ab Il y a une reprise de conscience et m\u00eame de fiert\u00e9 des agents du service public et en m\u00eame temps il y a une vraie souffrance parmi eux. \u00bb<br \/>\n\u00ab Les personnels sont \u00e9puis\u00e9s. \u00bb<br \/>\n\u00ab Pendant le Covid, des personnes ont perdu la vie et les autres ont d\u00fb survivre avec des salaires de mis\u00e8re. \u00bb<br \/>\n\u00ab Si, \u00e0 un moment donn\u00e9, certains avaient le cynisme de dire que les fonctionnaires ne servaient pas \u00e0 grand chose parce que ce sont tous des feignants et des feignantes, aujourd\u2019hui, c\u2019est tr\u00e8s difficile de m\u00eame le sous-entendre. \u00bb<br \/>\n\u00ab Que ce soit l\u2019\u00e9ducation, la culture, la sant\u00e9 ou la justice, on a vu comment ils ont r\u00e9ussi \u00e0 r\u00e9pondre \u00e0 la situation de crise li\u00e9e \u00e0 la pand\u00e9mie. \u00bb<br \/>\n\u00ab A force d\u2019\u00eatre d\u00e9valoris\u00e9s et m\u00e9pris\u00e9s par, notamment ceux qui ont le pouvoir, les fonctionnaires finissent par int\u00e9grer que la s\u00e9curit\u00e9 de l\u2019emploi ou la protection via le statut sont en trop. Et l\u00e0, il y a un retour de la fiert\u00e9. \u00bb<br \/>\n\u00ab En ce moment, les mobilisations sont difficiles parce qu\u2019il y a un \u00e9puisement dans beaucoup de secteurs, notamment dans le m\u00e9dico-social. \u00bb<br \/>\n\u00ab Les services publics sont un bien commun qui permettent de r\u00e9pondre \u00e0 des besoins fondamentaux et souvent vitaux. \u00bb<\/p>\n<p><em> <strong>Sur la droitisation des agents publics<\/strong> <\/em><br \/>\n\u00ab La fonction publique a \u00e9t\u00e9 tr\u00e8s malmen\u00e9e ces derni\u00e8res ann\u00e9es : aujourd\u2019hui, il y a \u00e9norm\u00e9ment de contractuels, de moins en moins de personnes sous statut et, de facto, une tr\u00e8s grande pr\u00e9carit\u00e9. \u00bb<br \/>\n\u00ab Dans certains secteurs de la fonction publique, il y beaucoup moins d\u2019emplois et de fonctionnaires : les plus grands minist\u00e8res, ce sont l\u2019\u00e9ducation nationale mais aussi le minist\u00e8re de l\u2019Int\u00e9rieur. Et dans certaines professions, on sait qu\u2019il peut y avoir des professionnels qui seraient plus port\u00e9s \u00e0 voter \u00e0 l\u2019extr\u00eame droite. \u00bb<br \/>\n\u00ab Ce qui est pr\u00e9occupant, c\u2019est l\u2019abstention : il y a un discr\u00e9dit des politiques. Syndicalement, si on arrive, via le rapport de forces, \u00e0 obtenir dans les n\u00e9gociations, des engagements de la part des gouvernements, il faut que cela se traduise au niveau l\u00e9gislatif\u2026 \u00bb<br \/>\n\u00ab M\u00eame le gouvernement de gauche sous Fran\u00e7ois Hollande, la fonction publique a \u00e9t\u00e9 malmen\u00e9e : gel du point d\u2019indice, restructurations, suppressions d\u2019effectifs\u2026 \u00c7a fait dire \u00e0 un certain nombre que gauche et droite, c\u2019est la m\u00eame chose. \u00bb<div id='gallery-1' class='gallery galleryid-13448 gallery-columns-3 gallery-size-thumbnail'><figure class='gallery-item'>\n\t\t\t<div class='gallery-icon landscape'>\n\t\t\t\t<a href='https:\/\/archives.regards.fr\/wp-content\/uploads\/2022\/03\/article_midinale-37-087.png'><img loading=\"lazy\" decoding=\"async\" width=\"150\" height=\"150\" src=\"https:\/\/archives.regards.fr\/wp-content\/uploads\/2022\/03\/article_midinale-37-087-150x150.png\" class=\"attachment-thumbnail size-thumbnail\" alt=\"article_midinale-37.png\" \/><\/a>\n\t\t\t<\/div><\/figure>\n\t\t<\/div>\n<\/p>\n","protected":false},"excerpt":{"rendered":"<p>Le gouvernement a annonc\u00e9 hier vouloir revaloriser le point d\u2019indice. Sauf qu\u2019il faudra attendre l\u2019apr\u00e8s \u00e9lection. Et il s\u2019est bien gard\u00e9 de pr\u00e9ciser la valeur de cette \u00e9volution. C\u00e9line Verzeletti, secr\u00e9taire conf\u00e9d\u00e9rale de la CGT et co-secr\u00e9taire g\u00e9n\u00e9rale de l&#8217;UFSE-CGT, est l\u2019invit\u00e9e de #LaMidinale.<\/p>\n","protected":false},"author":1204,"featured_media":31655,"comment_status":"open","ping_status":"open","sticky":false,"template":"","format":"standard","meta":{"_themeisle_gutenberg_block_has_review":false,"footnotes":""},"categories":[238],"tags":[293],"class_list":["post-13448","post","type-post","status-publish","format-standard","has-post-thumbnail","hentry","category-la-midinale","tag-entretien"],"_links":{"self":[{"href":"https:\/\/archives.regards.fr\/index.php?rest_route=\/wp\/v2\/posts\/13448","targetHints":{"allow":["GET"]}}],"collection":[{"href":"https:\/\/archives.regards.fr\/index.php?rest_route=\/wp\/v2\/posts"}],"about":[{"href":"https:\/\/archives.regards.fr\/index.php?rest_route=\/wp\/v2\/types\/post"}],"author":[{"embeddable":true,"href":"https:\/\/archives.regards.fr\/index.php?rest_route=\/wp\/v2\/users\/1204"}],"replies":[{"embeddable":true,"href":"https:\/\/archives.regards.fr\/index.php?rest_route=%2Fwp%2Fv2%2Fcomments&post=13448"}],"version-history":[{"count":0,"href":"https:\/\/archives.regards.fr\/index.php?rest_route=\/wp\/v2\/posts\/13448\/revisions"}],"wp:featuredmedia":[{"embeddable":true,"href":"https:\/\/archives.regards.fr\/index.php?rest_route=\/wp\/v2\/media\/31655"}],"wp:attachment":[{"href":"https:\/\/archives.regards.fr\/index.php?rest_route=%2Fwp%2Fv2%2Fmedia&parent=13448"}],"wp:term":[{"taxonomy":"category","embeddable":true,"href":"https:\/\/archives.regards.fr\/index.php?rest_route=%2Fwp%2Fv2%2Fcategories&post=13448"},{"taxonomy":"post_tag","embeddable":true,"href":"https:\/\/archives.regards.fr\/index.php?rest_route=%2Fwp%2Fv2%2Ftags&post=13448"}],"curies":[{"name":"wp","href":"https:\/\/api.w.org\/{rel}","templated":true}]}}