{"id":13447,"date":"2022-03-15T12:00:37","date_gmt":"2022-03-15T11:00:37","guid":{"rendered":"https:\/\/wp.muchomaas.com\/article-la-france-face-a-la-guerre-tf1-le-debat-confisque-le-asap-de-pierre-jacquemain\/"},"modified":"2023-06-24T00:26:04","modified_gmt":"2023-06-23T22:26:04","slug":"article-la-france-face-a-la-guerre-tf1-le-debat-confisque-le-asap-de-pierre-jacquemain","status":"publish","type":"post","link":"https:\/\/archives.regards.fr\/?p=13447","title":{"rendered":"La France face \u00e0 la guerre (TF1) : le d\u00e9bat confisqu\u00e9. Le #ASAP de Pierre Jacquemain"},"content":{"rendered":"<p class=\"post_excerpt\">Lendemain de grand d\u00e9bat pr\u00e9sidentiel sur TF1 : nous avons eu tout sauf un d\u00e9bat. Une succession de huit long monologues. Les conditions exig\u00e9es par le candidat-pr\u00e9sident ont \u00e9t\u00e9 valid\u00e9es par TF1 et accept\u00e9es des sept autres candidats. Tant pis pour Arthaud, Poutou, Dupont-Aignan et Lassalle. Tant pis surtout pour la d\u00e9mocratie.<\/p>\n<p><iframe loading=\"lazy\" width=\"490\" height=\"276\" src=\"https:\/\/www.youtube.com\/embed\/9d8I-CFjq3Q\" title=\"YouTube video player\" frameborder=\"0\" allow=\"accelerometer; autoplay; clipboard-write; encrypted-media; gyroscope; picture-in-picture\" allowfullscreen><\/iframe><div id='gallery-1' class='gallery galleryid-13447 gallery-columns-3 gallery-size-thumbnail'><figure class='gallery-item'>\n\t\t\t<div class='gallery-icon landscape'>\n\t\t\t\t<a href='https:\/\/archives.regards.fr\/wp-content\/uploads\/2022\/03\/article_asap-bbe.png'><img loading=\"lazy\" decoding=\"async\" width=\"150\" height=\"150\" src=\"https:\/\/archives.regards.fr\/wp-content\/uploads\/2022\/03\/article_asap-bbe-150x150.png\" class=\"attachment-thumbnail size-thumbnail\" alt=\"article_asap.png\" \/><\/a>\n\t\t\t<\/div><\/figure>\n\t\t<\/div>\n<\/p>\n","protected":false},"excerpt":{"rendered":"<p>Lendemain de grand d\u00e9bat pr\u00e9sidentiel sur TF1 : nous avons eu tout sauf un d\u00e9bat. Une succession de huit long monologues. Les conditions exig\u00e9es par le candidat-pr\u00e9sident ont \u00e9t\u00e9 valid\u00e9es par TF1 et accept\u00e9es des sept autres candidats. Tant pis pour Arthaud, Poutou, Dupont-Aignan et Lassalle. Tant pis surtout pour la d\u00e9mocratie.<\/p>\n","protected":false},"author":1039,"featured_media":31653,"comment_status":"open","ping_status":"open","sticky":false,"template":"","format":"standard","meta":{"_themeisle_gutenberg_block_has_review":false,"footnotes":""},"categories":[279],"tags":[515],"class_list":["post-13447","post","type-post","status-publish","format-standard","has-post-thumbnail","hentry","category-videos","tag-presidentielle-2022"],"_links":{"self":[{"href":"https:\/\/archives.regards.fr\/index.php?rest_route=\/wp\/v2\/posts\/13447","targetHints":{"allow":["GET"]}}],"collection":[{"href":"https:\/\/archives.regards.fr\/index.php?rest_route=\/wp\/v2\/posts"}],"about":[{"href":"https:\/\/archives.regards.fr\/index.php?rest_route=\/wp\/v2\/types\/post"}],"author":[{"embeddable":true,"href":"https:\/\/archives.regards.fr\/index.php?rest_route=\/wp\/v2\/users\/1039"}],"replies":[{"embeddable":true,"href":"https:\/\/archives.regards.fr\/index.php?rest_route=%2Fwp%2Fv2%2Fcomments&post=13447"}],"version-history":[{"count":0,"href":"https:\/\/archives.regards.fr\/index.php?rest_route=\/wp\/v2\/posts\/13447\/revisions"}],"wp:featuredmedia":[{"embeddable":true,"href":"https:\/\/archives.regards.fr\/index.php?rest_route=\/wp\/v2\/media\/31653"}],"wp:attachment":[{"href":"https:\/\/archives.regards.fr\/index.php?rest_route=%2Fwp%2Fv2%2Fmedia&parent=13447"}],"wp:term":[{"taxonomy":"category","embeddable":true,"href":"https:\/\/archives.regards.fr\/index.php?rest_route=%2Fwp%2Fv2%2Fcategories&post=13447"},{"taxonomy":"post_tag","embeddable":true,"href":"https:\/\/archives.regards.fr\/index.php?rest_route=%2Fwp%2Fv2%2Ftags&post=13447"}],"curies":[{"name":"wp","href":"https:\/\/api.w.org\/{rel}","templated":true}]}}