{"id":13440,"date":"2022-03-11T13:21:43","date_gmt":"2022-03-11T12:21:43","guid":{"rendered":"https:\/\/wp.muchomaas.com\/article-il-faut-boycotter-la-presidentielle-pour-disqualifier-cette-supercherie-de\/"},"modified":"2023-06-24T00:25:59","modified_gmt":"2023-06-23T22:25:59","slug":"article-il-faut-boycotter-la-presidentielle-pour-disqualifier-cette-supercherie-de","status":"publish","type":"post","link":"https:\/\/archives.regards.fr\/?p=13440","title":{"rendered":"\u00ab Il faut boycotter la pr\u00e9sidentielle pour disqualifier cette supercherie de syst\u00e8me \u00e9lectoral \u00bb"},"content":{"rendered":"<p class=\"post_excerpt\">Que doit-on attendre de la prochaine \u00e9lection pr\u00e9sidentielle ? Rien selon notre invit\u00e9, le cin\u00e9aste et romancier Gerard Mordillat.<\/p>\n<h2>UNE MIDINALE \u00c0 VOIR&#8230;<\/h2>\n<p><iframe loading=\"lazy\" width=\"490\" height=\"276\" src=\"https:\/\/www.youtube.com\/embed\/eeA7laQxayE\" title=\"YouTube video player\" frameborder=\"0\" allow=\"accelerometer; autoplay; clipboard-write; encrypted-media; gyroscope; picture-in-picture\" allowfullscreen><\/iframe><\/p>\n<p>&nbsp;<\/p>\n<p><h2>ET \u00c0 LIRE&#8230;<\/h2>\n<p><em>\u00a0<strong>Sur son appel au boycott de l\u2019\u00e9lection pr\u00e9sidentielle<\/em>\u00a0<\/strong><br \/>\n\u00ab\u00a0Le boycott de l\u2019\u00e9lection pr\u00e9sidentielle permettrait de disqualifier \u00e0 tout jamais le syst\u00e8me \u00e9lectoral actuel qui est une supercherie.\u00a0\u00bb<br \/>\n\u00ab\u00a0Les forces financi\u00e8res et leurs supports m\u00e9diatiques ont d\u00e9j\u00e0 choisi qui sera le laur\u00e9at au bout du compte.\u00a0\u00bb<br \/>\n\u00ab\u00a0Il faut rompre avec l\u2019illusion d\u00e9mocratique.\u00a0\u00bb<br \/>\n\u00ab\u00a0Dans les derni\u00e8res \u00e9lections, il y a eu plus de 60% d\u2019abstention : il faut lui donner un sens politique.\u00a0\u00bb<br \/>\n\u00ab\u00a0Il faut transformer l\u2019abstention en boycott, c\u2019est-\u00e0-dire une prise de position publique contre  ce que l\u2019on nous propose.\u00a0\u00bb<br \/>\n\u00ab\u00a0Si un pr\u00e9sident est \u00e9lu avec une participation extr\u00eamement faible, sa pr\u00e9sidence pourra \u00eatre remise en cause.\u00a0\u00bb<br \/>\n\u00ab\u00a0En revanche, les \u00e9lections l\u00e9gislatives sont gagnables : il faut tout investir dessus.\u00a0\u00bb<br \/>\n\u00ab\u00a0Le mod\u00e8le, c\u2019est l\u2019\u00e9lection de Fran\u00e7ois Ruffin \u00e0 Amiens en 2017 : il a r\u00e9ussi \u00e0 r\u00e9unir toutes les forces de gauche, y compris le NPA, dans une circonscription o\u00f9 le Front National faisait 35% et la droite soit-disant r\u00e9publicaine 20%.\u00a0\u00bb<br \/>\n\u00ab\u00a0Oublions la pr\u00e9sidentielle : tout le pouvoir aux l\u00e9gislatives.\u00a0\u00bb<br \/>\n\u00ab\u00a0Si la gauche l\u2019emportait aux l\u00e9gislatives, ce serait le moment o\u00f9 jamais de s\u2019\u00e9tablir en constituante pour refonder la R\u00e9publique sur des bases vraiment d\u00e9mocratiques.\u00a0\u00bb<br \/>\n\u00ab\u00a0Ceux qui sont aux affaires sur le plan \u00e9conomique, politique ou social, ne rendront pas les clefs simplement par conscience morale : il faudra les leur prendre.\u00a0\u00bb<\/p>\n<p><em>\u00a0<strong>Sur la situation de la gauche<\/em>\u00a0<\/strong><br \/>\n\u00ab\u00a0La gauche me d\u00e9sesp\u00e8re parce que l\u2019on a vu comment Fran\u00e7ois Hollande avait r\u00e9ussi l\u2019exploit d\u2019\u00e9radiquer le Parti socialiste &#8211; ce qui n\u2019\u00e9tait pas gagn\u00e9 d\u2019avance &#8211; mais les autres, que ce soit Jean-Luc M\u00e9lenchon ou Fabien Roussel, s\u2019intoxiquent en pensant qu\u2019ils vont y arriver.\u00a0C\u2019est une erreur totale.\u00a0La seule chance, c\u2019\u00e9tait l\u2019union.\u00a0Mais est entr\u00e9 en sc\u00e8ne le bal des \u00e9gos qui fait que tout le monde est d\u2019accord que si c\u2019est derri\u00e8re untel ou unetelle.\u00a0\u00bb<br \/>\n\u00ab\u00a0Il faudrait relire L\u00e9nine : il s\u2019est associ\u00e9 avec des gens qui avaient moins d\u2019affinit\u00e9s que ce de la gauche d\u2019aujourd\u2019hui. Mais L\u00e9nine avait la perspective de prendre le pouvoir. Aujourd\u2019hui, ce qui me d\u00e9sesp\u00e8re avec la gauche, c\u2019est qu\u2019elle semble avoir int\u00e9gr\u00e9 que la seule perspective pour elle, c\u2019\u00e9tait la d\u00e9faite.\u00a0\u00bb<br \/>\n\u00ab\u00a0Si on veut vraiment prendre le pouvoir, il faut renoncer \u00e0 \u00eatre un homme ou une femme politique.\u00a0\u00bb<\/p>\n<p><em>\u00a0<strong>Sur la possibilit\u00e9 que Jean-Luc M\u00e9lenchon atteigne le deuxi\u00e8me tour de l\u2019\u00e9lection pr\u00e9sidentielle<\/em>\u00a0<\/strong><br \/>\n\u00ab\u00a0J\u2019ai beaucoup d\u2019amiti\u00e9 et d\u2019admiration pour Jean-Luc M\u00e9lenchon mais je pense qu\u2019\u00e0 la fois sur le plan tactique et strat\u00e9gique, il va tout droit vers la d\u00e9faite.\u00a0\u00bb<br \/>\n\u00ab\u00a0Les forces de droite et d\u2019extr\u00eame droite sont aujourd\u2019hui les plus puissantes en France &#8211; et je mets M. Macron et la politique qu\u2019il m\u00e8ne car s\u2019il veut jouer le chevalier blanc, il dit seulement d\u2019une fa\u00e7on sucr\u00e9e ce que disent d\u2019une fa\u00e7on vulgaire Mme Le Pen, M. Zemmour ou Mme P\u00e9cresse.\u00a0\u00bb<br \/>\n\u00ab\u00a0La politique qu\u2019Emmanuel Macron a men\u00e9e vis-\u00e0-vis des immigrants, des travailleurs sans-papiers et des \u00e9trangers en g\u00e9n\u00e9ral, il n\u2019y a pas l\u2019\u00e9paisseur d\u2019un papier \u00e0 cigare avec ce qu\u2019aurait pu faire l\u2019extr\u00eame droite.\u00a0\u00bb<br \/>\n\u00ab\u00a0M\u00eame si Jean-Luc M\u00e9lenchon parvenait \u00e0 acc\u00e9der au second tour, je pense qu\u2019il aurait peu de chances dans ce type d\u2019\u00e9lection de parvenir \u00e0 remporter la pr\u00e9sidentielle.\u00a0\u00bb<br \/>\n\u00ab\u00a0Le boycott, c\u2019est l\u2019arme des pauvres. Mais nous sommes pauvres, nous n\u2019avons rien, nous n\u2019avons ni les forces m\u00e9diatiques, ni les forces financi\u00e8res.\u00a0\u00bb<\/p>\n<p><em>\u00a0<strong>Sur le divorce entre les intellectuels, le monde populaire et la politique<\/em>\u00a0<\/strong><br \/>\n\u00ab\u00a0Il y a un tr\u00e8s grand manque de r\u00e9flexion th\u00e9orique \u00e0 gauche. Or, elle est indispensable car elle sera l\u2019ossature de la future R\u00e9publique.\u00a0\u00bb<br \/>\n\u00ab\u00a0Les intellectuels de droite se r\u00e9jouissent de toutes les mesures coercitives prises en ce moment mais pour penser la soci\u00e9t\u00e9, il faut pouvoir r\u00e9fl\u00e9chir de fa\u00e7on th\u00e9orique et profonde aux questions qui nous traversent.\u00a0\u00bb<br \/>\n\u00ab\u00a0Il y a une incompr\u00e9hension avec le monde populaire mais ce n\u2019est pas qu\u2019\u00e0 mettre \u00e0 la charge des partis de gauche ou des syndicats car ces derniers font face \u00e0 une propagande n\u00e9olib\u00e9rale sur l\u2019ensemble des grands m\u00e9dias qui finit par devenir la doxa\u2026\u00a0\u00bb<br \/>\n\u00ab\u00a0Lorsque l\u2019intelligence populaire est mise en oeuvre, on aboutit \u00e0 des choses formidables.\u00a0\u00bb<div id='gallery-1' class='gallery galleryid-13440 gallery-columns-3 gallery-size-thumbnail'><figure class='gallery-item'>\n\t\t\t<div class='gallery-icon landscape'>\n\t\t\t\t<a href='https:\/\/archives.regards.fr\/wp-content\/uploads\/2022\/03\/article_midinale-35-72b.png'><img loading=\"lazy\" decoding=\"async\" width=\"150\" height=\"150\" src=\"https:\/\/archives.regards.fr\/wp-content\/uploads\/2022\/03\/article_midinale-35-72b-150x150.png\" class=\"attachment-thumbnail size-thumbnail\" alt=\"article_midinale-35.png\" \/><\/a>\n\t\t\t<\/div><\/figure>\n\t\t<\/div>\n<\/p>\n","protected":false},"excerpt":{"rendered":"<p>Que doit-on attendre de la prochaine \u00e9lection pr\u00e9sidentielle ? Rien selon notre invit\u00e9, le cin\u00e9aste et romancier Gerard Mordillat.<\/p>\n","protected":false},"author":1039,"featured_media":31643,"comment_status":"open","ping_status":"open","sticky":false,"template":"","format":"standard","meta":{"_themeisle_gutenberg_block_has_review":false,"footnotes":""},"categories":[238],"tags":[293],"class_list":["post-13440","post","type-post","status-publish","format-standard","has-post-thumbnail","hentry","category-la-midinale","tag-entretien"],"_links":{"self":[{"href":"https:\/\/archives.regards.fr\/index.php?rest_route=\/wp\/v2\/posts\/13440","targetHints":{"allow":["GET"]}}],"collection":[{"href":"https:\/\/archives.regards.fr\/index.php?rest_route=\/wp\/v2\/posts"}],"about":[{"href":"https:\/\/archives.regards.fr\/index.php?rest_route=\/wp\/v2\/types\/post"}],"author":[{"embeddable":true,"href":"https:\/\/archives.regards.fr\/index.php?rest_route=\/wp\/v2\/users\/1039"}],"replies":[{"embeddable":true,"href":"https:\/\/archives.regards.fr\/index.php?rest_route=%2Fwp%2Fv2%2Fcomments&post=13440"}],"version-history":[{"count":0,"href":"https:\/\/archives.regards.fr\/index.php?rest_route=\/wp\/v2\/posts\/13440\/revisions"}],"wp:featuredmedia":[{"embeddable":true,"href":"https:\/\/archives.regards.fr\/index.php?rest_route=\/wp\/v2\/media\/31643"}],"wp:attachment":[{"href":"https:\/\/archives.regards.fr\/index.php?rest_route=%2Fwp%2Fv2%2Fmedia&parent=13440"}],"wp:term":[{"taxonomy":"category","embeddable":true,"href":"https:\/\/archives.regards.fr\/index.php?rest_route=%2Fwp%2Fv2%2Fcategories&post=13440"},{"taxonomy":"post_tag","embeddable":true,"href":"https:\/\/archives.regards.fr\/index.php?rest_route=%2Fwp%2Fv2%2Ftags&post=13440"}],"curies":[{"name":"wp","href":"https:\/\/api.w.org\/{rel}","templated":true}]}}