{"id":13437,"date":"2022-03-10T12:34:29","date_gmt":"2022-03-10T11:34:29","guid":{"rendered":"https:\/\/wp.muchomaas.com\/article-frederic-tonolli-on-a-abandonne-les-ukrainiens\/"},"modified":"2023-06-24T00:25:59","modified_gmt":"2023-06-23T22:25:59","slug":"article-frederic-tonolli-on-a-abandonne-les-ukrainiens","status":"publish","type":"post","link":"https:\/\/archives.regards.fr\/?p=13437","title":{"rendered":"Fr\u00e9d\u00e9ric Tonolli : \u00ab On a abandonn\u00e9 les Ukrainiens \u00bb"},"content":{"rendered":"<p class=\"post_excerpt\">Poutine est-il fou ? Le documentaire de Fr\u00e9d\u00e9ric Tonolli pour Arte, Poutine, le retour de l\u2019ours dans la danse, montre au contraire combien Vladimir Poutine n\u2019a cess\u00e9 de pr\u00e9venir le monde de ses intentions : la Russie humili\u00e9e par les occidentaux va revenir. C\u2019\u00e9tait le sens de son discours de Munich d\u00e8s f\u00e9vrier 2007. Fr\u00e9d\u00e9ric Tonolli revient de Kyiv, il est l\u2019invit\u00e9 de #LaMidinale.<\/p>\n<h2>UNE MIDINALE \u00c0 VOIR&#8230;<\/h2>\n<p><iframe loading=\"lazy\" width=\"490\" height=\"276\" src=\"https:\/\/www.youtube.com\/embed\/fPsfxyEVD9E\" title=\"YouTube video player\" frameborder=\"0\" allow=\"accelerometer; autoplay; clipboard-write; encrypted-media; gyroscope; picture-in-picture\" allowfullscreen><\/iframe><\/p>\n<p>&nbsp;<\/p>\n<p><h2>ET \u00c0 LIRE&#8230;<\/h2>\n<p><em> <strong>Sur Poutine est-il fou ?<\/strong> <\/em><br \/>\n\u00ab Je pense que Poutine est fou ou en tout cas qu\u2019il est atteint de quelque chose de terrible. \u00bb<br \/>\n\u00ab Il y a une logique derri\u00e8re Poutine qu\u2019on aurait pu venir voir venir. Peut-\u00eatre pas la guerre en Ukraine mais sur ces 20 derni\u00e8res ann\u00e9es, il y a une logique. Et Poutine nous a pr\u00e9venu. Nous par hybris, par int\u00e9r\u00eat, on n\u2019a pas \u00e9cout\u00e9, on n\u2019a pas voulu voir venir. \u00bb<br \/>\n\u00ab D\u2019une certain fa\u00e7on, Poutine est un id\u00e9ologue. Mais il est aussi pragmatique. Il a cette intelligence \u2013 m\u00eame si elle est folle \u2013 du joueur. Il est opportuniste. \u00bb<br \/>\n\u00ab Depuis 2007, Poutine nous annonce que la Russie va revenir. Cette Russie humili\u00e9e veut revenir dans le jeu. Et il n\u2019a de cesse que de le faire mais il fait quand nous on montre des faiblesses et des inintentions. C\u2019est l\u00e0 qu\u2019il est pragmatique et joueur parce qu\u2019il va tr\u00e8s vite. \u00bb<br \/>\n\u00ab Il est un id\u00e9ologue au sens o\u00f9 il a toujours cette id\u00e9e de grande Russie. \u00bb<\/p>\n<p><em> <strong>Sur l\u2019esprit de Ma\u00efdan<\/strong> <\/em><br \/>\n\u00ab D\u00e8s 2013, l\u2019Ukraine se tourne vers l\u2019Europe et le monde occidental entre ouvre certaines portes (\u2026). Les Ukrainiens dans leur ensemble en ont envie. Dans la m\u00eame ann\u00e9e, Poutine lance quelques milliards \u00e0 l\u2019ancien pr\u00e9sident Ianoukovytch qui finit par refuser de signer et de se rapprocher avec l\u2019Europe. Et l\u00e0, \u00e7a p\u00e8te \u00e0 Ma\u00efdan, la place centrale de Kiev. La jeunesse et une grande partie des habitants de Kiev et d\u2019Ukraine qui se r\u00e9voltent et \u00e7a va tourner \u00e0 un carnage avec une centaine de personnes tu\u00e9es. Moscou ne pouvait pas laisser faire (\u2026). \u00c7a va donner la r\u00e9volution de Ma\u00efdan qui va entra\u00eener en quelques jours la fuite du pr\u00e9sident vers la Russie. Cette r\u00e9volution est une r\u00e9ussite. Il y a un esprit de Ma\u00efdan, il n\u2019y aura plus jamais d\u2019avant Ma\u00efdan. Les Ukrainiens se sont retrouv\u00e9s \u00e0 ce moment-l\u00e0. \u00bb<\/p>\n<p><em> <strong>Sur la guerre russe<\/strong> <\/em><br \/>\n\u00ab Poutine peut gagner militairement la bataille. L\u2019arm\u00e9e russe est un rouleau compresseur terrible. Il pourrait gagner la bataille de Kiev. Il pourrait gagner la bataille d\u2019Ukraine mais il ne pourrait jamais gagner la guerre. \u00bb<br \/>\n\u00ab Poutine a r\u00e9ussi \u00e0 r\u00e9unir tous les ukrainiens. \u00bb<br \/>\n\u00ab Les Ukrainiens ne sont plus des nationalistes, ils sont des patriotes. \u00bb<br \/>\n\u00ab En r\u00e9unissant tous les Ukrainiens, Poutine a d\u00e9j\u00e0 perdu cette guerre. \u00bb<br \/>\n\u00ab Ce que disent les Ukrainiens des Russes est tr\u00e8s violent (\u2026). Il y a un rejet de tout ce qui est russe. Un rejet que je partage. \u00bb<\/p>\n<p><em> <strong>Sur la r\u00e9sistance ukrainienne<\/strong> <\/em><br \/>\n\u00ab Il y a une volont\u00e9 commune. \u00bb<br \/>\n\u00ab Toutes les personnes que j\u2019ai vues cherchent \u00e0 rendre service aux autres dans une cause commune et cette cause commune c\u2019est l\u2019Ukraine. Ils en sont eux-m\u00eames surpris. Ils se red\u00e9couvrent en tant que nation, peuple et pays. Poutine, dans sa d\u00e9mence et sa violence, leur a offert cette possibilit\u00e9. \u00bb<\/p>\n<p><em> <strong>Sur l\u2019espoir des Ukrainiens<\/strong> <\/em><br \/>\n\u00ab Tu peux raser un pays, tu ne peux pas raser l\u2019\u00e2me d\u2019un pays. \u00bb<br \/>\n\u00ab Poutine, s\u2019il l\u00e2che les freins, il va gagner la bataille. Mais il va gagner quoi ? Un champ de ruines. \u00bb<br \/>\n\u00ab Poutine a d\u00e9j\u00e0 perdu la guerre : il \u00e9tait habile jusqu\u2019\u00e0 maintenant mais son cheval est devenu fou et il n\u2019arrive plus \u00e0 l\u2019arr\u00eater. \u00bb<br \/>\n\u00ab L\u2019Affiche rouge, le groupe Manouchian \u00e0 Paris en 1942 n\u2019avait aucune chance de gagner contre les Allemands et pourtant\u2026 L\u2019\u00e2me de la r\u00e9sistance, ce n\u2019est pas de gagner, c\u2019est de savoir que l\u2019on va r\u00e9sister et se battre. \u00bb<br \/>\n\u00ab Peut-\u00eatre que demain, si les chars russes entrent dans Kyiv, ceux qui sont aux avant-postes partiront en courant parce que le canon, c\u2019est terrible. \u00bb<br \/>\n\u00ab Poutine et les Russes n\u2019auraient jamais pens\u00e9 que les Ukrainiens seraient encore l\u00e0 apr\u00e8s 14 jours de guerre : il n\u2019y a pas eu de d\u00e9bandade. \u00bb<\/p>\n<p><em> <strong>Sur l\u2019abandon des Ukrainiens par le reste du monde<\/strong> <\/em><br \/>\n\u00ab En tant qu\u2019\u00eatre humain, je voudrais dire qu\u2019il faut aider par tous les moyens possibles notre voisin : il se trouve que c\u2019est l\u2019Ukraine mais \u00e7a aurait \u00e9t\u00e9 la Pologne, la Su\u00e8de ou que sais-je, \u00e7a aurait \u00e9t\u00e9 pareil. \u00bb<br \/>\n\u00ab Il ne faut pas oublier que, jusqu\u2019au 5 d\u00e9cembre 1994, l\u2019Ukraine qui \u00e9tait ind\u00e9pendante depuis 1991 apr\u00e8s la chute de l\u2019URSS, se trouvait \u00e0 la t\u00eate d\u2019un arsenal nucl\u00e9aire issu de son h\u00e9ritage sovi\u00e9tique. L\u2019Ukraine, le Kazakhstan et la Bi\u00e9lorussie signent alors le m\u00e9morandum de Budapest : ils acceptent de se d\u00e9nucl\u00e9ariser en \u00e9change de quoi les Etats-Unis, l\u2019Angleterre et la Russie leur promettent que leur int\u00e9gralit\u00e9 territoriale serait assur\u00e9e. Or, depuis 2014, on a de cesse de trahir les Ukrainiens et de s\u2019asseoir sur les trait\u00e9s. \u00bb<br \/>\n\u00ab Il y a un \u00e9moi parce que les Ukrainiens sont \u00e0 nos portes : lorsque j\u2019\u00e9tais \u00e0 Alep, c\u2019\u00e9tait les sables du d\u00e9sert, c\u2019\u00e9tait un peu plus loin de nous et \u00e7a ne nous d\u00e9rangeait pas\u2026 L\u00e0, on s\u2019entretue sous nos fen\u00eatres. \u00bb<br \/>\n\u00ab D\u2019une certaine fa\u00e7on, on a abandonn\u00e9 les Ukrainiens mais je ne suis pas en capacit\u00e9 de juger. \u00bb<div id='gallery-1' class='gallery galleryid-13437 gallery-columns-3 gallery-size-thumbnail'><figure class='gallery-item'>\n\t\t\t<div class='gallery-icon landscape'>\n\t\t\t\t<a href='https:\/\/archives.regards.fr\/wp-content\/uploads\/2022\/03\/article_midinale-34-4fd.png'><img loading=\"lazy\" decoding=\"async\" width=\"150\" height=\"150\" src=\"https:\/\/archives.regards.fr\/wp-content\/uploads\/2022\/03\/article_midinale-34-4fd-150x150.png\" class=\"attachment-thumbnail size-thumbnail\" alt=\"article_midinale-34.png\" \/><\/a>\n\t\t\t<\/div><\/figure>\n\t\t<\/div>\n<\/p>\n","protected":false},"excerpt":{"rendered":"<p>Poutine est-il fou ? Le documentaire de Fr\u00e9d\u00e9ric Tonolli pour Arte, Poutine, le retour de l\u2019ours dans la danse, montre au contraire combien Vladimir Poutine n\u2019a cess\u00e9 de pr\u00e9venir le monde de ses intentions : la Russie humili\u00e9e par les occidentaux va revenir. C\u2019\u00e9tait le sens de son discours de Munich d\u00e8s f\u00e9vrier 2007. Fr\u00e9d\u00e9ric Tonolli revient de Kyiv, il est l\u2019invit\u00e9 de #LaMidinale.<\/p>\n","protected":false},"author":1039,"featured_media":31639,"comment_status":"open","ping_status":"open","sticky":false,"template":"","format":"standard","meta":{"_themeisle_gutenberg_block_has_review":false,"footnotes":""},"categories":[238],"tags":[293],"class_list":["post-13437","post","type-post","status-publish","format-standard","has-post-thumbnail","hentry","category-la-midinale","tag-entretien"],"_links":{"self":[{"href":"https:\/\/archives.regards.fr\/index.php?rest_route=\/wp\/v2\/posts\/13437","targetHints":{"allow":["GET"]}}],"collection":[{"href":"https:\/\/archives.regards.fr\/index.php?rest_route=\/wp\/v2\/posts"}],"about":[{"href":"https:\/\/archives.regards.fr\/index.php?rest_route=\/wp\/v2\/types\/post"}],"author":[{"embeddable":true,"href":"https:\/\/archives.regards.fr\/index.php?rest_route=\/wp\/v2\/users\/1039"}],"replies":[{"embeddable":true,"href":"https:\/\/archives.regards.fr\/index.php?rest_route=%2Fwp%2Fv2%2Fcomments&post=13437"}],"version-history":[{"count":0,"href":"https:\/\/archives.regards.fr\/index.php?rest_route=\/wp\/v2\/posts\/13437\/revisions"}],"wp:featuredmedia":[{"embeddable":true,"href":"https:\/\/archives.regards.fr\/index.php?rest_route=\/wp\/v2\/media\/31639"}],"wp:attachment":[{"href":"https:\/\/archives.regards.fr\/index.php?rest_route=%2Fwp%2Fv2%2Fmedia&parent=13437"}],"wp:term":[{"taxonomy":"category","embeddable":true,"href":"https:\/\/archives.regards.fr\/index.php?rest_route=%2Fwp%2Fv2%2Fcategories&post=13437"},{"taxonomy":"post_tag","embeddable":true,"href":"https:\/\/archives.regards.fr\/index.php?rest_route=%2Fwp%2Fv2%2Ftags&post=13437"}],"curies":[{"name":"wp","href":"https:\/\/api.w.org\/{rel}","templated":true}]}}