{"id":13433,"date":"2022-03-09T15:09:15","date_gmt":"2022-03-09T14:09:15","guid":{"rendered":"https:\/\/wp.muchomaas.com\/article-l-embargo-sur-le-gaz-russe-va-avoir-des-impacts-sur-nos-economies-mais-il-faut\/"},"modified":"2023-06-24T00:25:50","modified_gmt":"2023-06-23T22:25:50","slug":"article-l-embargo-sur-le-gaz-russe-va-avoir-des-impacts-sur-nos-economies-mais-il-faut","status":"publish","type":"post","link":"https:\/\/archives.regards.fr\/?p=13433","title":{"rendered":"\u00ab L\u2019embargo sur le gaz russe va avoir des impacts sur nos \u00e9conomies mais il faut le faire \u00bb"},"content":{"rendered":"<p class=\"post_excerpt\">Les \u00c9tats-Unis ont d\u00e9cid\u00e9, sans concertation avec les Europ\u00e9ens, d\u2019imposer un embargo sur le p\u00e9trole russe. Les europ\u00e9ens, plus d\u00e9pendants sur le plan \u00e9nerg\u00e9tique des russes que les am\u00e9ricains, sauront-ils prendre cette d\u00e9cision ? Et quelles peuvent en \u00eatre les cons\u00e9quences. Aurore Lalucq, \u00e9conomiste et d\u00e9put\u00e9e europ\u00e9enne, est l\u2019invit\u00e9e de #LaMidinale.\n<\/p>\n<h2>UNE MIDINALE \u00c0 VOIR&#8230;<\/h2>\n<p><iframe loading=\"lazy\" width=\"490\" height=\"276\" src=\"https:\/\/www.youtube.com\/embed\/jJTTEAF4uwU\" title=\"YouTube video player\" frameborder=\"0\" allow=\"accelerometer; autoplay; clipboard-write; encrypted-media; gyroscope; picture-in-picture\" allowfullscreen><\/iframe><\/p>\n<p>&nbsp;<\/p>\n<p><h2>ET \u00c0 LIRE&#8230;<\/h2>\n<p><em> <strong>Sur l\u2019embargo am\u00e9ricain et les europ\u00e9ens<\/strong> <\/em><br \/>\n\u00ab Un embargo consiste \u00e0 interdire tout achat, en l\u2019occurrence ici c\u00f4t\u00e9 Etats-Unis, de produits list\u00e9s c\u00f4t\u00e9 Russe. \u00bb<br \/>\n\u00ab Les Etats-Unis et leurs entreprises n\u2019ach\u00e8teront plus de gaz, de p\u00e9trole et de charbon russe. \u00bb<br \/>\n\u00ab En Europe, on va continuer \u00e0 en acheter dans qu\u2019il n\u2019y aura pas d\u2019embargo sur l\u2019achat de ce type d\u2019\u00e9nergie fossile. \u00bb<br \/>\n\u00ab Les Etats-Unis ne sont pas du tout dans la m\u00eame situation \u00e9nerg\u00e9tique que l\u2019Europe. Les Etats-unis ont des r\u00e9serves et ils ont aussi du gaz alternatif &#8211; qui est du tr\u00e8s mauvais gaz, \u00e0 l\u2019instar du gaz de schiste, tr\u00e8s polluant. \u00bb<\/p>\n<p><em> <strong>Sur notre rapport au gaz<\/strong> <\/em><br \/>\n\u00ab En Europe, on s\u2019est mis dans une situation de grande d\u00e9pendance vis-\u00e0-vis du gaz russe. \u00bb<br \/>\n\u00ab Il n\u2019y a pas de clivage gauche\/droite sur le rapport au gaz. \u00bb<br \/>\n\u00ab Il y a des politiques de gauche qui vante le gaz contre le nucl\u00e9aire. \u00bb<br \/>\n\u00ab Il y a beaucoup d\u2019int\u00e9r\u00eat personnel : on voit d\u2019anciens politiques allemands notamment avoir des int\u00e9r\u00eats dans Gazprom. \u00bb<br \/>\n\u00ab En tant que d\u00e9put\u00e9s europ\u00e9ens, nous avons \u00e9t\u00e9 plusieurs \u00e0 nous opposer au projet Nord Stream pour des raisons environnementales et g\u00e9opolitiques. \u00bb<br \/>\n\u00ab Certains pays de l\u2019Est d\u00e9pendent \u00e0 100% du gaz russe. L\u2019Allemagne entre 40 et 50%. La France beaucoup moins mais se passer du gaz russe va avoir des cons\u00e9quences tr\u00e8s pr\u00e9cises et tr\u00e8s dures. \u00bb<\/p>\n<p><em> <strong>Sur l\u2019hypoth\u00e8se d\u2019un embargo europ\u00e9en<\/strong>  <\/em><br \/>\n\u00ab Des annonces ont \u00e9t\u00e9 faites hier par le commissaire europ\u00e9en Timmermans avec une volont\u00e9 de commencer \u00e0 se passer du gaz russe. Mais si c\u2019est une sanction, \u00e7a ne se fait jamais sans peine sur celui qui l\u2019impose aux autres. Il faut aussi montrer notre solidarit\u00e9 vis-\u00e0-vis des ukrainiens. Et en la mati\u00e8re, il faut aller jusqu\u2019au bout. Si c\u2019est pour se d\u00e9barrasser du gaz russe sur un an et demi, \u00e7a n\u2019est pas une sanction \u00e9conomique. Si on veut vraiment prendre une sanction, c\u2019est l\u2019embargo. Mais il faut bien avoir conscience que \u00e7a aura un co\u00fbt. \u00c7a demande de la planification \u00e9nerg\u00e9tique. \u00bb<br \/>\n\u00ab Je ne sais pas quelles peuvent \u00eatre les cons\u00e9quences d\u2019un embargo sur Poutine mais je sais quelles seront les cons\u00e9quences sur l\u2019\u00e9conomie russe. Il faut imposer un rapport de force avec Poutine et n\u00e9gocier la paix. \u00bb<br \/>\n\u00ab \u00c0 un moment donn\u00e9, l\u2019histoire va nous regarder et nous juger s\u00e9v\u00e8rement. On n\u2019a pas le choix. J\u2019ai toujours plaid\u00e9 pour notre diminution de notre d\u00e9pendance au gaz russe. \u00bb<br \/>\n\u00ab On peut prendre la d\u00e9cision d\u2019un embargo brutal, il faut quasiment le faire, mais il faut planifier derri\u00e8re. On ne remplace pas le gaz russe comme \u00e7a. \u00bb<br \/>\n\u00ab On ne parviendra pas \u00e0 compenser du jour au lendemain ce que l\u2019on importe en gaz russe. Par ailleurs, les prix vont exploser. Donc il fait mettre en place un plan massif d\u2019investissement et \u00e0 commencer par le solaire (\u2026). Il va falloir faire de la sobri\u00e9t\u00e9 aussi. \u00bb<br \/>\n\u00ab On risque d\u2019avoir des coupures et nous serons amen\u00e9s \u00e0 \u00e9tablir des priorit\u00e9s. \u00bb<\/p>\n<p><em> <strong>Sur l\u2019\u00e9conomie russe<\/strong> <\/em><br \/>\n\u00ab Poutine a annonc\u00e9 que seules les obligations en devise seront rembours\u00e9es. Et les pays hostiles seront rembours\u00e9s en roubles et non en devis\u00e9. Je rappelle que la d\u00e9finition d\u2019un d\u00e9faut c\u2019est quand on ne sait plus rembourser en devise. \u00c0 partir du moment o\u00f9 Poutine fait \u00e7a, c\u2019est qu\u2019il a peur d\u2019une fuite des capitaux. \u00bb<\/p>\n<p><em> <strong>Sur la hausse des prix en France<\/strong> <\/em><br \/>\n\u00ab La situation n\u2019est pas comparable \u00e0 1974. Elle est bien plus grave. Entre 1973, 1974 et aujourd\u2019hui, notre consommation et notre d\u00e9pendance aux \u00e9nergies fossiles a explos\u00e9. \u00bb<br \/>\n\u00ab Les impacts \u00e9conomiques, sociaux et environnementaux seront bien plus importants que ceux de la crise des ann\u00e9es 70. \u00bb<br \/>\n\u00ab Le meilleur moyen de prot\u00e9ger les gens, c\u2019est d\u2019investir. \u00bb<br \/>\n\u00ab Il nous faut un quoi qu\u2019il en co\u00fbte. Dire le contraire est absurde. \u00bb<br \/>\n\u00ab On peut r\u00e9fl\u00e9chir \u00e0 la question du blocage des prix et faire des ch\u00e8ques aux fran\u00e7ais pour compenser socialement. \u00bb<br \/>\n\u00ab La situation \u00e9volue toutes les heures d\u2019un point de vue \u00e9conomique. \u00bb<br \/>\n\u00ab On ne sait pas dans quelle situation macro\u00e9conomique on va se retrouver. \u00bb<br \/>\n\u00ab On va avoir de l\u2019inflation (\u2026). Et il va falloir mettre la pression sur les pays de l\u2019OPEP. \u00bb<br \/>\n\u00ab Nous allons avoir besoin d\u2019une vraie r\u00e9forme fiscale pour taxer ceux qui ont beaucoup. \u00bb<\/p>\n<p><em> <strong>Sur l\u2019envoi d\u2019armes en Ukraine<\/strong>  <\/em><br \/>\n\u00ab La paix, \u00e7a n\u2019est pas refuser de se d\u00e9fendre. \u00bb<br \/>\n\u00ab Ceux qui, \u00e0 gauche, ont d\u00e9fendu le gaz pendant des ann\u00e9es, ont aussi une responsabilit\u00e9. \u00bb<div id='gallery-1' class='gallery galleryid-13433 gallery-columns-3 gallery-size-thumbnail'><figure class='gallery-item'>\n\t\t\t<div class='gallery-icon landscape'>\n\t\t\t\t<a href='https:\/\/archives.regards.fr\/wp-content\/uploads\/2022\/03\/article_midinale-33-fdf.png'><img loading=\"lazy\" decoding=\"async\" width=\"150\" height=\"150\" src=\"https:\/\/archives.regards.fr\/wp-content\/uploads\/2022\/03\/article_midinale-33-fdf-150x150.png\" class=\"attachment-thumbnail size-thumbnail\" alt=\"article_midinale-33.png\" \/><\/a>\n\t\t\t<\/div><\/figure>\n\t\t<\/div>\n<\/p>\n","protected":false},"excerpt":{"rendered":"<p>Les \u00c9tats-Unis ont d\u00e9cid\u00e9, sans concertation avec les Europ\u00e9ens, d\u2019imposer un embargo sur le p\u00e9trole russe. Les europ\u00e9ens, plus d\u00e9pendants sur le plan \u00e9nerg\u00e9tique des russes que les am\u00e9ricains, sauront-ils prendre cette d\u00e9cision ? Et quelles peuvent en \u00eatre les cons\u00e9quences. Aurore Lalucq, \u00e9conomiste et d\u00e9put\u00e9e europ\u00e9enne, est l\u2019invit\u00e9e de #LaMidinale.<\/p>\n","protected":false},"author":1039,"featured_media":31633,"comment_status":"open","ping_status":"open","sticky":false,"template":"","format":"standard","meta":{"_themeisle_gutenberg_block_has_review":false,"footnotes":""},"categories":[238],"tags":[293],"class_list":["post-13433","post","type-post","status-publish","format-standard","has-post-thumbnail","hentry","category-la-midinale","tag-entretien"],"_links":{"self":[{"href":"https:\/\/archives.regards.fr\/index.php?rest_route=\/wp\/v2\/posts\/13433","targetHints":{"allow":["GET"]}}],"collection":[{"href":"https:\/\/archives.regards.fr\/index.php?rest_route=\/wp\/v2\/posts"}],"about":[{"href":"https:\/\/archives.regards.fr\/index.php?rest_route=\/wp\/v2\/types\/post"}],"author":[{"embeddable":true,"href":"https:\/\/archives.regards.fr\/index.php?rest_route=\/wp\/v2\/users\/1039"}],"replies":[{"embeddable":true,"href":"https:\/\/archives.regards.fr\/index.php?rest_route=%2Fwp%2Fv2%2Fcomments&post=13433"}],"version-history":[{"count":0,"href":"https:\/\/archives.regards.fr\/index.php?rest_route=\/wp\/v2\/posts\/13433\/revisions"}],"wp:featuredmedia":[{"embeddable":true,"href":"https:\/\/archives.regards.fr\/index.php?rest_route=\/wp\/v2\/media\/31633"}],"wp:attachment":[{"href":"https:\/\/archives.regards.fr\/index.php?rest_route=%2Fwp%2Fv2%2Fmedia&parent=13433"}],"wp:term":[{"taxonomy":"category","embeddable":true,"href":"https:\/\/archives.regards.fr\/index.php?rest_route=%2Fwp%2Fv2%2Fcategories&post=13433"},{"taxonomy":"post_tag","embeddable":true,"href":"https:\/\/archives.regards.fr\/index.php?rest_route=%2Fwp%2Fv2%2Ftags&post=13433"}],"curies":[{"name":"wp","href":"https:\/\/api.w.org\/{rel}","templated":true}]}}