{"id":13431,"date":"2022-03-08T17:01:00","date_gmt":"2022-03-08T16:01:00","guid":{"rendered":"https:\/\/wp.muchomaas.com\/article-mathilde-emmanuel-macron-est-profondement-masculiniste\/"},"modified":"2023-06-24T00:25:46","modified_gmt":"2023-06-23T22:25:46","slug":"article-mathilde-emmanuel-macron-est-profondement-masculiniste","status":"publish","type":"post","link":"https:\/\/archives.regards.fr\/?p=13431","title":{"rendered":"Mathilde : \u00ab Emmanuel Macron est profond\u00e9ment masculiniste \u00bb"},"content":{"rendered":"<p class=\"post_excerpt\">Mathilde est une chansonni\u00e8re engag\u00e9e. Militante f\u00e9ministe. Sa nouvelle chanson \u00ab Martyre de la cause \u00bb cartonne. \u00c0 l\u2019occasion de la journ\u00e9e internationale des droits des femmes, elle est l\u2019invit\u00e9e de #LaMidinale.<\/p>\n<h2>UNE MIDINALE \u00c0 VOIR&#8230;<\/h2>\n<p><iframe loading=\"lazy\" width=\"490\" height=\"276\" src=\"https:\/\/www.youtube.com\/embed\/z7cQTVCZchM\" title=\"YouTube video player\" frameborder=\"0\" allow=\"accelerometer; autoplay; clipboard-write; encrypted-media; gyroscope; picture-in-picture\" allowfullscreen><\/iframe><\/p>\n<p>&nbsp;<\/p>\n<p><h2>ET \u00c0 LIRE&#8230;<\/h2>\n<p><em> <strong>Sur l\u2019utilit\u00e9 de la journ\u00e9e des droits des femmes<\/strong> <\/em><br \/>\n\u00ab Cette journ\u00e9e change \u00e9ventuellement quelque chose pour nous, les femmes. C\u2019est une opportunit\u00e9 de faire un petit check, un peu comme les bonnes r\u00e9solutions du d\u00e9but d\u2019ann\u00e9e. Cette journ\u00e9e permet de faire un petit bilan et de s\u2019organiser. C\u2019est quelque chose de tr\u00e8s politique. \u00c7a cr\u00e9e une sororit\u00e9 citoyenne entre nous, une mani\u00e8re de prendre la temp\u00e9rature et de constater \u00e0 quel point \u00e7a n\u2019avance pas. \u00bb<br \/>\n\u00ab La lutte a encore du sens. \u00bb<br \/>\n\u00ab L\u2019art est une mani\u00e8re pour l\u2019artiste de questionner et de s\u2019exprimer. \u00bb<br \/>\n\u00ab Si ma musique n\u2019avait aucun impact, je ne recevrais pas autant de haine sur les r\u00e9seaux sociaux que j\u2019en re\u00e7ois actuellement. \u00bb<\/p>\n<p><em> <strong>Sur la chanson &#8220;Martyre de la cause&#8221;<\/strong> <\/em><br \/>\n\u00ab Je ne laisse plus rien passer. J\u2019ai beaucoup laiss\u00e9 passer. Et je suis fasse \u00e0 37 ans \u00e0 des regrets , \u00e0 des remords, \u00e0 un bilan de femme meurtrie. Je me trimballe un syndrome  post traumatique complexe. J\u2019ai surv\u00e9cu \u00e0 des violences conjugales. Je me suis retrouv\u00e9e \u00e0 l\u2019h\u00f4pital en ayant perdu un b\u00e9b\u00e9. \u00bb<br \/>\n\u00ab Apr\u00e8s #MeToo, je me suis dit qu\u2019il fallait que j\u2019arr\u00eate les conneries, la demi-mesure, le d\u00e9ni, les excuses. Parce que j\u2019ai pris conscience que \u00e7a ne servait que l\u2019agresseur. \u00bb<br \/>\n\u00ab C\u2019est terrible de faire face \u00e0 ses regrets. \u00bb<br \/>\n\u00ab Pour moi, le mot de &#8220;martyr&#8221; est un mot transgressif qui reprend une s\u00e9mantique de la religion alors que toutes les religions sont misogynes. Transcender ce terme de &#8220;martyr&#8221; c\u2019\u00e9tait quelque chose d\u2019important pour moi parce que c\u2019est un peu li\u00e9 au &#8220;les sorci\u00e8res br\u00fbl\u00e9es au b\u00fbcher&#8221; et \u00e0 la fantasmagorie autour du martyr. \u00bb<br \/>\n\u00ab Je comprends que l\u2019usage de &#8220;martyre&#8221; puisse poser question parce qu\u2019on en a marre justement des femmes martyres pour la cause. \u00bb<\/p>\n<p><em> <strong>Sur le rapport \u00e0 la violence<\/strong> <\/em><br \/>\n\u00ab J\u2019ai un rapport ambivalent \u00e0 la violence. \u00c7a n\u2019est pas quelque chose que j\u2019aime pratiquer. Mais je ne fais vraiment pas s\u2019\u00e9quivaloir bourreaux et victimes. La l\u00e9gitime d\u00e9fense n\u2019est pas une violence. La violence, c\u2019est ce qu\u2019on re\u00e7oit. Et tant que je suis dans la l\u00e9gitime d\u00e9fense, je ne suis pas dans la violence. \u00bb<br \/>\n\u00ab Je ne pratique pas la violence. Je biberonne la communication non violente \u00e0 tout le monde. Mais la non violence sert l\u2019Etat et l\u2019oppresseur. \u00bb<br \/>\n\u00ab Je suis d\u2019avis que le patriarcat est un pervers narcissique. Le patriarcat coche toutes les cases du pervers narcissique. Il est impossible, face \u00e0 cette violence, de r\u00e9pondre  avec de la non violence. En plus, \u00e7a d\u00e9politise la lutte. Et encore une fois, la l\u00e9gitime d\u00e9fense, n\u2019est pas une violence. \u00bb <\/p>\n<p><em> <strong>Sur la sororit\u00e9<\/strong> <\/em><br \/>\n\u00ab Je pratique trois types de sororit\u00e9 : celle de l\u2019intime, avec des potes avec lesquels je ne suis pas toujours d\u2019accord. Celle politique, avec mes s\u0153urs de lutte, avec qui je partage des ambitions politiques et un message. Une sonorit\u00e9 citoyenne qui fait que toutes les femmes sont mes s\u0153urs d\u2019un point de vue citoyen. \u00bb<br \/>\n\u00ab \u00c7a serait faire du victim-blaming que de cracher sur une femme patriarcaptive. Ce n&#8217;est pas de sa faute, c\u2019est la faute du patriarcat. \u00bb<br \/>\n\u00ab La sororit\u00e9 n\u2019est pas une id\u00e9ologie, c\u2019est une pratique. \u00bb<\/p>\n<p><em> <strong>Sur les f\u00e9minicides et le bilan de Macron<\/strong> <\/em><br \/>\n\u00ab Rien n\u2019a \u00e9t\u00e9 fait. \u00bb<br \/>\n\u00ab En nommant Darmanin puis Dupont-Moretti on a bien compris qu\u2019il nous disait : &#8220;fermez vos gueules&#8221;. \u00bb<br \/>\n\u00ab On ne peut pas avoir confiance dans la parole de Macron sur les questions f\u00e9ministes. \u00bb<br \/>\n\u00ab Les choix de Macron sont des choix violents et misogynes. \u00bb<br \/>\n\u00ab Notre pr\u00e9sident est profond\u00e9ment masculiniste. \u00bb<\/p>\n<p><em> <strong>Sur la peur des femmes<\/strong> <\/em><br \/>\n\u00ab La peur est un obstacle pour tous les \u00eatres humains. \u00bb<br \/>\n\u00ab Dans notre nature d\u2019animal, c\u2019est normal d\u2019avoir peur. La question, c\u2019est qu\u2019est-ce qu\u2019on en fait ? \u00bb<br \/>\n\u00ab Il faut comprendre la peur et l\u2019accueillir. Il fait cesser cette id\u00e9e que la peur, c\u2019est mal, que c\u2019est un truc de femmes, de mauviettes ou de femmelettes. \u00bb<br \/>\n\u00ab La stigmatisation de la peur, en tant qu\u2019\u00e9motion, est profond\u00e9ment un truc viriliste. \u00bb<br \/>\n\u00ab La misogynie est un probl\u00e8me d\u2019hommes. \u00bb<br \/>\n\u00ab J\u2019attends une association de mecs aussi forte que l\u2019association #NousToutes qui s\u2019appellerait #NousTous, des hommes contre le patriarcat. Et je pense h\u00e9las, que je peux attendre longtemps. \u00bb<\/p>\n<p><em> <strong>Sur son engagement aupr\u00e8s de l\u2019Union populaire <\/strong>  <\/em><br \/>\n\u00ab M\u00e9lenchon n\u2019est pas le candidat le plus f\u00e9ministe, c\u2019est son programme qui est le plus f\u00e9ministe. \u00bb<br \/>\n\u00ab Il y a beaucoup de femmes qui ont pass\u00e9 beaucoup de leur temps sur le programme. \u00bb<br \/>\n\u00ab Je veux sortir de la V\u00e8me R\u00e9publique parce qu\u2019on est sur l\u2019homme &#8211; ou la femme &#8211; providentiel.le. \u00bb<br \/>\n\u00ab Je suis politis\u00e9e avant d\u2019\u00eatre f\u00e9ministe. Mon f\u00e9minisme d\u00e9coule de mon anarchisme. \u00bb<br \/>\n\u00ab Taubira n\u2019est pas ma s\u0153ur de lutte. \u00bb<\/p>\n<p><em> <strong>Sur la d\u00e9cision d\u2019exclure la Russie de l\u2019Eurovision<\/strong> <\/em><br \/>\n\u00ab Exclure la Russie de l\u2019Eurovision, c\u2019est rest\u00e9 sur quelque chose de l\u2019ordre de l\u2019apparence. \u00bb<br \/>\n\u00ab Ma premi\u00e8re solidarit\u00e9 va avec les artistes russes : je ne crois pas qu\u2019ils soient tous derri\u00e8re Poutine \u00e0 dire que c\u2019est g\u00e9nial la guerre (\u2026). Il n\u2019y a qu\u2019\u00e0 voir comment cela se passe en France : la majorit\u00e9 n\u2019a pas \u00e9lu Emmanuel Macron et n\u2019est pas d\u2019accord avec sa politique. \u00bb<br \/>\n\u00ab Je d\u00e9teste l\u2019amalgame qui peut \u00eatre fait entre un peuple et un mec qui, tranquille depuis son Kremlin, d\u00e9cide une guerre. \u00bb<br \/>\n\u00ab La d\u00e9cision d\u2019exclusion est un manque de soutien aux artistes russes. \u00bb<br \/>\n\u00ab On met, de facto, les artistes russes dans le m\u00eame panier que Poutine. \u00bb<br \/>\n\u00ab Les artistes sont toujours majoritairement dissidents donc c\u2019est le moment de les accueillir chez nous pour qu\u2019ils puissent cr\u00e9er librement dans un pays o\u00f9 on ne les oblige pas \u00e0 aimer la guerre. \u00bb<div id='gallery-1' class='gallery galleryid-13431 gallery-columns-3 gallery-size-thumbnail'><figure class='gallery-item'>\n\t\t\t<div class='gallery-icon landscape'>\n\t\t\t\t<a href='https:\/\/archives.regards.fr\/wp-content\/uploads\/2022\/03\/article_midinale-32-c09.png'><img loading=\"lazy\" decoding=\"async\" width=\"150\" height=\"150\" src=\"https:\/\/archives.regards.fr\/wp-content\/uploads\/2022\/03\/article_midinale-32-c09-150x150.png\" class=\"attachment-thumbnail size-thumbnail\" alt=\"article_midinale-32.png\" \/><\/a>\n\t\t\t<\/div><\/figure>\n\t\t<\/div>\n<\/p>\n","protected":false},"excerpt":{"rendered":"<p>Mathilde est une chansonni\u00e8re engag\u00e9e. Militante f\u00e9ministe. Sa nouvelle chanson \u00ab Martyre de la cause \u00bb cartonne. \u00c0 l\u2019occasion de la journ\u00e9e internationale des droits des femmes, elle est l\u2019invit\u00e9e de #LaMidinale.<\/p>\n","protected":false},"author":1039,"featured_media":31627,"comment_status":"open","ping_status":"open","sticky":false,"template":"","format":"standard","meta":{"_themeisle_gutenberg_block_has_review":false,"footnotes":""},"categories":[238],"tags":[293],"class_list":["post-13431","post","type-post","status-publish","format-standard","has-post-thumbnail","hentry","category-la-midinale","tag-entretien"],"_links":{"self":[{"href":"https:\/\/archives.regards.fr\/index.php?rest_route=\/wp\/v2\/posts\/13431","targetHints":{"allow":["GET"]}}],"collection":[{"href":"https:\/\/archives.regards.fr\/index.php?rest_route=\/wp\/v2\/posts"}],"about":[{"href":"https:\/\/archives.regards.fr\/index.php?rest_route=\/wp\/v2\/types\/post"}],"author":[{"embeddable":true,"href":"https:\/\/archives.regards.fr\/index.php?rest_route=\/wp\/v2\/users\/1039"}],"replies":[{"embeddable":true,"href":"https:\/\/archives.regards.fr\/index.php?rest_route=%2Fwp%2Fv2%2Fcomments&post=13431"}],"version-history":[{"count":0,"href":"https:\/\/archives.regards.fr\/index.php?rest_route=\/wp\/v2\/posts\/13431\/revisions"}],"wp:featuredmedia":[{"embeddable":true,"href":"https:\/\/archives.regards.fr\/index.php?rest_route=\/wp\/v2\/media\/31627"}],"wp:attachment":[{"href":"https:\/\/archives.regards.fr\/index.php?rest_route=%2Fwp%2Fv2%2Fmedia&parent=13431"}],"wp:term":[{"taxonomy":"category","embeddable":true,"href":"https:\/\/archives.regards.fr\/index.php?rest_route=%2Fwp%2Fv2%2Fcategories&post=13431"},{"taxonomy":"post_tag","embeddable":true,"href":"https:\/\/archives.regards.fr\/index.php?rest_route=%2Fwp%2Fv2%2Ftags&post=13431"}],"curies":[{"name":"wp","href":"https:\/\/api.w.org\/{rel}","templated":true}]}}