{"id":13409,"date":"2022-02-22T17:13:58","date_gmt":"2022-02-22T16:13:58","guid":{"rendered":"https:\/\/wp.muchomaas.com\/article-gerard-filoche-pour-la-premiere-fois-depuis-un-siecle-il-est-possible-qu-il-n-y\/"},"modified":"2023-06-24T00:25:27","modified_gmt":"2023-06-23T22:25:27","slug":"article-gerard-filoche-pour-la-premiere-fois-depuis-un-siecle-il-est-possible-qu-il-n-y","status":"publish","type":"post","link":"https:\/\/archives.regards.fr\/?p=13409","title":{"rendered":"G\u00e9rard Filoche : \u00ab Pour la premi\u00e8re fois depuis un si\u00e8cle, il est possible qu&#8217;il n&#8217;y ait pas de d\u00e9put\u00e9 de gauche \u00bb"},"content":{"rendered":"<p class=\"post_excerpt\">Il est un militant infatigable de l\u2019union des gauches. Son objectif : reconstruire une grande maison commune de la gauche unie, pluraliste, d\u00e9mocratique sur un vrai programme de transformation sociale. G\u00e9rard Filoche publie <em>Mai 68 : une histoire sans fin<\/em> aux \u00c9ditions Atlande. Il est l\u2019invit\u00e9 de #LaMidinale.\n<\/p>\n<h2>UNE MIDINALE \u00c0 VOIR&#8230;<\/h2>\n<p><iframe loading=\"lazy\" width=\"490\" height=\"276\" src=\"https:\/\/www.youtube.com\/embed\/ENjW2t2X2YE\" title=\"YouTube video player\" frameborder=\"0\" allow=\"accelerometer; autoplay; clipboard-write; encrypted-media; gyroscope; picture-in-picture\" allowfullscreen><\/iframe><\/p>\n<p>&nbsp;<\/p>\n<p><h2>ET \u00c0 LIRE&#8230;<\/h2>\n<p><strong>Sur la nostalgie des r\u00e9volutions pass\u00e9es<\/strong><br \/>\n\u00ab Mai 68, c\u2019est l\u2019avenir. C\u2019est inachev\u00e9. C\u2019est ce qui germe derri\u00e8re toutes les questions politiques qui se posent \u00e0 nous. \u00bb<br \/>\n\u00ab Il faut toujours mettre les questions \u00e9lectorales en relation avec les luttes sociales sinon on ne les comprend pas. \u00bb<\/p>\n<p><strong>Sur le rassemblement des gauches<\/strong><br \/>\n\u00ab Il y a des moments o\u00f9 quand le mouvement social n\u2019est pas assez puissant, les appareils politiques se croient tout permis. \u00bb<br \/>\n\u00ab Quand les appareils sont divis\u00e9s, c\u2019est le moins bien pour les masses. Chacun d\u00e9fend son bon de gras, son int\u00e9r\u00eat. C\u2019est toujours la faute de l\u2019autre. \u00bb<br \/>\n\u00ab Jamais je n\u2019aurais cru voir une situation pareille. \u00bb<\/p>\n<p><strong>Sur la victoire de la gauche en 2022<\/strong><br \/>\n\u00ab Je suis pour exclure tout camarade de gauche proche de moi qui n\u2019y croit pas [dans la victoire de la gauche]. \u00bb (Ironique)<br \/>\n\u00ab Tant que \u00e7a n\u2019est pas perdu, vous n\u2019avez pas le droit de consid\u00e9rer que c\u2019est perdu. \u00bb<br \/>\n\u00ab Le vrai probl\u00e8me aujourd\u2019hui, c\u2019est l\u2019abstention. Et l\u2019abstention est li\u00e9e \u00e0 la division. \u00bb<\/p>\n<p><strong>Sur les rapports de force \u00e0 gauche<\/strong><br \/>\n\u00ab Hollande et Valls ont trahi le PS lui-m\u00eame et la gauche toute enti\u00e8re. \u00c7a laisse des s\u00e9quelles profondes. \u00bb<br \/>\n\u00ab La gauche a \u00e9t\u00e9 remodel\u00e9e. Et \u00e7a n\u2019est pas fini. \u00bb<br \/>\n\u00ab Je r\u00eave d\u2019un congr\u00e8s du Globe. \u00bb<\/p>\n<p><strong>Sur le projet d\u2019Emmanuel Macron<\/strong><br \/>\n\u00ab Si Macron est r\u00e9\u00e9lu, la r\u00e9forme de la s\u00e9curit\u00e9 sociale est le pire qui va nous arriver. \u00bb<\/p>\n<p><strong>Sur le vote utile \u00e0 gauche<\/strong><br \/>\n\u00ab C\u2019est pas la parole de S\u00e9gol\u00e8ne Royal qui va arbitrer les probl\u00e8mes que nous avons. \u00bb<br \/>\n\u00ab On parle plus du vote utile que du fond des programmes. \u00bb<br \/>\n\u00ab Le vote utile fonctionnera \u00e0 la fin. Mais le vote utile ne cr\u00e9e pas plus d\u2019\u00e9lan que d\u2019adh\u00e9sion. \u00bb<br \/>\n\u00ab Faire l\u2019unit\u00e9, c\u2019est rencontrer les gens et les respecter. \u00bb<\/p>\n<p><strong>Sur le d\u00e9nominateur commun \u00e0 gauche<\/strong><br \/>\n\u00ab La lutte de classe domine tout. \u00bb<br \/>\n\u00ab Il y a une question de hi\u00e9rarchie. Il y a une question de compr\u00e9hension globale du monde et de la marche globale du monde pour sa transformation. Je suis toujours un militant pour la r\u00e9volution socialiste et la r\u00e9volution socialiste r\u00e9glera les probl\u00e8mes de Sandrine Rousseau comme ceux de Ian Brossat. \u00bb<\/p>\n<p><strong>Sur le rassemblement de la gauche apr\u00e8s les pr\u00e9sidentielles, pour les l\u00e9gislatives<\/strong><br \/>\n\u00ab Dire qu\u2019il va y avoir un accord de la gauche en juin alors qu\u2019il n\u2019a pas eu lieu en avril, le r\u00e9cit va \u00eatre difficile \u00e0 faire avaler aux \u00e9lecteurs. Et \u00e7a commence mal : nos amis verts commencent d\u00e9j\u00e0 \u00e0 dire qu\u2019ils vont pr\u00e9senter 577 candidats, que Benjamin Lucas de G\u00e9n\u00e9ration.s va se pr\u00e9senter contre Ugo Bernalicis de La France insoumise, Karima Delli de EELV contre Adrien Quatennens\u2026 C\u2019est invraisemblable. \u00bb<br \/>\n\u00ab Il y aura aussi 577 candidats socialistes parce que l\u2019appareil PS a beaucoup de difficult\u00e9s et dira \u00e0 Olivier Faure que s\u2019il ne pr\u00e9sente pas des candidats partout, c\u2019est qu\u2019il veut liquider le parti. \u00bb<br \/>\n\u00ab Et le PCF, parce qu\u2019il consid\u00e9rera qu\u2019il a fait un bon score avec 2, 3 ou 4%, voudra aussi pr\u00e9senter des candidats partout. \u00bb<br \/>\n\u00ab Pour l\u2019instant, LFI ne participe pas aux discussions sur les l\u00e9gislatives. Le mot d\u2019ordre national, c\u2019est d\u2019attendre le r\u00e9sultat de la pr\u00e9sidentielle. \u00bb<br \/>\n\u00ab Je le dis avec tristesse mais il y a le risque que, pour la premi\u00e8re fois depuis un si\u00e8cle, qu\u2019il n\u2019y ait pas du tout de d\u00e9put\u00e9s de gauche. \u00bb<br \/>\n\u00ab Il faut faire des AG communes de toute la gauche dans les circonscriptions et, sur le mod\u00e8le du Printemps marseillais, trouver la m\u00e9thode pour avoir le candidat qui correspond le plus \u00e0 la circonscription &#8211; avec, au besoin, une primaire ! \u00bb<br \/>\n\u00ab Pour le rassemblement, il faut \u00eatre d\u2019accord sur la plateforme : 1800 euros pour le SMIC, 32 heures hebdomadaires, 60 ans pour la retraite, pas plus de 20 fois pour les salaires maximaux et pas plus de 5% de non-CDI dans les entreprises. \u00bb<br \/>\n\u00ab M\u00eame Angela Merkel, avec le SPD, a fait passer qu\u2019il n\u2019y aurait pas plus de 2,5% de pr\u00e9caires par entreprises de plus de 300 salari\u00e9s. \u00bb<br \/>\n\u00ab Sur le nucl\u00e9aire, il y a d\u00e9j\u00e0 eu deux fois des accords : on doit bien pouvoir trouver une solution pour avoir un compromis pour en sortir. Je suis pour en sortir, je ne sais pas quand exactement mais on verra bien ! \u00bb<br \/>\n\u00ab Mon slogan est simple sur l\u2019Europe : je suis pour un Macronxit et apr\u00e8s, on verra ensemble pour faire avancer l\u2019Europe. \u00bb<br \/>\n\u00ab Il y a 80 \u00e0 90% d\u2019accords \u00e0 gauche : on peut le faire ce congr\u00e8s du Globe ! \u00bb<br \/>\n\u00ab D\u00e8s que la gauche est unie, la solution est l\u00e0. \u00bb<br \/>\n\u00ab La gauche est majoritaire \u00e0 la base. \u00bb<\/p>\n<p><strong>Sur le jour d\u2019apr\u00e8s et la gauche<\/strong><br \/>\n\u00ab Il faut restaurer un espoir politique pour redonner de la vigueur aux luttes sociales. \u00bb<div id='gallery-1' class='gallery galleryid-13409 gallery-columns-3 gallery-size-thumbnail'><figure class='gallery-item'>\n\t\t\t<div class='gallery-icon landscape'>\n\t\t\t\t<a href='https:\/\/archives.regards.fr\/wp-content\/uploads\/2022\/02\/article_midinale-23-36a.png'><img loading=\"lazy\" decoding=\"async\" width=\"150\" height=\"150\" src=\"https:\/\/archives.regards.fr\/wp-content\/uploads\/2022\/02\/article_midinale-23-36a-150x150.png\" class=\"attachment-thumbnail size-thumbnail\" alt=\"article_midinale-23.png\" \/><\/a>\n\t\t\t<\/div><\/figure>\n\t\t<\/div>\n<\/p>\n","protected":false},"excerpt":{"rendered":"<p>Il est un militant infatigable de l\u2019union des gauches. Son objectif : reconstruire une grande maison commune de la gauche unie, pluraliste, d\u00e9mocratique sur un vrai programme de transformation sociale. G\u00e9rard Filoche publie <em>Mai 68 : une histoire sans fin<\/em> aux \u00c9ditions Atlande. Il est l\u2019invit\u00e9 de #LaMidinale.<\/p>\n","protected":false},"author":1039,"featured_media":31579,"comment_status":"open","ping_status":"open","sticky":false,"template":"","format":"standard","meta":{"_themeisle_gutenberg_block_has_review":false,"footnotes":""},"categories":[238],"tags":[293],"class_list":["post-13409","post","type-post","status-publish","format-standard","has-post-thumbnail","hentry","category-la-midinale","tag-entretien"],"_links":{"self":[{"href":"https:\/\/archives.regards.fr\/index.php?rest_route=\/wp\/v2\/posts\/13409","targetHints":{"allow":["GET"]}}],"collection":[{"href":"https:\/\/archives.regards.fr\/index.php?rest_route=\/wp\/v2\/posts"}],"about":[{"href":"https:\/\/archives.regards.fr\/index.php?rest_route=\/wp\/v2\/types\/post"}],"author":[{"embeddable":true,"href":"https:\/\/archives.regards.fr\/index.php?rest_route=\/wp\/v2\/users\/1039"}],"replies":[{"embeddable":true,"href":"https:\/\/archives.regards.fr\/index.php?rest_route=%2Fwp%2Fv2%2Fcomments&post=13409"}],"version-history":[{"count":0,"href":"https:\/\/archives.regards.fr\/index.php?rest_route=\/wp\/v2\/posts\/13409\/revisions"}],"wp:featuredmedia":[{"embeddable":true,"href":"https:\/\/archives.regards.fr\/index.php?rest_route=\/wp\/v2\/media\/31579"}],"wp:attachment":[{"href":"https:\/\/archives.regards.fr\/index.php?rest_route=%2Fwp%2Fv2%2Fmedia&parent=13409"}],"wp:term":[{"taxonomy":"category","embeddable":true,"href":"https:\/\/archives.regards.fr\/index.php?rest_route=%2Fwp%2Fv2%2Fcategories&post=13409"},{"taxonomy":"post_tag","embeddable":true,"href":"https:\/\/archives.regards.fr\/index.php?rest_route=%2Fwp%2Fv2%2Ftags&post=13409"}],"curies":[{"name":"wp","href":"https:\/\/api.w.org\/{rel}","templated":true}]}}