{"id":13405,"date":"2022-02-21T14:39:10","date_gmt":"2022-02-21T13:39:10","guid":{"rendered":"https:\/\/wp.muchomaas.com\/article-cecile-alduy-zemmour-utilise-tout-un-outillage-de-procedes-pour-nous-empecher\/"},"modified":"2023-06-24T00:25:17","modified_gmt":"2023-06-23T22:25:17","slug":"article-cecile-alduy-zemmour-utilise-tout-un-outillage-de-procedes-pour-nous-empecher","status":"publish","type":"post","link":"https:\/\/archives.regards.fr\/?p=13405","title":{"rendered":"C\u00e9cile Alduy : \u00ab Zemmour utilise tout un outillage de proc\u00e9d\u00e9s pour nous emp\u00eacher de penser \u00bb"},"content":{"rendered":"<p class=\"post_excerpt\">Si Zemmour utilise les mots comme des armes, de quoi la langue de Zemmour est-elle le nom ? C\u00e9cile Alduy, s\u00e9miologue, auteure de <em>La Langue de Zemmour<\/em> aux \u00e9ditions du Seuil, est l\u2019invit\u00e9e de #LaMidinale.\n<\/p>\n<h2>UNE MIDINALE \u00c0 VOIR&#8230;<\/h2>\n<p><iframe loading=\"lazy\" width=\"490\" height=\"276\" src=\"https:\/\/www.youtube.com\/embed\/RKNwgNompp8\" title=\"YouTube video player\" frameborder=\"0\" allow=\"accelerometer; autoplay; clipboard-write; encrypted-media; gyroscope; picture-in-picture\" allowfullscreen><\/iframe><\/p>\n<p>&nbsp;<\/p>\n<p><h2>ET \u00c0 LIRE&#8230;<\/h2>\n<p><em> <strong>Sur ce que r\u00e9v\u00e8le le langage<\/strong> <\/em><br \/>\n\u00ab Le langage r\u00e9v\u00e8le des sociolectes, c\u2019est-\u00e0-dire qu\u2019il dit quelque chose du milieu dans lequel on a grandi. Il rel\u00e8ve aussi des idiolectes, c\u2019est-\u00e0-dire qu\u2019il r\u00e9v\u00e8le des tics de langages particuliers \u00e0 une personne qui d\u00e9notent son rapport au monde, ses go\u00fbts et ses affinit\u00e9s. Et surtout, le langage, c\u2019est de la pens\u00e9e. \u00bb<br \/>\n\u00ab On pense que les mots ne sont qu\u2019un moyen de communication. \u00c7a n\u2019est pas juste une forme qui serait transparente. Les mots qu\u2019on utilise encadrent le d\u00e9bat et donc sont plus que du sens, que le sens des mots : ils impliquent une vision du monde. \u00bb<br \/>\n\u00ab Le langage peut trahir les cadres de pens\u00e9e. Par exemple, Emmanuel Macron a un langage manag\u00e9rial. \u00c7a n\u2019est pas n\u00e9cessairement intentionnel mais c\u2019est appris. C\u2019est acquis. \u00bb<br \/>\n\u00ab La langue est \u00e9minemment sociale et traduit d\u2019o\u00f9 l\u2019on vient \u2013 qu\u2019il s\u2019agisse des milieux soit politiques, soit professionnels. \u00bb<br \/>\n\u00ab Le langage peut s\u2019apprendre par mim\u00e9tisme, par insinuation ou intoxication. \u00bb<br \/>\n\u00ab Il y a des langages qu\u2019il y a 20 ou 30 ans \u00e9taient tabous et qui se sont ins\u00e9min\u00e9s dans la soci\u00e9t\u00e9 fran\u00e7aise \u2013 je pense notamment au langage de l\u2019extr\u00eame droite. \u00bb<br \/>\n\u00ab Le langage est une construction sociale. \u00bb<\/p>\n<p><em> <strong>Sur Zemmour et Hitler<\/strong> <\/em><br \/>\n\u00ab Au moment du premier confinement, Zemmour sort dehors dans Paris et la premi\u00e8re chose \u00e0 laquelle il pense, \u00e7a n\u2019est pas de savoir comment il va faire ses courses en une heure ou d\u2019avoir une pens\u00e9e pour les gens qui ont perdu leur emploi mais il pense \u00e0 Hitler d\u00e9barquant dans Paris d\u00e9sert. Convoquer l\u2019occupation de Paris &#8211; un des moments traumatiques de l\u2019histoire de France &#8211; est extr\u00eamement choquant. D\u2019autant qu\u2019il le transpose \u00e0 notre pr\u00e9sent comme si c\u2019\u00e9tait anodin. \u00bb<br \/>\n\u00ab La mani\u00e8re dont il pr\u00e9sente Hitler est celle d\u2019un touriste qui d\u00e9ambule dans Paris et il trouve \u00e7a tr\u00e8s joli. Et deux secondes apr\u00e8s il s\u2019interroge : est-ce qu\u2019il pensait vraiment \u00e0 Hitler ou est-ce qu\u2019il s\u2019agit de souvenirs de La Grande Vadrouille. Il se moque de lui-m\u00eame. D\u2019un c\u00f4t\u00e9, on a cette image paniquante d\u2019un Paris envahi par Hitler et de l\u2019autre il essaie de nous faire rire et de prendre \u00e7a \u00e0 la l\u00e9g\u00e8re, comme si \u00e7a n\u2019\u00e9tait pas vraiment grave de penser Hitler quand on voit Paris d\u00e9sert\u00e9e. \u00bb<br \/>\n\u00ab Zemmour et ses proches essaient de nous faire une sorte de grand LOL g\u00e9n\u00e9ralis\u00e9 sur les imaginaires de l\u2019extr\u00eame droite. C\u2019est une mani\u00e8re de minimiser les r\u00e9f\u00e9rents historiques qui structurent notre champ politique. \u00bb<\/p>\n<p><em> <strong>Sur les effets de la langue de Zemmour<\/strong> <\/em><br \/>\n\u00ab Zemmour utilise tout un outillage de proc\u00e9d\u00e9s pour bloquer la pens\u00e9e de ses adversaires mais aussi de ses soutiens. \u00bb<br \/>\n\u00ab Zemmour manie constamment la peur avec un discours terrorisant. \u00bb<br \/>\n\u00ab Zemmour utilise un univers mental anxiog\u00e8ne et qui suscite tout \u00e0 la fois la peur et le rire. \u00bb<br \/>\n\u00ab La langue de Zemmour cr\u00e9e des automatismes qui caract\u00e9risent les gens en ennemis ou en alli\u00e9s. \u00bb<br \/>\n\u00ab Le monde de Zemmour est manich\u00e9en. Il n\u2019y a pas de diff\u00e9rence accept\u00e9e entre les gens ou les cultures, c\u2019est forc\u00e9ment des oppositions conflictuelles. \u00bb<br \/>\n\u00ab Ce discours manich\u00e9en met des cat\u00e9gories sur les gens et entra\u00eene l\u2019auditoire \u00e0 filtrer leur vision du monde et des autres avec ces cat\u00e9gories. \u00bb<br \/>\n\u00ab Ce qui m\u2019a \u00e9norm\u00e9ment choqu\u00e9 et frapp\u00e9, c\u2019est l\u2019abondance du vocabulaire racial chez Zemmour. Le mot &#8220;juif&#8221; est plus utilis\u00e9 que les mots &#8220;social&#8221; ou &#8220;\u00e9conomique&#8221;. \u00bb<br \/>\n\u00ab Il faut essayer de se d\u00e9prendre de l\u2019emprise de Zemmour (\u2026). Il faut cr\u00e9er de la distance entre le discours de Zemmour et notre r\u00e9ception pour le prendre comme une opinion et non comme une v\u00e9rit\u00e9. \u00bb<\/p>\n<p><em> <strong>Sur le rapport de Zemmour aux femmes<\/strong> <\/em><br \/>\n\u00ab L\u2019avantage de Zemmour c\u2019est qu\u2019il est tr\u00e8s explicite. Sa misogynie s\u2019\u00e9tale \u00e0 toutes ses pages. \u00bb<br \/>\n\u00ab Il parle de la mixit\u00e9 scolaire entre les filles et les gar\u00e7ons comme d\u2019un totalitarisme. \u00bb<br \/>\n\u00ab Au-del\u00e0 de sa misogynie vraiment tr\u00e8s explicite &#8211; il pense que les femmes ne devraient jamais \u00eatre pr\u00e8s du pouvoir car tout pouvoir eff\u00e9min\u00e9 est un affaiblissement -, il y a aussi des choses qui lui \u00e9chappent : la mani\u00e8re dont il d\u00e9crit les femmes est aussi extr\u00eamement m\u00e9prisant : elles sont soit hyst\u00e9riques soit des potiches. \u00bb<br \/>\n\u00ab La vision des femmes de Zemmour le renvoie \u00e0 un syst\u00e8me de pens\u00e9e \u00e0 la fois tr\u00e8s banal et tr\u00e8s ancien qui est la pens\u00e9e r\u00e9actionnaire, conservatrice et anti-r\u00e9publicaine qui est contre l\u2019\u00e9galit\u00e9 des droits &#8211; droits des femmes ou des minorit\u00e9s -, et qui pense qu\u2019il y a des hi\u00e9rarchies naturelles : le chef de famille au-dessus de tous les autres. Le groupe au-dessus des individus. \u00bb<br \/>\n\u00ab En proposant 10.000\u20ac \u00e0 toutes les familles qui auraient des enfants en zone rurale, Zemmour traite les femmes comme des ventres. \u00bb<br \/>\n\u00ab Zemmour a une politique nataliste explicitement nationaliste. \u00bb<br \/>\n\u00ab Zemmour utilise les femmes comme une arme d\u00e9mographique. \u00bb<\/p>\n<p><em> <strong>Sur la langue de Zemmour par rapport aux autres hommes\/femmes politiques<\/strong>  <\/em><br \/>\n\u00ab La langue de Zemmour a une grande influence. On le voit quand Val\u00e9rie P\u00e9cresse reprend le terme de &#8220;grand remplacement&#8221; ou quand Emmanuel Macron donne une interview \u00e0 Valeurs Actuelles dans laquelle il parle de &#8220;droit de l\u2019hommisme&#8221;. Cnew parle la langue de Zemmour. \u00bb<br \/>\n\u00ab Il y a eu un bouquin sur la langue du IIIe Reich. Il y a un sociolecte qui se d\u00e9veloppe et impose un cadre de pens\u00e9e et donc de th\u00e9ories comme le grand remplacement qui se diffuse chez les hommes politiques. \u00bb<br \/>\n\u00ab La strat\u00e9gie de l\u2019extr\u00eame droite version Zemmour c\u2019est de r\u00e9habiliter le discours de Jean-Marie Le Pen alors que tout le travail de Marine Le Pen a \u00e9t\u00e9 de normaliser, d\u2019adoucir, d\u2019euph\u00e9miser ses propres propositions. \u00bb<br \/>\n\u00ab Ce qui est important derri\u00e8re Zemmour, c\u2019est le moment historique que l\u2019on vit o\u00f9 il devient acceptable et m\u00eame rentable politiquement et m\u00e9diatiquement d\u2019avoir un discours ouvertement x\u00e9nophobe, raciste et misogyne. \u00bb<\/p>\n<p><em> <strong>Sur le r\u00e9f\u00e9rentiel de la langue de Zemmour<\/strong> <\/em><br \/>\n\u00ab La langue de Zemmour n\u2019a pas \u00e0 voir avec la langue d\u2019Hitler en tant que personne mais elle a \u00e0 voir avec la langue du III\u00e8 Reich qui \u00e9tait une mani\u00e8re de contr\u00f4ler la mani\u00e8re de parler de tous les allemands et de favoriser un certain nombre de mots du vocabulaire dont on pervertit le sens. \u00bb<br \/>\n\u00ab Il faut prendre Zemmour non pas comme individu mais comme discours. Comme influence linguistique sur les gens et donc la fa\u00e7on de pens\u00e9e. \u00bb<br \/>\n\u00ab Je pense que l\u2019id\u00e9ologie de Zemmour se rapproche de celle d\u2019un mouvement autoritaire, antid\u00e9mocratique. Il est tr\u00e8s clairement antir\u00e9publicain. Il place tr\u00e8s clairement la France au-dessus de la R\u00e9publique. \u00c7a devrait alerter. \u00bb<br \/>\n\u00ab Le discours de Zemmour c\u2019est vraiment comme le serpent Kaa qui vous happe, vous fige et vous paralyse. Et c\u2019est vrai aussi pour les opposants politiques qui ne savent pas comment r\u00e9pondre. \u00bb<br \/>\n\u00ab Zemmour est dou\u00e9 pour manipuler le langage. L\u2019art de mettre les gens dans sa poche. Il est en m\u00eame temps un pi\u00e8tre lecteur. Il ne sait pas citer un livre sans le d\u00e9former. Il maltraite la langue. Il essor les mots de leur contenu et inverse le sens des mots en permanence. \u00bb<\/p>\n<p><em> <strong>Sur la &#8220;langue&#8221; de la gauche<\/strong> <\/em><br \/>\n\u00ab Il manque \u00e0 la gauche une strat\u00e9gie de communication et m\u00eame de propagande &#8211; au sens de propager les id\u00e9es. \u00bb<br \/>\n\u00ab Le discours de la gauche est extr\u00eamement nuanc\u00e9, subtil et th\u00e9orique. Tr\u00e8s abstrait. Or l\u2019abstraction ne parle pas au cerveau comme des images ou des r\u00e9cits le font. \u00bb<br \/>\n\u00ab La gauche est sur la d\u00e9fensive en permanence. On parlait de la droite complex\u00e9e il y a vingt ans. Aujourd\u2019hui, c\u2019est la gauche qui est complex\u00e9e. Elle n\u2019assume pas d\u2019\u00eatre de gauche. De poser haut et fort certaines valeurs et de les marteler. \u00bb<br \/>\n<div id='gallery-1' class='gallery galleryid-13405 gallery-columns-3 gallery-size-thumbnail'><figure class='gallery-item'>\n\t\t\t<div class='gallery-icon landscape'>\n\t\t\t\t<a href='https:\/\/archives.regards.fr\/wp-content\/uploads\/2022\/02\/article_midinale-22-0bc.png'><img loading=\"lazy\" decoding=\"async\" width=\"150\" height=\"150\" src=\"https:\/\/archives.regards.fr\/wp-content\/uploads\/2022\/02\/article_midinale-22-0bc-150x150.png\" class=\"attachment-thumbnail size-thumbnail\" alt=\"article_midinale-22.png\" \/><\/a>\n\t\t\t<\/div><\/figure>\n\t\t<\/div>\n<\/p>\n","protected":false},"excerpt":{"rendered":"<p>Si Zemmour utilise les mots comme des armes, de quoi la langue de Zemmour est-elle le nom ? C\u00e9cile Alduy, s\u00e9miologue, auteure de <em>La Langue de Zemmour<\/em> aux \u00e9ditions du Seuil, est l\u2019invit\u00e9e de #LaMidinale.<\/p>\n","protected":false},"author":1039,"featured_media":31552,"comment_status":"open","ping_status":"open","sticky":false,"template":"","format":"standard","meta":{"_themeisle_gutenberg_block_has_review":false,"footnotes":""},"categories":[238],"tags":[293],"class_list":["post-13405","post","type-post","status-publish","format-standard","has-post-thumbnail","hentry","category-la-midinale","tag-entretien"],"_links":{"self":[{"href":"https:\/\/archives.regards.fr\/index.php?rest_route=\/wp\/v2\/posts\/13405","targetHints":{"allow":["GET"]}}],"collection":[{"href":"https:\/\/archives.regards.fr\/index.php?rest_route=\/wp\/v2\/posts"}],"about":[{"href":"https:\/\/archives.regards.fr\/index.php?rest_route=\/wp\/v2\/types\/post"}],"author":[{"embeddable":true,"href":"https:\/\/archives.regards.fr\/index.php?rest_route=\/wp\/v2\/users\/1039"}],"replies":[{"embeddable":true,"href":"https:\/\/archives.regards.fr\/index.php?rest_route=%2Fwp%2Fv2%2Fcomments&post=13405"}],"version-history":[{"count":0,"href":"https:\/\/archives.regards.fr\/index.php?rest_route=\/wp\/v2\/posts\/13405\/revisions"}],"wp:featuredmedia":[{"embeddable":true,"href":"https:\/\/archives.regards.fr\/index.php?rest_route=\/wp\/v2\/media\/31552"}],"wp:attachment":[{"href":"https:\/\/archives.regards.fr\/index.php?rest_route=%2Fwp%2Fv2%2Fmedia&parent=13405"}],"wp:term":[{"taxonomy":"category","embeddable":true,"href":"https:\/\/archives.regards.fr\/index.php?rest_route=%2Fwp%2Fv2%2Fcategories&post=13405"},{"taxonomy":"post_tag","embeddable":true,"href":"https:\/\/archives.regards.fr\/index.php?rest_route=%2Fwp%2Fv2%2Ftags&post=13405"}],"curies":[{"name":"wp","href":"https:\/\/api.w.org\/{rel}","templated":true}]}}