{"id":13403,"date":"2022-02-18T12:28:27","date_gmt":"2022-02-18T11:28:27","guid":{"rendered":"https:\/\/wp.muchomaas.com\/article-le-retrait-de-l-operation-barkhane-est-tactique-les-francais-resteront-tres\/"},"modified":"2023-06-24T00:25:17","modified_gmt":"2023-06-23T22:25:17","slug":"article-le-retrait-de-l-operation-barkhane-est-tactique-les-francais-resteront-tres","status":"publish","type":"post","link":"https:\/\/archives.regards.fr\/?p=13403","title":{"rendered":"\u00ab Le retrait de l\u2019op\u00e9ration Barkhane est tactique : les Fran\u00e7ais resteront tr\u00e8s investis au Sahel \u00bb"},"content":{"rendered":"<p class=\"post_excerpt\">Jeudi, Emmanuel Macron a annonc\u00e9 le retrait des forces de l&#8217;op\u00e9ration Barkhane au Mali. Quelles suites ? On en parle avec Bruno Charbonneau, professeur titulaire au coll\u00e8ge militaire royal de Saint-Jean (Qu\u00e9bec), sp\u00e9cialiste du Sahel. Il est l&#8217;invit\u00e9 de la Midinale.\n<\/p>\n<h2>UNE MIDINALE \u00c0 VOIR&#8230;<\/h2>\n<p><iframe loading=\"lazy\" width=\"490\" height=\"276\" src=\"https:\/\/www.youtube.com\/embed\/tPstWHRrCXE\" title=\"YouTube video player\" frameborder=\"0\" allow=\"accelerometer; autoplay; clipboard-write; encrypted-media; gyroscope; picture-in-picture\" allowfullscreen><\/iframe><\/p>\n<p>&nbsp;<\/p>\n<p><h2>ET \u00c0 LIRE&#8230;<\/h2>\n<p><strong>Sur le retrait de l\u2019op\u00e9ration Berkhane<\/strong><br \/>\n\u00ab L\u2019op\u00e9ration Berkhane est un \u00e9chec depuis au moins 2015, tant au niveau politique et strat\u00e9gique qu\u2019en termes de r\u00e9solution des conflits ou d\u2019am\u00e9lioration de la situation s\u00e9curitaire. \u00bb<br \/>\n\u00ab On ne peut pas dire que mission centrale de l\u2019op\u00e9ration Berkhane qui \u00e9tait de stabiliser la r\u00e9gion et le Mali est un succ\u00e8s\u2026 \u00bb<br \/>\n\u00ab La junte \u00e0 Bamako a acc\u00e9l\u00e9r\u00e9 un processus et des discussions qui \u00e9taient d\u00e9j\u00e0 en cours : le pr\u00e9sident Macron, suite \u00e0 son \u00e9lection en 2017, avait rapidement demand\u00e9 des r\u00e9sultats et une r\u00e9vision de l\u2019approche fran\u00e7aise. \u00bb<br \/>\n\u00ab A Paris, il y avait de nombreux d\u00e9bats sur l\u2019opportunit\u00e9 et le co\u00fbt de l\u2019op\u00e9ration Berkhane depuis longtemps. \u00bb<br \/>\n\u00ab L\u2019usage de drones par les forces fran\u00e7aises \u00e9tait croissant : il y avait un acc\u00e8s mis sur la guerre \u00e0 distance. \u00bb<br \/>\n\u00ab La tendance \u00e9tait au retrait des forces sur le sol malien ou du moins une r\u00e9duction des forces sur le terrain pour les remplacer par une pr\u00e9sence \u00e0 distance. \u00bb<\/p>\n<p><strong>Sur les cons\u00e9quences de ce retrait<\/strong><br \/>\n\u00ab L\u2019id\u00e9e derri\u00e8re l\u2019op\u00e9ration Serval \u00e9tait de frapper un grand coup pour ensuite laisser la place \u00e0 l\u2019ONU et au Mali, pour reconstruire l\u2019Etat et lancer un processus de paix. \u00bb<br \/>\n\u00ab La logique \u00e9tait, pour la France, d\u2019effectuer le travail militaire dur en soutien aux efforts politiques, de l\u2019ONU et de renforcement de l\u2019arm\u00e9e malienne et des armes r\u00e9gionales. \u00bb<br \/>\n\u00ab La cr\u00e9ation du G5 Sahel devait aboutir \u00e0 la cr\u00e9ation d\u2019une force militaire conjointe : techniquement, elle existe mais elle est tr\u00e8s limit\u00e9e dans son impact. \u00bb<br \/>\n\u00ab La force europ\u00e9enne Takuba est venue en soutien de l\u2019op\u00e9ration Barkhane dans la logique de la remplacer \u00e0 terme. \u00bb<br \/>\n\u00ab Ce qui se passe en ce moment au Mali annonce des incertitudes. \u00bb<br \/>\n\u00ab Le retrait de l\u2019op\u00e9ration Barkhane est un retrait tactique : au niveau r\u00e9gional, les Fran\u00e7ais et les Europ\u00e9ens sont bien investis dans la guerre contre le terrorisme au Sahel. \u00bb<\/p>\n<p><strong>Sur les autres acteurs au Mali<\/strong><br \/>\n\u00ab Au Mali, les gros joueurs sont la France et les Europ\u00e9ens. \u00bb<br \/>\n\u00ab Je ne pense pas que le retrait des op\u00e9rations Barkhane et Takuba meneront \u00e0 un retrait des autres op\u00e9rations en cours. \u00bb<br \/>\n\u00ab Je doute que d\u2019autres joueurs viennent remplacer la France au Mali : beaucoup de cas a \u00e9t\u00e9 fait de la Russie (\u2026) mais cela reste \u00e0 voir. \u00bb<br \/>\n\u00ab L\u2019appui am\u00e9ricain laissera toujours le leadership \u00e0 la France (\u2026). A noter que dans le communiqu\u00e9 de l\u2019Elys\u00e9e sur le retrait de l\u2019op\u00e9ration Berkhane, nulle mention n\u2019est faite des Etats-Unis. \u00bb<br \/>\n\u00ab Le manque \u00e0 combler est immense mais je doute que des joueurs comme la Russie et la Chine pourraient remplir le m\u00eame r\u00f4le. \u00bb<\/p>\n<p><strong>Sur la n\u00e9cessit\u00e9 des forces militaires dites de pacification<\/strong><br \/>\n\u00ab C\u2019est l\u2019articulation entre les solutions militaires et politiques qu\u2019il faut explorer. Ce n\u2019est pas ou l\u2019un ou l\u2019autre. \u00bb<br \/>\n\u00ab Depuis 2013, les solutions uniquement militaires sont pratiques et faciles tout en demandant moins d\u2019investissements et moins de travail que de se mettre autour d\u2019une table pour trou ver des compromis. \u00bb<br \/>\n\u00ab La France, de part sa strat\u00e9gie militaire, \u00e9tablit des param\u00e8tres tr\u00e8s pr\u00e9cis, notamment le fait de ne pas dialoguer ou s\u2019engager diplomatiquement avec des groupes djihadistes ou terroristes. \u00bb<br \/>\n\u00ab Au Mali, le probl\u00e8me n\u2019est pas que djihadiste, ce sont aussi des conflits arm\u00e9s intercommunautaires, des violences tr\u00e8s locales, des milices de toutes sortes\u2026 \u00bb<br \/>\n\u00ab Il aurait fallu renforcer l\u2019effort onusien plut\u00f4t que de mettre uniquement l\u2019accent sur la guerre contre le terrorisme. \u00bb<br \/>\n\u00ab L\u2019outil militaire aurait du \u00eatre mis en appui \u00e0 une approche politique et strat\u00e9gique men\u00e9e par l\u2019ONU avec les instances maliennes. Mais c\u2019est l\u2019inverse qui s\u2019est pass\u00e9 et qui se passe encore aujourd\u2019hui : on g\u00e8re ca comme s\u2019il fallait r\u00e9soudre uniquement un conflit arm\u00e9. \u00bb<\/p>\n<p><strong>Sur la soci\u00e9t\u00e9 civile malienne<\/strong><br \/>\n\u00ab La junte au pouvoir au Mali utilise des techniques et des tactiques populistes : elle joue avec le narratif selon lequel la France est toujours coloniale et que toutes les forces \u00e9trang\u00e8res ne sont que l\u00e0 pour brimer la souverainet\u00e9 du Mali. \u00bb<br \/>\n\u00ab Dans les rues de Bamako et de beaucoup de villes de la r\u00e9gion, on en est arriv\u00e9 \u00e0 un sentiment anti-fran\u00e7ais tr\u00e8s vocal et qui ne fait que grandir, notamment gr\u00e2ce aux m\u00e9dias sociaux. \u00bb<br \/>\n\u00ab Du c\u00f4t\u00e9 des \u00e9lites ouest-africaines, on a tout int\u00e9r\u00eat \u00e0 garder un appui fran\u00e7ais. \u00bb<\/p>\n<div id='gallery-1' class='gallery galleryid-13403 gallery-columns-3 gallery-size-thumbnail'><figure class='gallery-item'>\n\t\t\t<div class='gallery-icon landscape'>\n\t\t\t\t<a href='https:\/\/archives.regards.fr\/wp-content\/uploads\/2022\/02\/article_midinale-21-4c6.png'><img loading=\"lazy\" decoding=\"async\" width=\"150\" height=\"150\" src=\"https:\/\/archives.regards.fr\/wp-content\/uploads\/2022\/02\/article_midinale-21-4c6-150x150.png\" class=\"attachment-thumbnail size-thumbnail\" alt=\"article_midinale-21.png\" \/><\/a>\n\t\t\t<\/div><\/figure>\n\t\t<\/div>\n\n","protected":false},"excerpt":{"rendered":"<p>Jeudi, Emmanuel Macron a annonc\u00e9 le retrait des forces de l&#8217;op\u00e9ration Barkhane au Mali. Quelles suites ? On en parle avec Bruno Charbonneau, professeur titulaire au coll\u00e8ge militaire royal de Saint-Jean (Qu\u00e9bec), sp\u00e9cialiste du Sahel. Il est l&#8217;invit\u00e9 de la Midinale.<\/p>\n","protected":false},"author":1204,"featured_media":31548,"comment_status":"open","ping_status":"open","sticky":false,"template":"","format":"standard","meta":{"_themeisle_gutenberg_block_has_review":false,"footnotes":""},"categories":[238],"tags":[293],"class_list":["post-13403","post","type-post","status-publish","format-standard","has-post-thumbnail","hentry","category-la-midinale","tag-entretien"],"_links":{"self":[{"href":"https:\/\/archives.regards.fr\/index.php?rest_route=\/wp\/v2\/posts\/13403","targetHints":{"allow":["GET"]}}],"collection":[{"href":"https:\/\/archives.regards.fr\/index.php?rest_route=\/wp\/v2\/posts"}],"about":[{"href":"https:\/\/archives.regards.fr\/index.php?rest_route=\/wp\/v2\/types\/post"}],"author":[{"embeddable":true,"href":"https:\/\/archives.regards.fr\/index.php?rest_route=\/wp\/v2\/users\/1204"}],"replies":[{"embeddable":true,"href":"https:\/\/archives.regards.fr\/index.php?rest_route=%2Fwp%2Fv2%2Fcomments&post=13403"}],"version-history":[{"count":0,"href":"https:\/\/archives.regards.fr\/index.php?rest_route=\/wp\/v2\/posts\/13403\/revisions"}],"wp:featuredmedia":[{"embeddable":true,"href":"https:\/\/archives.regards.fr\/index.php?rest_route=\/wp\/v2\/media\/31548"}],"wp:attachment":[{"href":"https:\/\/archives.regards.fr\/index.php?rest_route=%2Fwp%2Fv2%2Fmedia&parent=13403"}],"wp:term":[{"taxonomy":"category","embeddable":true,"href":"https:\/\/archives.regards.fr\/index.php?rest_route=%2Fwp%2Fv2%2Fcategories&post=13403"},{"taxonomy":"post_tag","embeddable":true,"href":"https:\/\/archives.regards.fr\/index.php?rest_route=%2Fwp%2Fv2%2Ftags&post=13403"}],"curies":[{"name":"wp","href":"https:\/\/api.w.org\/{rel}","templated":true}]}}