{"id":13400,"date":"2022-02-17T15:08:50","date_gmt":"2022-02-17T14:08:50","guid":{"rendered":"https:\/\/wp.muchomaas.com\/article-nous-utiliserons-tous-les-ressorts-du-droit-pour-faire-reculer-le-groupe\/"},"modified":"2023-06-24T00:25:16","modified_gmt":"2023-06-23T22:25:16","slug":"article-nous-utiliserons-tous-les-ressorts-du-droit-pour-faire-reculer-le-groupe","status":"publish","type":"post","link":"https:\/\/archives.regards.fr\/?p=13400","title":{"rendered":"\u00ab Nous utiliserons tous les ressorts du droit pour faire reculer le groupe Bollor\u00e9 \u00bb"},"content":{"rendered":"<p class=\"post_excerpt\">Le collectif Stop Bollor\u00e9 qui regroupe avocats, m\u00e9dias ind\u00e9pendants et personnalit\u00e9s,  passe \u00e0 l&#8217;attaque en ciblant Eric Zemmour, la cha\u00eene de t\u00e9l\u00e9 CNEWS et le groupe Bollor\u00e9 en g\u00e9n\u00e9ral. L&#8217;avocate Laure Abramowitch est l&#8217;invit\u00e9e de la Midinale.<\/p>\n<h2>UNE MIDINALE \u00c0 VOIR&#8230;<\/h2>\n<p><iframe loading=\"lazy\" width=\"490\" height=\"276\" src=\"https:\/\/www.youtube.com\/embed\/O9le-0kVCgI\" title=\"YouTube video player\" frameborder=\"0\" allow=\"accelerometer; autoplay; clipboard-write; encrypted-media; gyroscope; picture-in-picture\" allowfullscreen><\/iframe><\/p>\n<p>&nbsp;<\/p>\n<p><h2>ET \u00c0 LIRE&#8230;<\/h2>\n<p><em>\u00a0<strong>Sur le collectif #StopBollor\u00e9<\/em>\u00a0<\/strong><br \/>\n\u00ab\u00a0Pour l\u2019instant, nous avons d\u00e9pos\u00e9 une plainte p\u00e9nale contre X qui a \u00e9t\u00e9 d\u00e9pos\u00e9e hier matin, juste avant la conf\u00e9rence de presse #StopBollor\u00e9.\u00a0\u00bb<br \/>\n\u00ab\u00a0L\u2019originalit\u00e9 de ce collectif #StopBollor\u00e9 est d\u2019essayer de trouver de mani\u00e8re originale et innovante en quoi le droit peut aller plus loin dans la condamnation de ces graves atteintes \u00e0 la libert\u00e9 de la presse.\u00a0\u00bb<br \/>\n\u00ab\u00a0La plainte que nous avons d\u00e9pos\u00e9e vise deux d\u00e9lits : le premier, c\u2019est la provocation \u00e0 s\u2019armer contre une partie de la population (\u2026). Et le second, c\u2019est la diffusion \u00e0 des mineurs d\u2019un message \u00e0 caract\u00e8re violent\u00a0de nature \u00e0 porter gravement atteinte \u00e0 la dignit\u00e9 humaine.\u00a0\u00bb<br \/>\n\u00ab\u00a0Le collectif #StopBollor\u00e9 a travaill\u00e9 pendant des mois sur l\u2019analyse des diff\u00e9rents discours tenus, surtout sur la cha\u00eene Cnews, pour identifier les petits passages, les petits mots-cl\u00e9s, les petites phrases, qui permettent d\u2019entrer dans la qualification d\u2019un des deux d\u00e9lits.\u00a0\u00bb<br \/>\n\u00ab\u00a0Nous avons aussi saisi l\u2019Arcom pour d\u00e9clencher la prise de sanction qui peuvent \u00eatre de diff\u00e9rentes natures.\u00a0Dans le pass\u00e9, le CSA a d\u00e9j\u00e0 sanctionn\u00e9 les diff\u00e9rentes cha\u00eenes du groupe \u00e0 des amendes p\u00e9cuniaires essentiellement. Il faut essayer de trouver d\u2019autres sanctions et l\u2019Arcom en a les moyens : suspension d\u2019audience, r\u00e9siliation de la convention entre le groupe et l\u2019Arcom. Ces sanctions pourraient mettre un point final ou a minima faire avancer les choses dans le sens du pluralisme et limiter la concentration. \u00bb<\/p>\n<p><em>\u00a0<strong>Sur la comp\u00e9tence europ\u00e9enne<\/em>\u00a0<\/strong><br \/>\n\u00ab L\u2019\u00e9chelle europ\u00e9enne va \u00eatre comp\u00e9tente d\u00e8s lors que l\u2019abus de position dominante va avoir un effet trans-fronti\u00e8re sur l\u2019ensemble du territoire de l\u2019Union europ\u00e9enne.\u00a0Premi\u00e8re condition : c\u2019est un effet sur plus d\u2019un pays membre de l\u2019Union. Deuxi\u00e8me condition pour avoir un abus de position dominante : c\u2019est une condition de chiffre d&#8217;affaires. \u00bb<\/p>\n<p><em>\u00a0<strong>Sur la r\u00e9ponse de Vincent Bollor\u00e9 et Eric Zemmour<\/em>\u00a0<\/strong><br \/>\n\u00ab\u00a0Je ne pense pas que cela glisse sur eux comme l\u2019eau sur les plumes d\u2019un canard vu le contexte \u00e9lectoral.\u00a0\u00bb<br \/>\n\u00ab\u00a0Ils ont les moyens de contre-attaquer et on risque d\u2019avoir un retour de b\u00e2ton \u00e0 un moment.\u00a0\u00bb<\/p>\n<p><em>\u00a0<strong>Sur le fait que le droit est le dernier refuge contre l\u2019extr\u00eame droite apr\u00e8s nos d\u00e9faites politiques et culturelles<\/em>\u00a0<\/strong><br \/>\n\u00ab Il faut r\u00e9fl\u00e9chir \u00e0 la loi de 1986 sur la libert\u00e9 de communication qui est compl\u00e8tement devenue obsol\u00e8te.\u00a0\u00bb<br \/>\n\u00ab\u00a0Cette loi a \u00e9t\u00e9 modifi\u00e9e plus de 80 fois et elle ne sert \u00e0 rien dans les circonstances actuelles et vu les ph\u00e9nom\u00e8nes de concentration qu\u2019on connait.\u00a0\u00bb<br \/>\n\u00ab\u00a0Il faut r\u00e9\u00e9crire cette loi et l\u2019outil juridique va le permettre, \u00e0 condition de s\u2019en emparer.\u00a0\u00bb<br \/>\n\u00ab\u00a0Une commission d\u2019enqu\u00eate parlementaire a \u00e9t\u00e9 engag\u00e9e sur le sujet de la concentration des m\u00e9dias : toutes les personnes auditionn\u00e9es, que ce soit les personnes repr\u00e9sentants des autorit\u00e9s publiques ou des chercheurs comme Julia Cag\u00e9, vont dans le m\u00eame sens de l\u2019obsolescence de cette loi et de la n\u00e9cessit\u00e9 de l\u2019adapter aux nouvelles technologies, \u00e0 la presse hebdomadaire et aux ph\u00e9nom\u00e8nes d\u2019actionnaires majoritaires.\u00a0\u00bb<br \/>\n\u00ab\u00a0Ce qui est probl\u00e9matique dans l\u2019\u00e9criture de la loi, c\u2019est que le seuil de 49% d\u2019actionnariat n\u2019est pas suffisant : il faut prendre en compte l\u2019actionnariat de fait, c\u2019est-\u00e0-dire quelqu\u2019un derri\u00e8re qui pilote avec des objectifs politiques et des intentions diff\u00e9rentes que la libert\u00e9 de communication et d\u2019information.\u00a0\u00bb<\/p>\n<p><em>\u00a0<strong>Sur le collectif Int\u00e9r\u00eat \u00e0 agir<\/em>\u00a0<\/strong><br \/>\n\u00ab Un mineur non accompagn\u00e9 qui ne parle pas notre langue et qui est sans parent se retrouve pris dans une machine juridique, politique et sociale qui le d\u00e9passe compl\u00e8tement. Les associations et les avocats font un travail monstrueux ; l\u2019objectif d\u2019Int\u00e9r\u00eat \u00e0 agir, c\u2019est de porter le sujet de la d\u00e9fense des libert\u00e9s publiques \u00e0 une autre \u00e9chelle.\u00a0\u00bb<br \/>\n\u00ab\u00a0D\u00e8s que le sujet d\u00e9passe la stricte question individuelle, on peut se retrouver vite d\u00e9sarm\u00e9 face \u00e0 un tribunal &#8211; et pas en capacit\u00e9 juridique suffisante que de d\u00e9battre uniquement avec un juge de son petit quotidien.\u00a0\u00bb<br \/>\n\u00ab\u00a0Un des combats d\u2019Int\u00e9r\u00eat \u00e0 agir est de faire consacrer la notion de bien commun.\u00a0\u00bb<\/p>\n<p><em>\u00a0<strong>Sur la justice dans le cadre de la campagne pr\u00e9sidentielle<\/em>\u00a0<\/strong><br \/>\n\u00ab\u00a0Vouloir cr\u00e9er des places de prisons ou alourdir les peines, c\u2019est \u00eatre compl\u00e8tement d\u00e9connect\u00e9 de la r\u00e9alit\u00e9.\u00a0\u00bb<br \/>\n\u00ab\u00a0On est en surpopulation carc\u00e9rale partout, la prison, \u00e7a ne marche pas et tout le monde le sait. Mais aucune solution n\u2019est trouv\u00e9e : on a des jeunes qui commencent \u00e0 gal\u00e9rer dans la rue tr\u00e8s jeunes et les peines vont crescendo et ils finissent pas se retrouver en centre \u00e9ducatif ferm\u00e9, ils reviennent chez eux, c\u2019est l\u2019\u00e9chec\u2026\u00a0\u00bb<br \/>\n\u00ab\u00a0Il y a un probl\u00e8me d\u2019\u00e9ducation aux m\u00e9canismes judiciaires : simplement entendre d\u2019un juge \u201csi cela continue, tu vas aller en prison\u201d, ce n\u2019est pas suffisant.\u00a0\u00bb<br \/>\n\u00ab\u00a0Tous les jours, on constate dans nos tribunaux le manque cruel de magistrats, de greffiers\u2026 pour pallier les insuffisances du milieu carc\u00e9ral.\u00a0\u00bb<br \/>\n\u00ab\u00a0Il y a d\u2019autres moyens que la prison : des peines alternatives se mettent en place mais beaucoup de choses qui existent ne sont souvent pas appliqu\u00e9es\u2026\u00a0\u00bb<div id='gallery-1' class='gallery galleryid-13400 gallery-columns-3 gallery-size-thumbnail'><figure class='gallery-item'>\n\t\t\t<div class='gallery-icon landscape'>\n\t\t\t\t<a href='https:\/\/archives.regards.fr\/wp-content\/uploads\/2022\/02\/article_midinale-20-710.png'><img loading=\"lazy\" decoding=\"async\" width=\"150\" height=\"150\" src=\"https:\/\/archives.regards.fr\/wp-content\/uploads\/2022\/02\/article_midinale-20-710-150x150.png\" class=\"attachment-thumbnail size-thumbnail\" alt=\"article_midinale-20.png\" \/><\/a>\n\t\t\t<\/div><\/figure>\n\t\t<\/div>\n<\/p>\n","protected":false},"excerpt":{"rendered":"<p>Le collectif Stop Bollor\u00e9 qui regroupe avocats, m\u00e9dias ind\u00e9pendants et personnalit\u00e9s,  passe \u00e0 l&#8217;attaque en ciblant Eric Zemmour, la cha\u00eene de t\u00e9l\u00e9 CNEWS et le groupe Bollor\u00e9 en g\u00e9n\u00e9ral. L&#8217;avocate Laure Abramowitch est l&#8217;invit\u00e9e de la Midinale.<\/p>\n","protected":false},"author":1204,"featured_media":31544,"comment_status":"open","ping_status":"open","sticky":false,"template":"","format":"standard","meta":{"_themeisle_gutenberg_block_has_review":false,"footnotes":""},"categories":[238],"tags":[293],"class_list":["post-13400","post","type-post","status-publish","format-standard","has-post-thumbnail","hentry","category-la-midinale","tag-entretien"],"_links":{"self":[{"href":"https:\/\/archives.regards.fr\/index.php?rest_route=\/wp\/v2\/posts\/13400","targetHints":{"allow":["GET"]}}],"collection":[{"href":"https:\/\/archives.regards.fr\/index.php?rest_route=\/wp\/v2\/posts"}],"about":[{"href":"https:\/\/archives.regards.fr\/index.php?rest_route=\/wp\/v2\/types\/post"}],"author":[{"embeddable":true,"href":"https:\/\/archives.regards.fr\/index.php?rest_route=\/wp\/v2\/users\/1204"}],"replies":[{"embeddable":true,"href":"https:\/\/archives.regards.fr\/index.php?rest_route=%2Fwp%2Fv2%2Fcomments&post=13400"}],"version-history":[{"count":0,"href":"https:\/\/archives.regards.fr\/index.php?rest_route=\/wp\/v2\/posts\/13400\/revisions"}],"wp:featuredmedia":[{"embeddable":true,"href":"https:\/\/archives.regards.fr\/index.php?rest_route=\/wp\/v2\/media\/31544"}],"wp:attachment":[{"href":"https:\/\/archives.regards.fr\/index.php?rest_route=%2Fwp%2Fv2%2Fmedia&parent=13400"}],"wp:term":[{"taxonomy":"category","embeddable":true,"href":"https:\/\/archives.regards.fr\/index.php?rest_route=%2Fwp%2Fv2%2Fcategories&post=13400"},{"taxonomy":"post_tag","embeddable":true,"href":"https:\/\/archives.regards.fr\/index.php?rest_route=%2Fwp%2Fv2%2Ftags&post=13400"}],"curies":[{"name":"wp","href":"https:\/\/api.w.org\/{rel}","templated":true}]}}