{"id":1340,"date":"1999-03-01T00:00:00","date_gmt":"1999-02-28T23:00:00","guid":{"rendered":"https:\/\/wp.muchomaas.com\/que-tourne-rond-la-maison-ronde1340\/"},"modified":"1999-03-01T00:00:00","modified_gmt":"1999-02-28T23:00:00","slug":"que-tourne-rond-la-maison-ronde1340","status":"publish","type":"post","link":"https:\/\/archives.regards.fr\/?p=1340","title":{"rendered":"Que tourne rond la maison ronde"},"content":{"rendered":"<p>Michel Boyon ne laissera pas des souvenirs imp\u00e9rissables au sein de Radio-France, qu&#8217;il a dirig\u00e9 de novembre 1995 \u00e0 novembre 1998. Sa volont\u00e9 de rester aux commandes de la maison ronde pour trois nouvelles ann\u00e9es s&#8217;est en effet fracass\u00e9 sur l&#8217;hostilit\u00e9 d&#8217;une grande partie du personnel qui n&#8217;a pas appr\u00e9ci\u00e9 son dirigisme tr\u00e8s &#8220;\u00e9narque&#8221;. C&#8217;est donc Jean-Marie Cavada qui a \u00e9t\u00e9 d\u00e9sign\u00e9 au second tour de scrutin (sept voix contre deux) par le Conseil sup\u00e9rieur de l&#8217;audiovisuel (CSA). Cette nomination intervient alors que les dossiers br\u00fblants s&#8217;accumulent : passage au num\u00e9rique ; r\u00e9vision de la convention collective ; n\u00e9gociation pour les trente-cinq heures ; perte d&#8217;audience et surtout d&#8217;identit\u00e9 pour France-Culture, que certains consid\u00e8rent encore comme la &#8220;danseuse&#8221; du service public ; le d\u00e9marrage plus que poussif du &#8220;Mouv'&#8221;, la radio jeune lanc\u00e9e en d\u00e9pit du bon sens&#8230; <\/p>\n<p>Le 22 janvier, le nouveau p.d.-g. a ainsi annonc\u00e9 devant le personnel que Radio-France allait s&#8217;engager dans &#8220;un virage historique&#8221; afin de moderniser les diff\u00e9rentes antennes. Parfaitement conscient du poids de cette culture historique qui freine la n\u00e9cessaire adaptation vers un nouveau public, il a affirm\u00e9 que &#8220;cette maison a besoin d&#8217;oxyg\u00e8ne et qu&#8217;il faut miser sur la jeunesse pour bousculer un peu le calcaire du traditionnel&#8221;. Mais ces changements ne doivent pas alt\u00e9rer l&#8217;image de marque des diff\u00e9rentes antennes, et cela, m\u00eame s&#8217;il &#8220;faut \u00e9pouser les modes de consommation du public&#8221;. Priorit\u00e9 donc aux antennes : &#8220;Tout en b\u00e9tonnant nos positions sur les g\u00e9n\u00e9ralistes, nous devons affirmer notre offensive sur les th\u00e9matiques, avec une offre moderne, compos\u00e9e de programmes et d&#8217;informations d\u00e9gag\u00e9s des lois de la concurrence.&#8221; Pour parvenir \u00e0 ses fins, Jean-Marie Cavada s&#8217;est entour\u00e9 de quatre directeurs d&#8217;antenne aux comp\u00e9tences d\u00e9j\u00e0 largement reconnues : Jean-Luc Hees pour France-Inter, Pascal Delannoy pour France-Info, Laure Adler pour France- Culture et Pierre Bouteiller pour France-Musique. <\/p>\n<p>Un premier bilan de cette pr\u00e9sidence ne pourra \u00eatre objectif que dans un an environ. Pourtant quelques signes plut\u00f4t de bon augure viennent conforter un certain optimisme : cette nomination ne s&#8217;est pas faite sous la pression du politique. Homme de centre droit, Jean-Marie Cavada n&#8217;a pas de pass\u00e9 minist\u00e9riel ; il est un homme du m\u00e9tier, rompant ainsi avec une tradition de technocrates et d&#8217;\u00e9narques parachut\u00e9s ; malgr\u00e9 sa r\u00e9putation quelque peu autoritaire, d\u00e8s son arriv\u00e9e il n&#8217;a pas h\u00e9sit\u00e9 \u00e0 consulter largement le personnel afin de d\u00e9finir sa strat\u00e9gie. Or chacun sait que la susceptibilit\u00e9 est une des marques de fabrique de Radio-France.<\/p>\n","protected":false},"excerpt":{"rendered":"<p>Michel Boyon ne laissera pas des souvenirs imp\u00e9rissables au sein de Radio-France, qu&#8217;il a dirig\u00e9 de novembre 1995 \u00e0 novembre 1998. Sa volont\u00e9 de rester aux commandes de la maison ronde pour trois nouvelles ann\u00e9es s&#8217;est en effet fracass\u00e9 sur l&#8217;hostilit\u00e9 d&#8217;une grande partie du personnel qui n&#8217;a pas appr\u00e9ci\u00e9 son dirigisme tr\u00e8s &#8220;\u00e9narque&#8221;. C&#8217;est [&hellip;]<\/p>\n","protected":false},"author":1,"featured_media":0,"comment_status":"open","ping_status":"open","sticky":false,"template":"","format":"standard","meta":{"_themeisle_gutenberg_block_has_review":false,"footnotes":""},"categories":[141],"tags":[287],"class_list":["post-1340","post","type-post","status-publish","format-standard","hentry","category-archives-web","tag-medias"],"_links":{"self":[{"href":"https:\/\/archives.regards.fr\/index.php?rest_route=\/wp\/v2\/posts\/1340","targetHints":{"allow":["GET"]}}],"collection":[{"href":"https:\/\/archives.regards.fr\/index.php?rest_route=\/wp\/v2\/posts"}],"about":[{"href":"https:\/\/archives.regards.fr\/index.php?rest_route=\/wp\/v2\/types\/post"}],"author":[{"embeddable":true,"href":"https:\/\/archives.regards.fr\/index.php?rest_route=\/wp\/v2\/users\/1"}],"replies":[{"embeddable":true,"href":"https:\/\/archives.regards.fr\/index.php?rest_route=%2Fwp%2Fv2%2Fcomments&post=1340"}],"version-history":[{"count":0,"href":"https:\/\/archives.regards.fr\/index.php?rest_route=\/wp\/v2\/posts\/1340\/revisions"}],"wp:attachment":[{"href":"https:\/\/archives.regards.fr\/index.php?rest_route=%2Fwp%2Fv2%2Fmedia&parent=1340"}],"wp:term":[{"taxonomy":"category","embeddable":true,"href":"https:\/\/archives.regards.fr\/index.php?rest_route=%2Fwp%2Fv2%2Fcategories&post=1340"},{"taxonomy":"post_tag","embeddable":true,"href":"https:\/\/archives.regards.fr\/index.php?rest_route=%2Fwp%2Fv2%2Ftags&post=1340"}],"curies":[{"name":"wp","href":"https:\/\/api.w.org\/{rel}","templated":true}]}}