{"id":13396,"date":"2022-02-16T20:06:42","date_gmt":"2022-02-16T19:06:42","guid":{"rendered":"https:\/\/wp.muchomaas.com\/article-la-gauche-est-un-petit-milieu-de-societes-militantes-obsedees-par-leurs\/"},"modified":"2023-06-24T00:25:12","modified_gmt":"2023-06-23T22:25:12","slug":"article-la-gauche-est-un-petit-milieu-de-societes-militantes-obsedees-par-leurs","status":"publish","type":"post","link":"https:\/\/archives.regards.fr\/?p=13396","title":{"rendered":"\u00ab La gauche est un petit milieu de soci\u00e9t\u00e9s militantes obs\u00e9d\u00e9es par leurs int\u00e9r\u00eats d&#8217;appareil \u00bb"},"content":{"rendered":"<p class=\"post_excerpt\">Le politiste R\u00e9mi Lefebvre, auteur de l&#8217;essai \u00e0 para\u00eetre <em>Faut-il d\u00e9sesp\u00e9rer de la gauche ?<\/em> aux \u00e9ditions Textuel, est l&#8217;invit\u00e9 de #LaMidinale.<\/p>\n<h2>UNE MIDINALE \u00c0 VOIR&#8230;<\/h2>\n<p><iframe loading=\"lazy\" width=\"490\" height=\"276\" src=\"https:\/\/www.youtube.com\/embed\/7xTW2HVVZ3g\" title=\"YouTube video player\" frameborder=\"0\" allow=\"accelerometer; autoplay; clipboard-write; encrypted-media; gyroscope; picture-in-picture\" allowfullscreen><\/iframe><\/p>\n<p>&nbsp;<\/p>\n<p><h2>ET \u00c0 LIRE&#8230;<\/h2>\n<p><em>\u00a0<strong>Sur l\u2019\u00e9tat de la gauche<\/em>\u00a0<\/strong><br \/>\n\u00ab La gauche s\u2019est coup\u00e9e des milieux populaires qu\u2019elle est cens\u00e9e repr\u00e9senter, des forces vives de la soci\u00e9t\u00e9, des mondes associatif, culturel et intellectuel. \u00bb<br \/>\n\u00ab La gauche est un petit milieu de soci\u00e9t\u00e9s militantes qui ont un poids sur l\u2019offre politique de gauche et qui font jouer leurs int\u00e9r\u00eats d\u2019appareil au d\u00e9triment de la gauche \u00e9lectorale et soci\u00e9tale dans une logique d\u2019enfermement. \u00bb<br \/>\n\u00ab Karl Marx parlait de cr\u00e9tinisme des parlementaires, c\u2019est-\u00e0-dire qu\u2019ils avaient tendance \u00e0 s\u2019enfermer dans un monde institutionnel : la gauche aujourd\u2019hui est enferm\u00e9e dans ses luttes et ses int\u00e9r\u00eats corporatistes. \u00bb<br \/>\n\u00ab La gauche fonctionne de mani\u00e8re tr\u00e8s autonome de la soci\u00e9t\u00e9 en g\u00e9n\u00e9ral. \u00bb<\/p>\n<p><em>\u00a0<strong>Sur les programmes et les id\u00e9es \u00e0 gauche<\/em>\u00a0<\/strong><br \/>\n\u00ab 700 propositions : est-ce que c\u2019est cela qui fait une offre politique combative \u00e0 gauche ? \u00bb<br \/>\n\u00ab Il y a une inflation programmatique sans que cela soit le c\u0153ur de la l\u00e9gitimit\u00e9. C\u2019est important de montrer que l\u2019on est pr\u00eat \u00e0 prendre le pouvoir et de budg\u00e9ter le programme mais la gauche manque surtout de vision. Ces visions existent : la France insoumise incarne id\u00e9ologiquement quelque chose, les \u00e9colos cherchent \u00e0 imposer un nouveau paradigme, Fabien Roussel est d\u00e9tenteur d\u2019une tradition politique qui a encore un sens\u2026 mais le probl\u00e8me, c\u2019est que la gauche manque moins d\u2019id\u00e9es que de m\u00e9diation pour les d\u00e9fendre. \u00bb<br \/>\n\u00ab Les id\u00e9es de gauche existent et circulent dans la soci\u00e9t\u00e9 \u2013 j\u2019observe que la conscience des in\u00e9galit\u00e9s sociales n\u2019a jamais \u00e9t\u00e9 aussi forte qu\u2019aujourd\u2019hui -, et pourtant, la gauche n\u2019arrive pas \u00e0 embrayer\u2026 \u00bb<br \/>\n\u00ab La cr\u00e9dibilit\u00e9 des id\u00e9es de gauche pose probl\u00e8me et c\u2019est s\u00fbrement cela qui permet de r\u00e9soudre la diff\u00e9rence avec les attentes de gauche qui existent dans la soci\u00e9t\u00e9. \u00bb<br \/>\n\u00ab La responsabilit\u00e9 de Fran\u00e7ois Hollande est \u00e9norme : par les politiques lib\u00e9rales qu\u2019il a men\u00e9es, il a tu\u00e9 l\u2019id\u00e9e de gauche et sa cr\u00e9dibilit\u00e9. \u00bb<br \/>\n\u00ab Le probl\u00e8me \u00e0 gauche tient plus de la bataille culturelle que des id\u00e9es elles-m\u00eames : la gauche n\u2019arrive pas \u00e0 imposer sa vision du monde \u2013 qui parfois est un peu fragile \u2013 et \u00e0 convaincre qu\u2019une alternative est possible. \u00bb<\/p>\n<p><em>\u00a0<strong>Sur les d\u00e9saccords et la d\u00e9sunion<\/em>\u00a0<\/strong><br \/>\n\u00ab Je ne n\u00e9glige pas les d\u00e9saccords \u00e0 gauche : entre Anne Hidalgo et Jean-Luc M\u00e9lenchon, \u00e7a me parait difficile d\u2019op\u00e9rer un rassemblement. Mais avec les \u00e9colos de gauche, la France insoumise, le Parti communiste et les socialistes de gauche, les convergences l\u2019emportent tr\u00e8s clairement sur les divergences. \u00bb<br \/>\n\u00ab Depuis 2017, il y a eu des \u00e9volutions id\u00e9ologiques int\u00e9ressantes : la France insoumise, sur l\u2019Europe, a des positions qui sont moins tranch\u00e9es, les \u00e9colos ont int\u00e9gr\u00e9 des logiques de justice sociale (il n\u2019y a pas beaucoup de diff\u00e9rence entre Eric Piolle, Sandrine Rousseau et Jean-Luc M\u00e9lenchon). Sur toute une s\u00e9rie de probl\u00e9matiques, des convergences ont \u00e9t\u00e9 d\u00e9gag\u00e9es : le pouvoir d\u2019achat, la relocalisation de l\u2019\u00e9conomie\u2026 \u00bb<br \/>\n\u00ab Les divergences d\u2019aujourd\u2019hui \u00e0 gauche ne sont pas beaucoup plus fortes que dans les ann\u00e9es 1970 entre le PCF et le PS. La diff\u00e9rence, c\u2019est l\u2019hyperpr\u00e9sidentialisation du d\u00e9bat : la gauche est trop faible id\u00e9ologiquement pour se permettre d\u2019\u00eatre divis\u00e9e. \u00bb<br \/>\n\u00ab La gauche doit se rassembler. Mais l\u2019id\u00e9e, ce n\u2019est pas la salade de logos mais de trouver des convergences \u2013 et ce travail n\u2019a pas \u00e9t\u00e9 fait. Et la d\u00e9sunion est mortif\u00e8re. \u00bb<br \/>\n\u00ab Il y a plein d\u2019arri\u00e8re-pens\u00e9es strat\u00e9giques : tout le monde pense \u00e0 la suite, c\u2019est-\u00e0-dire aux \u00e9lections l\u00e9gislatives, au leadership \u00e0 gauche, au financement des partis pendant cinq ans\u2026 \u00bb<br \/>\n\u00ab Quand la perspective de victoire est impossible, les partis se replient sur des logiques corporatistes et d\u2019appareil. \u00bb<br \/>\n\u00ab Les petites soci\u00e9t\u00e9s militantes qui s\u2019hyst\u00e9risent sur les r\u00e9seaux sociaux sont dans une tyrannie des petites diff\u00e9rences : on s\u2019\u00e9charpe ainsi sur les questions de la\u00efcit\u00e9\u2026 Je ne dis pas que ce n\u2019est pas important mais ce n\u2019est pas essentiel du tout. \u00bb<br \/>\n\u00ab Dans le moment, la gauche a int\u00e9r\u00eat \u00e0 mettre l\u2019accent sur ses convergences sur la question sociale et sur l\u2019\u00e9galit\u00e9. \u00bb<\/p>\n<p><em>\u00a0<strong>Sur l\u2019\u00e9mancipation des formes traditionnelles pour faire de la politique<\/em>\u00a0<\/strong><br \/>\n\u00ab Dans les ann\u00e9es 70 \u2013 moment tr\u00e8s important de reconstruction de la gauche -, il y avait des partis politiques qui se sont reconstruits sur des bases id\u00e9ologiques fortes et une \u00e9bullition de mouvements sociaux (f\u00e9ministes, \u00e9colos, antinucl\u00e9aires, luttes urbaines\u2026). \u00bb<br \/>\n\u00ab Aujourd\u2019hui, il y a une \u00e9tanch\u00e9it\u00e9 entre, d\u2019une part, des partis de plus en plus repli\u00e9s sur eux-m\u00eames, peu militants, partis d\u2019\u00e9lus, machines professionalis\u00e9es, et d\u2019autre part, des mouvements, de Nuit debout aux Gilets jaunes. Aucune fertilisation entre ces monces-l\u00e0. \u00bb<br \/>\n\u00ab Il faut une gauche qui soit \u00e0 la fois partisane et mouvementiste. \u00bb<br \/>\n\u00ab Le probl\u00e8me, c\u2019est que la gauche partisane donne \u00e0 voir un spectacle tellement navrant qu\u2019une partie des gens de gauche consid\u00e8rent qu\u2019il n\u2019y a rien \u00e0 gagner du c\u00f4t\u00e9 des \u00e9lections et se replient dans l\u2019activisme. Et du c\u00f4t\u00e9 de la gauche partisane, on se m\u00e9fie des mouvements sociaux. Il faut r\u00e9articuler tout \u00e7a. \u00bb<\/p>\n<p><em>\u00a0<strong>Sur la strat\u00e9gie de Jean-Luc M\u00e9lenchon<\/em>\u00a0<\/strong><br \/>\n\u00ab Il est tr\u00e8s compliqu\u00e9 de d\u00e9crypter la strat\u00e9gie de Jean-Luc M\u00e9lenchon parce qu\u2019elle est tr\u00e8s fluctuante : il oscille entre une posture populiste tribunicienne qui place au c\u0153ur de son discours l\u2019opposition peuple \u2013 \u00e9lite et un discours union de la gauche\u2026 Il louvoie entre les deux depuis 2017 : aux \u00e9lections europ\u00e9ennes, il \u00e9tait plut\u00f4t union de la gauche, ensuite il a appel\u00e9 \u00e0 une union populaire mais il a aussi dans le m\u00eame temps, beaucoup m\u00e9pris\u00e9 et pris de haut les autres partis de gauche, il violente les \u00e9lecteurs de gauche en leur disant qu\u2019il est le meilleur et la seule option sans leur donner des gages\u2026 \u00bb<br \/>\n\u00ab La situation est embarrassante pour la France insoumise : c\u2019est peut-\u00eatre la force de gauche la plus avanc\u00e9e mais c\u2019est une force politique parmi les autres. \u00bb<br \/>\n\u00ab Un M\u00e9lenchon \u00e0 10% dans les sondages alors qu\u2019il \u00e9tait \u00e0 19,6% 5 ans plus t\u00f4t, ce n\u2019est pas tr\u00e8s satisfaisant. \u00bb<br \/>\n\u00ab La gauche molle social-d\u00e9mocrate ne d\u00e9colle pas mais la gauche radicale non plus. \u00bb<br \/>\n\u00ab Certes, Jean-Luc M\u00e9lenchon explique que l\u2019id\u00e9e de gauche a \u00e9t\u00e9 ab\u00eem\u00e9e par Fran\u00e7ois Hollande mais qu\u2019est-ce qui explique que l\u2019app\u00e9tence pour une gauche plus radicale type M\u00e9lenchon ne soit pas plus forte dans la soci\u00e9t\u00e9 ? \u00bb<br \/>\n\u00ab Le programme de Jean-Luc M\u00e9lenchon est, \u00e0 bien des \u00e9gards, un programme social-d\u00e9mocrate costaud mais il n\u2019est pas r\u00e9volutionnaire. \u00bb<\/p>\n<p><em>\u00a0<strong>Sur Jean-Luc M\u00e9lenchon, la gauche radicale et la social-d\u00e9mocratie<\/em>\u00a0<\/strong><br \/>\n\u00ab La question de la radicalit\u00e9, c&#8217;est tr\u00e8s relatif et relationnel. \u00bb<br \/>\n\u00ab Le programme de Jean-Luc M\u00e9lenchon est, \u00e0 bien des \u00e9gards, un programme social-d\u00e9mocrate, costaud, mais \u00e7a n&#8217;est pas non plus un programme r\u00e9volutionnaire. \u00bb<br \/>\n\u00ab Le centre de gravit\u00e9 de la vie politique s&#8217;est tellement d\u00e9plac\u00e9 vers la droite qu&#8217;on pr\u00e9sente comme une offre de gauche radicale un discours qui \u00e9tait le positionnement de Mitterrand en 1981. \u00bb<\/p>\n<p><em>\u00a0<strong>Sur la disparition de la social-d\u00e9mocratie fran\u00e7aise<\/em>\u00a0<\/strong><br \/>\n\u00ab Je ne suis pas s\u00fbr que la social-d\u00e9mocratie aille mieux en Europe. En Allemagne, le SPD fait alliance avec les lib\u00e9raux et les \u00e9colos. Au Portugal, on a un bon contre-exemple, avec un discours tr\u00e8s \u00e0 gauche. L&#8217;Espagne, c&#8217;est compliqu\u00e9. Les pays scandinaves ont toujours une politique particuli\u00e8re, avec de fortes d\u00e9penses publiques, et en plus les socio-d\u00e9mocrates scandinaves sont all\u00e9s sur le terrain de l&#8217;immigration. Mais comparaison n&#8217;est pas raison, c&#8217;est pas les m\u00eames cultures politiques. \u00bb<br \/>\n\u00ab L&#8217;enqu\u00eate de la Fondation Jean Jaur\u00e8s m&#8217;a frapp\u00e9e : 40% des \u00e9lecteurs de Hollande 2012 votent pour Macron. L&#8217;\u00e9lectorat Macron s&#8217;est droitis\u00e9 mais une partie des anciens \u00e9lecteurs de Hollande sont toujours sur Macron. Ou bien ils votent utiles parce qu&#8217;ils ont peur du fascisme, ou bien il s&#8217;agit d&#8217;\u00e9lecteurs de gauche qui n&#8217;\u00e9taient plus beaucoup au PS. \u00bb<br \/>\n\u00ab Pendant de nombreuses ann\u00e9es, le PS avait un \u00e9lectorat tr\u00e8s h\u00e9t\u00e9rog\u00e8ne, notamment une partie d&#8217;\u00e9lecteurs tr\u00e8s mod\u00e9r\u00e9s qui attendaient le pr\u00e9texte ou l&#8217;offre politique pour quitter le PS. De fait, ils n&#8217;\u00e9taient plus des \u00e9lecteurs de gauche. \u00bb<br \/>\n\u00ab C&#8217;est aussi \u00e7a qui explique la faiblesse \u00e9lectorale de la social-d\u00e9mocratie, mais aussi de la gauche dans son ensemble. \u00bb<br \/>\n\u00ab Une partie des \u00e9lecteurs de gauche \u2013 qui de fait \u00e9tait centriste \u2013 a fait s\u00e9cession. Ce n&#8217;est pas simplement conjoncturel, c&#8217;est structurel. \u00bb<br \/>\n\u00ab Est-ce qu&#8217;il existe encore un \u00e9lectorat centre-gauche-mod\u00e9r\u00e9 en France ? \u00bb<br \/>\n\u00ab La gauche ne peut exercer le pouvoir que si elle f\u00e9d\u00e8re. \u00bb<br \/>\n\u00ab Le noyau de l&#8217;\u00e9lectorat de la France insoumise, c&#8217;est 10%. On ne peut pas gouverner avec 10%. \u00bb<br \/>\n\u00ab Le probl\u00e8me, c&#8217;est qu&#8217;il n&#8217;y a plus la force d&#8217;entra\u00eenement qu&#8217;\u00e9tait le PS, pour des bonnes ou mauvaises raisons, qui propulsait la gauche au pouvoir. \u00bb<br \/>\n\u00ab La gauche se retrouve dans un \u00e9tiage \u00e0 25%, avec un \u00e9lectorat plus homog\u00e8ne qu&#8217;avant, paradoxalement. \u00bb<br \/>\n\u00ab C&#8217;est une illusion de croire que les \u00e9lecteurs de Macron vont revenir. \u00bb<\/p>\n<p><em>\u00a0<strong>Sur la candidature de Fabien Roussel<\/em>\u00a0<\/strong><br \/>\n\u00ab Au d\u00e9part, c&#8217;est vraiment une candidature d&#8217;appareil, avec assez peu d&#8217;ambitions. \u00bb<br \/>\n\u00ab Le PC n&#8217;a pas eu de candidat pour les deux derni\u00e8res pr\u00e9sidentielles, il faut retravailler la marque. \u00bb<br \/>\n\u00ab L&#8217;\u00e9lection pr\u00e9sidentielle, c&#8217;est ce qui fait exister les partis politiques. \u00bb<br \/>\n\u00ab Finalement, \u00e7a prend. Il y a un ph\u00e9nom\u00e8ne Roussel, au moins m\u00e9diatique, mais pas que. Il fait le buzz, il a un style qui d\u00e9concerte, il a une strat\u00e9gie de triangulation pour se diff\u00e9rencier de LFI et des autres partis de gauche. On met l&#8217;accent sur un c\u00f4t\u00e9 un peu franchouillard, on parle de s\u00e9curit\u00e9, d&#8217;immigration. \u00c7a fait vachement plaisir aux journalistes qui voient leurs th\u00e8ses confort\u00e9es : quand la gauche parle d&#8217;immigration et de s\u00e9curit\u00e9, elle retrouve un petit peu d&#8217;oxyg\u00e8ne. \u00bb<br \/>\n\u00ab Il y a quelque chose de plus structurel : le PC, \u00e7a repr\u00e9sente encore quelque chose en France, il y a une culture communiste s\u00e9culaire. Et il y a une forme de nostalgie sur laquelle s&#8217;appuie Roussel, celle d&#8217;une gauche lisible, populaire, patriote. \u00bb<\/p>\n<p><em>\u00a0<strong>Est-ce que \u00e7a ne serait pas Roussel le candidat de la \u00ab reconqu\u00eate de l&#8217;\u00e9lectorat populaire \u00bb ?<\/em>\u00a0<\/strong><br \/>\n\u00ab Le probl\u00e8me des milieux populaires, c&#8217;est qu&#8217;ils sont tr\u00e8s h\u00e9t\u00e9rog\u00e8nes. C&#8217;est la France p\u00e9riph\u00e9rique, les jeunes des quartiers, ce qu&#8217;il reste de France industrielle\u2026 Concr\u00e8tement, Roussel ne parle qu&#8217;\u00e0 une partie des milieux populaires. \u00bb<br \/>\n\u00ab Roussel est-il fort dans les milieux populaires ? \u00c7a m\u00e9rite d&#8217;\u00eatre nuanc\u00e9. Aujourd&#8217;hui, les milieux populaires sont d\u00e9mobilis\u00e9s ou \u00e0 l&#8217;extr\u00eame droite. \u00bb<br \/>\n\u00ab Roussel veut imposer le r\u00e9cit qu&#8217;il est en phase avec cette France populaire, mais il est en phase avec une image r\u00e9tinienne qu&#8217;on a de la France populaire. \u00bb<\/p>\n<p><strong>\u00a0<em>Sur la gauche qui n&#8217;assume pas la rupture avec la soci\u00e9t\u00e9 de march\u00e9<\/em>\u00a0<\/strong><br \/>\n\u00ab Si la soci\u00e9t\u00e9 de march\u00e9, c&#8217;est le consum\u00e9risme, une forme d&#8217;individualisme h\u00e9doniste, etc., c&#8217;est tr\u00e8s difficile de dire qu&#8217;on va compl\u00e8tement rompre avec \u00e7a. \u00bb<br \/>\n\u00ab En quoi l&#8217;\u00e9volution de la soci\u00e9t\u00e9 est-elle d\u00e9favorable ou favorable \u00e0 la gauche ? Il est \u00e9vident qu&#8217;il y a plein d&#8217;\u00e9volutions qui sont d\u00e9favorables \u00e0 la gauche \u2013 le recul de la conscience de classe, l&#8217;individualisme n\u00e9gatif, l&#8217;atomisation et le vieillissement de la soci\u00e9t\u00e9. La gauche a du mal parce que cette soci\u00e9t\u00e9 lib\u00e9rale suscite de l&#8217;adh\u00e9sion, du d\u00e9sir. Le lib\u00e9ralisme s&#8217;est mis du c\u00f4t\u00e9 du progr\u00e8s. La gauche appara\u00eet conservatrice puisqu&#8217;elle demande des sacrifices, de la sobri\u00e9t\u00e9, du partage. Elle est un peu contre cet air du temps. \u00bb<br \/>\n\u00ab Il y a plein d&#8217;autres \u00e9volutions de la soci\u00e9t\u00e9 qui sont plut\u00f4t favorables \u00e0 la gauche : la jeunesse dipl\u00f4m\u00e9e, la conscience environnementale, l&#8217;aspiration \u00e0 plus de d\u00e9mocratie, etc. Ce sont des choses que la gauche peut exploiter. Les partis de gauche ne le font que mod\u00e9r\u00e9ment. \u00bb<\/p>\n<p><em>\u00a0<strong>Sur le clivage gauche-droite<\/em>\u00a0<\/strong><br \/>\n\u00ab Il y a eu une petite ambigu\u00eft\u00e9 &#8211; qui n&#8217;a pas tromp\u00e9 grand monde en 2017 \u2013 sur le Macron disruptif qui allait transgresser ce vieux clivage. Cinq ans plus tard, m\u00eame ses \u00e9lecteurs le per\u00e7oivent comme un Pr\u00e9sident de droite. Lui-m\u00eame s&#8217;assume comme de droite, il l&#8217;a \u00e9t\u00e9 sur les questions \u00e9conomiques et sociales mais m\u00eame sur les questions de soci\u00e9t\u00e9. Le Macron lib\u00e9ral-culturel plut\u00f4t ouvert aux positions de Merkel sur l&#8217;immigration, il a tr\u00e8s vite disparu. \u00bb<br \/>\n\u00ab Macron, c&#8217;est un lib\u00e9ralisme autoritaire. \u00bb<br \/>\nOn aurait pu croire que cette clarification du macronisme aurait pu r\u00e9activer le clivage gauche-droite, mais on ne peut pas dire que \u00e7a soit le cas. Aujourd&#8217;hui, le clivage dominant est celui entre l&#8217;extr\u00eame droite et le centre-droit. La gauche est asphyxi\u00e9e. \u00bb<div id='gallery-1' class='gallery galleryid-13396 gallery-columns-3 gallery-size-thumbnail'><figure class='gallery-item'>\n\t\t\t<div class='gallery-icon landscape'>\n\t\t\t\t<a href='https:\/\/archives.regards.fr\/wp-content\/uploads\/2022\/02\/article_midinale-19-fa8.png'><img loading=\"lazy\" decoding=\"async\" width=\"150\" height=\"150\" src=\"https:\/\/archives.regards.fr\/wp-content\/uploads\/2022\/02\/article_midinale-19-fa8-150x150.png\" class=\"attachment-thumbnail size-thumbnail\" alt=\"article_midinale-19.png\" \/><\/a>\n\t\t\t<\/div><\/figure>\n\t\t<\/div>\n<\/p>\n","protected":false},"excerpt":{"rendered":"<p>Le politiste R\u00e9mi Lefebvre, auteur de l&#8217;essai \u00e0 para\u00eetre <em>Faut-il d\u00e9sesp\u00e9rer de la gauche ?<\/em> aux \u00e9ditions Textuel, est l&#8217;invit\u00e9 de #LaMidinale.<\/p>\n","protected":false},"author":1204,"featured_media":31538,"comment_status":"open","ping_status":"open","sticky":false,"template":"","format":"standard","meta":{"_themeisle_gutenberg_block_has_review":false,"footnotes":""},"categories":[238],"tags":[293,515],"class_list":["post-13396","post","type-post","status-publish","format-standard","has-post-thumbnail","hentry","category-la-midinale","tag-entretien","tag-presidentielle-2022"],"_links":{"self":[{"href":"https:\/\/archives.regards.fr\/index.php?rest_route=\/wp\/v2\/posts\/13396","targetHints":{"allow":["GET"]}}],"collection":[{"href":"https:\/\/archives.regards.fr\/index.php?rest_route=\/wp\/v2\/posts"}],"about":[{"href":"https:\/\/archives.regards.fr\/index.php?rest_route=\/wp\/v2\/types\/post"}],"author":[{"embeddable":true,"href":"https:\/\/archives.regards.fr\/index.php?rest_route=\/wp\/v2\/users\/1204"}],"replies":[{"embeddable":true,"href":"https:\/\/archives.regards.fr\/index.php?rest_route=%2Fwp%2Fv2%2Fcomments&post=13396"}],"version-history":[{"count":0,"href":"https:\/\/archives.regards.fr\/index.php?rest_route=\/wp\/v2\/posts\/13396\/revisions"}],"wp:featuredmedia":[{"embeddable":true,"href":"https:\/\/archives.regards.fr\/index.php?rest_route=\/wp\/v2\/media\/31538"}],"wp:attachment":[{"href":"https:\/\/archives.regards.fr\/index.php?rest_route=%2Fwp%2Fv2%2Fmedia&parent=13396"}],"wp:term":[{"taxonomy":"category","embeddable":true,"href":"https:\/\/archives.regards.fr\/index.php?rest_route=%2Fwp%2Fv2%2Fcategories&post=13396"},{"taxonomy":"post_tag","embeddable":true,"href":"https:\/\/archives.regards.fr\/index.php?rest_route=%2Fwp%2Fv2%2Ftags&post=13396"}],"curies":[{"name":"wp","href":"https:\/\/api.w.org\/{rel}","templated":true}]}}