{"id":13385,"date":"2022-02-11T14:51:59","date_gmt":"2022-02-11T13:51:59","guid":{"rendered":"https:\/\/wp.muchomaas.com\/article-aymeric-caron-par-sa-maitrise-des-dossiers-melenchon-montre-qu-il-a-l-etoffe-d\/"},"modified":"2023-06-24T00:25:06","modified_gmt":"2023-06-23T22:25:06","slug":"article-aymeric-caron-par-sa-maitrise-des-dossiers-melenchon-montre-qu-il-a-l-etoffe-d","status":"publish","type":"post","link":"https:\/\/archives.regards.fr\/?p=13385","title":{"rendered":"Aymeric Caron : \u00ab Par sa ma\u00eetrise des dossiers, M\u00e9lenchon montre qu\u2019il a l&#8217;\u00e9toffe d&#8217;un Pr\u00e9sident \u00bb"},"content":{"rendered":"<p class=\"post_excerpt\">Le journaliste et romancier Aymeric Caron a rejoint le Parlement de l\u2019Union Populaire  (PUP). Il s\u2019engage pleinement dans la campagne de Jean-Luc M\u00e9lenchon. Il publie son premier roman sur le d\u00e9clin \u00e9cologique et politique de notre esp\u00e8ce, <em>Nous mourrons de nous \u00eatre tant ha\u00efs<\/em> (\u00e9ditions Robert Laffont). Il est l\u2019invit\u00e9 de #LaMidinale.<\/p>\n<h2>UNE MIDINALE \u00c0 VOIR&#8230;<\/h2>\n<p><iframe loading=\"lazy\" width=\"490\" height=\"276\" src=\"https:\/\/www.youtube.com\/embed\/FflvqTod14A\" title=\"YouTube video player\" frameborder=\"0\" allow=\"accelerometer; autoplay; clipboard-write; encrypted-media; gyroscope; picture-in-picture\" allowfullscreen><\/iframe><\/p>\n<p>&nbsp;<\/p>\n<p><h2>ET \u00c0 LIRE&#8230;<\/h2>\n<p><em> <strong>Sur l\u2019\u00e9mission politique de France 2 avec M\u00e9lenchon <\/strong> <\/em><br \/>\n\u00ab M\u00e9lenchon est le seul des candidats de gauche et de l\u2019\u00e9cologie \u00e0 \u00eatre sur une dynamique positive. \u00bb<br \/>\n\u00ab Cette \u00e9mission peut \u00eatre un coup d\u2019acc\u00e9l\u00e9rateur pour la suite. C\u2019\u00e9tait une bonne \u00e9mission parce qu\u2019elle lui a permis de parler de th\u00e8mes importants, sans caricature. \u00bb<br \/>\n\u00ab Je l\u2019ai trouv\u00e9 tr\u00e8s en forme, tr\u00e8s p\u00e9dagogue. \u00bb<br \/>\n\u00ab M\u00e9lenchon est le meilleur des candidats en lice. Il est le meilleur homme politique que nous ayons en politique &#8211; quelles que soient les id\u00e9es que l\u2019on ait. \u00bb<br \/>\n\u00ab Il a pu balayer certaines ambigu\u00eft\u00e9s dues au fait que parfois les m\u00e9dias simplifient, caricaturent. \u00bb<br \/>\n\u00ab Tous les commentateurs politiques reconnaissaient d\u00e9j\u00e0 que le programme l\u2019avenir en commun est le meilleur et le plus travaill\u00e9. \u00bb<br \/>\n\u00ab Hier, M\u00e9lenchon a montr\u00e9 qu\u2019il avait la posture pr\u00e9sidentielle et qu\u2019il ma\u00eetrisait les dossiers. \u00bb<br \/>\n\u00ab L\u2019\u00e9cologie radicale, la vraie \u00e9cologie qui m\u2019int\u00e9resse est chez M\u00e9lenchon. \u00bb<\/p>\n<p><em> <strong>Sur Yannick Jadot et les \u00e9cologistes <\/strong> <\/em><br \/>\n\u00ab Je ne vais pas accuser Yannick Jadot de mentir [quand il dit qu\u2019il porte un projet de rupture] mais je veux juste constater qu\u2019il est tiraill\u00e9 &#8211; pour ne pas dire perdu &#8211; entre deux lignes. Je ne suis pas s\u00fbr qu\u2019il sache o\u00f9 il se situe. \u00bb<br \/>\n\u00ab Depuis quelques ann\u00e9es, Yannick Jadot dit une chose et son contraire. \u00bb<br \/>\n\u00ab \u00c0 EELV, Jadot incarne une ligne plus lib\u00e9rale contre  une autre ligne incarn\u00e9e par Sandrine Rousseau qui incarne une \u00e9cologie plus radicale. \u00bb<br \/>\n\u00ab EELV aujourd\u2019hui, c\u2019est le PS il y a dix ans. Il y a deux lignes qui ne peuvent pas travailler ensemble. \u00bb<br \/>\n\u00ab Le projet de Jadot depuis quelques ann\u00e9es c\u2019est d\u2019\u00eatre \u00e9lu pr\u00e9sident de la R\u00e9publique. Et ce qu\u2019il a th\u00e9oris\u00e9, c\u2019est que pour \u00eatre \u00e9lu pr\u00e9sident, il faut rassembler. Et pour rassembler, il ne faut pas avoir des projets qui puissent para\u00eetre extr\u00eames. \u00bb<br \/>\n\u00ab Yannick Jadot construit une social-d\u00e9mocratie verte. C\u2019est ce que j\u2019appelle l\u2019\u00e9cologie molle. \u00bb<br \/>\n\u00ab Avec Jadot, le syst\u00e8me n\u2019est pas remis en question. \u00bb<br \/>\n\u00ab Je ne dirais pas que Jadot est insinc\u00e8re mais il est un peu perdu. \u00bb<\/p>\n<p><em> <strong>Sur le slogan \u00ab Fin du monde, fin du mois \u00bb<\/strong> <\/em><br \/>\n\u00ab C&#8217;est un joli slogan qui dit une r\u00e9alit\u00e9. Mais il n&#8217;est pas encore tout \u00e0 fait perceptible pour une personne qui gagne 2000-2500 euros et qui a du mal \u00e0 boucler son mois. Il se dit que sa priorit\u00e9 c&#8217;est de survivre au mois, alors penser \u00e0 la survie de la plan\u00e8te\u2026 \u00bb<br \/>\n\u00ab Il faut faire ce travail explicatif qui est de pr\u00e9senter les choses telles qu&#8217;elles sont : l&#8217;\u00e9cologie radicale est une vision de la soci\u00e9t\u00e9  \u2013 qui ne se limite pas \u00e0 d\u00e9fendre les arbres, les fleuves, les mers, lutter contre le r\u00e9chauffement climatique \u2013, c&#8217;est une nouvelle approche du vivant qui inclut les humains et donc leur rapport au travail, leur rapport au temps. \u00bb<br \/>\n\u00ab S&#8217;il y a des gens qui ont du mal \u00e0 boucler leurs fins de mois, c&#8217;est en raison d&#8217;un syst\u00e8me d&#8217;exploitation qui a les m\u00eames logiques que les syst\u00e8mes d&#8217;exploitation des ressources, des femmes. C&#8217;est une r\u00e9flexion globale qui doit \u00eatre entam\u00e9e de fa\u00e7on \u00e0 d\u00e9cliner sur tous les plans possibles la notion de respect de l&#8217;autre. \u00bb<br \/>\n\u00ab Remplacer partout o\u00f9 c&#8217;est possible la notion d&#8217;exploitation par la notion de coop\u00e9ration. \u00bb<br \/>\n\u00ab L&#8217;\u00e9cologie, \u00e7a n&#8217;est pas dire qu&#8217;on va augmenter le prix de l&#8217;essence. Ce sont les grands groupes qui doivent \u00eatre mis \u00e0 contribution, en payant plus d&#8217;imp\u00f4ts, en revoyant leur logique de fonctionnement. \u00bb<br \/>\n\u00ab Il y a une esp\u00e8ce de mensonge sciemment propag\u00e9 par ceux qui nous dirigent pour d\u00e9gouter les gens de l&#8217;\u00e9cologie \u2013 les classes populaires en l&#8217;occurrence \u2013 et leur faire croire que l&#8217;\u00e9cologie est punitive, qu&#8217;elle va pourrir leur quotidien. C&#8217;est l&#8217;\u00e9cologie du n\u00e9olib\u00e9ralisme : pour verdir son image, elle fait reposer toute la faute sur le consommateur. \u00bb<\/p>\n<p><em> <strong>Sur le travail<\/strong> <\/em><br \/>\n\u00ab Je propose une r\u00e9duction du temps de travail \u00e0 15-20 heures par semaine. \u00bb<br \/>\n\u00ab Le travail peut \u00eatre une chose extraordinaire, je pense qu&#8217;on a tous besoin d&#8217;avoir un travail \u00e9mancipateur. Nous sommes tr\u00e8s in\u00e9gaux face au travail. \u00bb<br \/>\n\u00ab Les m\u00e9tiers tourn\u00e9s vers l&#8217;autre, comme celui d&#8217;infirmier ou d&#8217;enseignant, sont d\u00e9grad\u00e9s. Ils n&#8217;ont plus envie d&#8217;aller bosser parce qu&#8217;ils n&#8217;ont pas de moyens, parce qu&#8217;ils sont d\u00e9nigr\u00e9s par ceux qui nous dirigent. Ce qui aurait pu \u00eatre un formidable facteur d&#8217;\u00e9panouissement devient une forme d&#8217;ali\u00e9nation. \u00bb<br \/>\n\u00ab Je trouve formidable que des robots remplacent des humains dont le travail est celui d&#8217;un corps sans \u00e2me. Une des choses que la gauche a eu du mal \u00e0 comprendre, c&#8217;est que la robotisation a rendu un service \u00e0 l&#8217;\u00eatre humain. C&#8217;est l\u00e0 qu&#8217;intervient la r\u00e9duction du temps de travail. \u00bb<br \/>\n\u00ab Une grande partie des emplois va dispara\u00eetre, avec l&#8217;intelligence artificielle. Je ne parle m\u00eame pas des &#8220;bullshit jobs&#8221;&#8230; \u00bb<br \/>\n\u00ab Soit on continue d&#8217;entretenir l&#8217;illusion du plein-emploi, ou on s&#8217;engage dans une politique de d\u00e9croissance nataliste absolue o\u00f9 on repasse \u00e0 trois milliards d&#8217;habitants sur la plan\u00e8te \u2013 on n&#8217;en prend pas du tout le chemin. Comment faire quand la population mondiale s&#8217;accro\u00eet et que l&#8217;offre d&#8217;emplois diminue ? \u00bb<br \/>\n\u00ab Notre \u00e9conomie repose uniquement sur la consommation. Nous sommes \u00e9duqu\u00e9s dans l&#8217;id\u00e9e que le seul mod\u00e8le possible est celui dans lequel nous vivons, organis\u00e9 autour de la production et de la consommation. Il n&#8217;y a que \u00e7a. C&#8217;est un mensonge absolu, entretenu par ceux qui nous dirigent puisqu&#8217;ils b\u00e9n\u00e9ficient du syst\u00e8me. \u00bb<br \/>\n\u00ab Il faut inviter un syst\u00e8me qui fasse que, pour vivre, le travail ne soit plus le centre de tout, mais un \u00e9l\u00e9ment parmi d&#8217;autres. Et ce n&#8217;est pas forc\u00e9ment le travail qui va permettre de gagner de l&#8217;argent. Comment fait-on ? Je d\u00e9fends l&#8217;id\u00e9e qu&#8217;on ne travaille que 15-20 heures par semaine \u2013 ce qui \u00e9tait la pr\u00e9diction de Keynes ! Le logement, le transport, la d\u00e9mocratie : tout est li\u00e9 \u00e0 la notion de temps. On parle de crise d\u00e9mocratique, mais les gens n&#8217;ont plus le temps pour s&#8217;y int\u00e9resser. O\u00f9 trouve-t-on le temps pour lire les journaux, les programmes, les livres ? Ce temps, on ne l&#8217;a pas. Si on veut \u00eatre un vrai citoyen, il faut qu&#8217;on nous d\u00e9gage du temps. \u00bb<\/p>\n<p><em> <strong>Sur la culture comme moteur de la puissance de la France<\/strong> <\/em><br \/>\n\u00ab Jean-Luc M\u00e9lenchon met l\u2019accent sur une potentialit\u00e9 importante de notre pays : la France a \u00e9t\u00e9 une r\u00e9f\u00e9rence dans de nombreux domaines culturels pendant longtemps et on est encore tr\u00e8s bon dans les jeux vid\u00e9os qui est encore une de nos comp\u00e9tences reconnues aujourd\u2019hui. Il y a d\u2019autres domaines sur lesquels on s\u2019endort un peu comme le cin\u00e9ma et d\u2019autres o\u00f9 l\u2019on est tr\u00e8s productifs comme en litt\u00e9rature. \u00bb<br \/>\n\u00ab Il faut expliquer pourquoi, pour le pays, ce serait une bonne chose d\u2019avoir une politique culturelle. \u00bb<br \/>\n\u00ab Le temps, c\u2019est ce qui nous permet de faire avancer une soci\u00e9t\u00e9 &#8211; pas la technologie. \u00bb<br \/>\n\u00ab Il faut des gens qui fassent des \u0153uvres d\u2019art, des gens qui \u00e9crivent des essais, des gens qui creusent des questions sociologiques, psychologiques, philosophiques. Il faut des gens qui s\u2019interrogent sur notre monde et qui nous le donnent \u00e0 voir et \u00e0 penser. \u00bb<br \/>\n\u00ab Les artistes nous font progresser dans leur mani\u00e8re de voir le monde et nous en proposer une lecture. \u00bb<br \/>\n\u00ab Une soci\u00e9t\u00e9 qui d\u00e9favorise les cr\u00e9ateurs, c\u2019est une soci\u00e9t\u00e9 qui se prive de la possibilit\u00e9 d\u2019\u00e9voluer de mani\u00e8re spirituelle, \u00e9thique et morale. \u00bb<br \/>\n\u00ab Les humains, plus que les autres esp\u00e8ces (parce qu\u2019il y a aussi des cultures chez les animaux non-humains mais elles sont plus limit\u00e9es), sont des \u00eatres de culture. \u00bb<\/p>\n<p><em> <strong>Sur la notion de r\u00e9sistance dans son livre \u00ab Nous mourrons de nous \u00eatre tant ha\u00efs \u00bb<\/strong> <\/em><br \/>\n\u00ab Les peuples ont toujours \u00e9t\u00e9 entra\u00een\u00e9s par quelques-uns. \u00bb<br \/>\n\u00ab Je n\u2019ai jamais vu un peuple qui, de mani\u00e8re unanime, spontan\u00e9ment, se mobilise pour une id\u00e9e. \u00bb<br \/>\n\u00ab Pour que les id\u00e9es progressent, il faut que quelques uns sortent du groupe et soient moqu\u00e9s, raill\u00e9s, vilipend\u00e9s pour qu\u2019ils soient ensuite ralli\u00e9s par d\u2019autres et pour que le groupe grossisse et devienne une majorit\u00e9 : \u00e7a a \u00e9t\u00e9 le droit pour le droit des femmes ou pour ceux qui ont lutt\u00e9 contre l\u2019esclavage. \u00bb<br \/>\n\u00ab Je suis dans une forme de r\u00e9sistance. \u00bb<br \/>\n\u00ab Il y a des familles de r\u00e9sistants (\u2026). L\u2019aptitude \u00e0 la r\u00e9sistance, \u00e0 mon avis, il y a une part qui circule dans les g\u00eanes et dans l\u2019\u00e9ducation. \u00bb<br \/>\n\u00ab J\u2019essaie de raconter comment, malgr\u00e9 tous les lanceurs d\u2019alerte, on en est l\u00e0 o\u00f9 on est aujourd\u2019hui. \u00bb<br \/>\n\u00ab La croissance nous tue et certains n\u2019arrivent pas \u00e0 le comprendre. \u00bb<br \/>\n\u00ab La vision un peu apocalyptique que je raconte dans mon livre, ce n\u2019est pas que la mienne, c\u2019est aussi celle de dizaines de milliers de scientifiques. \u00bb<\/p>\n<p><em> <strong>Sur la notion de haine<\/strong> <\/em><br \/>\n\u00ab Il faut proscrire l\u2019id\u00e9e que la haine puisse \u00eatre un projet. \u00bb<br \/>\n\u00ab On peut travailler au progr\u00e8s moral de l\u2019humanit\u00e9 et faire en sorte que la haine ne nous atteigne pas. \u00bb<br \/>\n\u00ab La col\u00e8re peut \u00eatre un moteur. Pas la haine. Et on peut \u00eatre un moteur sans ha\u00efr. \u00bb<div id='gallery-1' class='gallery galleryid-13385 gallery-columns-3 gallery-size-thumbnail'><figure class='gallery-item'>\n\t\t\t<div class='gallery-icon landscape'>\n\t\t\t\t<a href='https:\/\/archives.regards.fr\/wp-content\/uploads\/2022\/02\/article_midinale-16-78d.png'><img loading=\"lazy\" decoding=\"async\" width=\"150\" height=\"150\" src=\"https:\/\/archives.regards.fr\/wp-content\/uploads\/2022\/02\/article_midinale-16-78d-150x150.png\" class=\"attachment-thumbnail size-thumbnail\" alt=\"article_midinale-16.png\" \/><\/a>\n\t\t\t<\/div><\/figure>\n\t\t<\/div>\n<\/p>\n","protected":false},"excerpt":{"rendered":"<p>Le journaliste et romancier Aymeric Caron a rejoint le Parlement de l\u2019Union Populaire  (PUP). Il s\u2019engage pleinement dans la campagne de Jean-Luc M\u00e9lenchon. Il publie son premier roman sur le d\u00e9clin \u00e9cologique et politique de notre esp\u00e8ce, <em>Nous mourrons de nous \u00eatre tant ha\u00efs<\/em> (\u00e9ditions Robert Laffont). Il est l\u2019invit\u00e9 de #LaMidinale.<\/p>\n","protected":false},"author":1204,"featured_media":31499,"comment_status":"open","ping_status":"open","sticky":false,"template":"","format":"standard","meta":{"_themeisle_gutenberg_block_has_review":false,"footnotes":""},"categories":[238],"tags":[293],"class_list":["post-13385","post","type-post","status-publish","format-standard","has-post-thumbnail","hentry","category-la-midinale","tag-entretien"],"_links":{"self":[{"href":"https:\/\/archives.regards.fr\/index.php?rest_route=\/wp\/v2\/posts\/13385","targetHints":{"allow":["GET"]}}],"collection":[{"href":"https:\/\/archives.regards.fr\/index.php?rest_route=\/wp\/v2\/posts"}],"about":[{"href":"https:\/\/archives.regards.fr\/index.php?rest_route=\/wp\/v2\/types\/post"}],"author":[{"embeddable":true,"href":"https:\/\/archives.regards.fr\/index.php?rest_route=\/wp\/v2\/users\/1204"}],"replies":[{"embeddable":true,"href":"https:\/\/archives.regards.fr\/index.php?rest_route=%2Fwp%2Fv2%2Fcomments&post=13385"}],"version-history":[{"count":0,"href":"https:\/\/archives.regards.fr\/index.php?rest_route=\/wp\/v2\/posts\/13385\/revisions"}],"wp:featuredmedia":[{"embeddable":true,"href":"https:\/\/archives.regards.fr\/index.php?rest_route=\/wp\/v2\/media\/31499"}],"wp:attachment":[{"href":"https:\/\/archives.regards.fr\/index.php?rest_route=%2Fwp%2Fv2%2Fmedia&parent=13385"}],"wp:term":[{"taxonomy":"category","embeddable":true,"href":"https:\/\/archives.regards.fr\/index.php?rest_route=%2Fwp%2Fv2%2Fcategories&post=13385"},{"taxonomy":"post_tag","embeddable":true,"href":"https:\/\/archives.regards.fr\/index.php?rest_route=%2Fwp%2Fv2%2Ftags&post=13385"}],"curies":[{"name":"wp","href":"https:\/\/api.w.org\/{rel}","templated":true}]}}