{"id":13382,"date":"2022-02-10T12:00:00","date_gmt":"2022-02-10T11:00:00","guid":{"rendered":"https:\/\/wp.muchomaas.com\/article-camille-peugny-la-precarite-grignote-l-existence-des-jeunes\/"},"modified":"2023-06-24T00:25:01","modified_gmt":"2023-06-23T22:25:01","slug":"article-camille-peugny-la-precarite-grignote-l-existence-des-jeunes","status":"publish","type":"post","link":"https:\/\/archives.regards.fr\/?p=13382","title":{"rendered":"Camille Peugny : \u00ab La pr\u00e9carit\u00e9 grignote l\u2019existence des jeunes \u00bb"},"content":{"rendered":"<p class=\"post_excerpt\">Les jeunes sont souvent le pr\u00e9texte pour mener des politiques d\u2019aust\u00e9rit\u00e9, en leur nom. \u00c7a vaut pour les retraites ou m\u00eame la dette. Mais existe-t-il de v\u00e9ritables politiques jeunesses ? Camille Peugny, sociologue et auteur de <em>Pour une politique de la jeunesse<\/em> aux \u00e9ditions du Seuil (Collection La R\u00e9publique des Id\u00e9es), est l\u2019invit\u00e9 de #LaMidinale.<\/p>\n<h2>UNE MIDINALE \u00c0 VOIR&#8230;<\/h2>\n<p><iframe loading=\"lazy\" width=\"490\" height=\"276\" src=\"https:\/\/www.youtube.com\/embed\/ELoKae18gVU\" title=\"YouTube video player\" frameborder=\"0\" allow=\"accelerometer; autoplay; clipboard-write; encrypted-media; gyroscope; picture-in-picture\" allowfullscreen><\/iframe><\/p>\n<p>&nbsp;<\/p>\n<p><h2>ET \u00c0 LIRE&#8230;<\/h2>\n<p><em> <strong>Sur la (les) jeunesse(s)<\/strong> <\/em><br \/>\n\u00ab M\u00eame si les in\u00e9galit\u00e9s fracturent les jeunes, les jeunes ont un certain nombre de probl\u00e9matiques communes : notamment que cet \u00e2ge est laiss\u00e9 \u00e0 la charge de la famille. \u00bb<br \/>\n\u00ab Il existe des jeunesses bien diff\u00e9rentes. \u00bb<\/p>\n<p><em> <strong>Sur la transversalit\u00e9 des politiques jeunesses<\/strong> <\/em><br \/>\n\u00ab Le mille-feuille de dispositifs est inefficace et illisible. \u00bb<br \/>\n\u00ab On a longtemps pens\u00e9 que la jeunesse \u00e9tait une question transversale et on a trait\u00e9 les probl\u00e8mes jeunes comme \u00e9tant une sous-cat\u00e9gorie de probl\u00e8mes. \u00bb<br \/>\n\u00ab Il faut r\u00e9fl\u00e9chir collectivement \u00e0 ce que devrait \u00eatre cet \u00e2ge de la vie pour en tirer des grands principes de politiques publiques universelles. \u00bb<br \/>\n\u00ab Il y a une politique des \u00e2ges de la vie \u00e0 avoir et notamment une politique jeunesse. \u00bb<\/p>\n<p><em> <strong>Sur le \u00ab pr\u00e9texte \u00bb jeunes <\/strong>  <\/em><br \/>\n\u00ab La jeunesse est souvent un bon pr\u00e9texte pour administrer des potions am\u00e8res et douloureuses. \u00bb<br \/>\n\u00ab On repousse l\u2019\u00e2ge du d\u00e9part \u00e0 la retraite au nom du droit \u00e0 la retraite des g\u00e9n\u00e9rations futures. \u00bb<br \/>\n\u00ab On m\u00e8ne des politiques d\u2019aust\u00e9rit\u00e9 parce qu\u2019il faut bien r\u00e9duire la dette qu\u2019on ne peut pas laisser aux g\u00e9n\u00e9rations futures. \u00bb<br \/>\n\u00ab Quand on m\u00e8ne une politique au nom des jeunes, on la fait souvent au nom des jeunes de demain et jamais au nom des jeunes d\u2019aujourd\u2019hui. \u00bb<br \/>\n\u00ab En France, on consid\u00e8re la jeunesse comme une extension de l\u2019enfance. \u00bb<br \/>\n\u00ab \u00c0 18 ans, en France, vous n\u2019\u00eates pas consid\u00e9r\u00e9 comme un jeune adulte mais comme l\u2019enfant de vos parents. \u00bb<\/p>\n<p><em> <strong>Sur le d\u00e9nominateur commun des politiques jeunesses<\/strong> <\/em><br \/>\n\u00ab Il y a une inventivit\u00e9 et des tr\u00e9sors d\u2019\u00e9nergie dans certaines collectivit\u00e9s pour favoriser l\u2019autonomie des jeunes. \u00bb<br \/>\n\u00ab Tant qu\u2019il n\u2019y a pas d\u2019impulsion politique au niveau national d\u2019une politique jeunesse, on ne peut pas avoir de r\u00e9elle transformation de cet \u00e2ge de la vie et on ne peut pas lutter efficacement contre la reproduction des in\u00e9galit\u00e9s. \u00bb<br \/>\n\u00ab Il manque une grande impulsion au niveau national. \u00bb<\/p>\n<p><em> <strong>Sur les valeurs des jeunes<\/strong> <\/em><br \/>\n\u00ab On entend souvent que les valeurs des 18-25 ans seraient radicalement nouvelles et qu\u2019ils seraient en pointe sur tout un tas de questions de soci\u00e9t\u00e9, d\u2019environnement, d\u2019immigration, d\u2019\u00e9galit\u00e9 entre les sexes. Quand on regarde dans les statistiques, l\u2019effet est un peu ambigu : on a un peu l\u2019impression que le grand clivage, c\u2019est les plus de 60 ans versus les moins de 60 ans. \u00bb<br \/>\n\u00ab Si on voit bien que dans les marches pour le climat les \u00e9tudiants, les lyc\u00e9ens ou les coll\u00e9giens sont nombreux, statistiquement, en moyenne, les jeunes ne sont pas plus pr\u00e9occup\u00e9s par l\u2019environnement que les autres g\u00e9n\u00e9rations. \u00bb<br \/>\n\u00ab Les jeunesses sont travers\u00e9es par tout un tas de clivages, y compris des clivages politiques. \u00bb<br \/>\n\u00ab Il y entre 25 et 35% des jeunes qui sont sur des positions politiques dures, sur des positions autoritaires : pour le r\u00e9tablissement de la peine de mort ou trouvent qu\u2019il y a trop d\u2019immigr\u00e9s en France. \u00bb<\/p>\n<p><em> <strong>Sur l\u2019appartenance \u00e0 une g\u00e9n\u00e9ration<\/strong> <\/em><br \/>\n\u00ab Si les valeurs ne distinguent pas vraiment les g\u00e9n\u00e9rations, ce qui les rassemble est la mar\u00e9e montante de la pr\u00e9carit\u00e9. \u00bb<br \/>\n\u00ab Au fil des g\u00e9n\u00e9rations, on a une pr\u00e9carisation de l\u2019emploi : parmi les 18-25 ans, 55% d\u2019entre eux sont dans une forme pr\u00e9caire d\u2019emploi. Une proportion qui a fortement augment\u00e9 au cours de cette derni\u00e8re d\u00e9cennie. \u00bb<br \/>\n\u00ab La pr\u00e9carit\u00e9 des jeunes grignote les existences et \u00e7a produit des effets jusqu\u2019\u00e0 tard dans le cycle de vie et c\u2019est peut-\u00eatre cela qui fait l\u2019unit\u00e9 de cette g\u00e9n\u00e9ration. \u00bb<\/p>\n<p><em> <strong>Sur les jeunes et la politique<\/strong> <\/em><br \/>\n\u00ab Cette g\u00e9n\u00e9ration de jeunes est marqu\u00e9e par un rapport \u00e0 la politique beaucoup plus exigeant. \u00bb<br \/>\n\u00ab Les diff\u00e9rentes enqu\u00eates montrent que l\u2019int\u00e9r\u00eat pour la politique augmente avec le niveau de dipl\u00f4me. Et le niveau de dipl\u00f4me augmente au fil des g\u00e9n\u00e9rations. On a aujourd\u2019hui, une g\u00e9n\u00e9ration de jeunes beaucoup plus exigeante. \u00bb<br \/>\n\u00ab Les jeunes qui s\u2019abstiennent le font tout en \u00e9tant int\u00e9ress\u00e9s et au fait du d\u00e9bat politique. C\u2019est pas une abstention de jeunes d\u00e9saffili\u00e9s. \u00bb<br \/>\n\u00ab Beaucoup de jeunes s\u2019abstiennent parce qu\u2019ils sont d\u00e9\u00e7us de l\u2019offre politique. \u00bb<br \/>\n\u00ab Le renouvellement g\u00e9n\u00e9rationnel dans le champ politique \u2013 \u00e0 l\u2019Assembl\u00e9e nationale notamment \u2013 n\u2019a pas forc\u00e9ment fait progresser la cause des jeunes. \u00bb<br \/>\n\u00ab Je n\u2019aime pas l\u2019id\u00e9e selon laquelle si les jeunes vont mal aujourd\u2019hui c\u2019est parce que les vieux du baby-boom se sont trop servis sur la dette et l\u2019ont creus\u00e9e. \u00bb<br \/>\n\u00ab Quand Emmanuel Macron parle d&#8217;entrepreneuriat ou de jeunes qui voudraient devenir milliardaires, je n\u2019ai pas l\u2019impression que \u00e7a imprime tant que \u00e7a. \u00bb<br \/>\n\u00ab On n&#8217;est pas dans le domaine du ressenti : il y a une grande pr\u00e9carisation de la jeunesse. \u00bb<br \/>\n\u00ab Le march\u00e9 du travail se pr\u00e9carise par les jeunes. \u00bb<\/p>\n<p><em> <strong>Sur le syst\u00e8me scolaire<\/strong> <\/em><br \/>\n\u00ab Notre syst\u00e8me \u00e9ducatif est particuli\u00e8rement \u00e9litiste quand on le compare aux autres pays europ\u00e9ens. \u00bb<br \/>\n\u00ab C\u2019est en France, dans l\u2019OCDE, que l\u2019origine sociale p\u00e8se le plus sur les r\u00e9sultats scolaires. \u00bb<br \/>\n\u00ab On a un syst\u00e8me \u00e9ducatif qui est tout entier tourn\u00e9 sur l\u2019hyper s\u00e9lection d\u2019une petite \u00e9lite qui fonctionne au d\u00e9triment de la r\u00e9ussite du plus grand nombre. \u00bb<br \/>\n\u00ab On d\u00e9pense beaucoup par rapport \u00e0 la moyenne de l\u2019OCDE dans l\u2019enseignement primaire. Or s\u2019il y a bien un moment o\u00f9 on a des chances d\u2019intervenir sur les in\u00e9galit\u00e9s, c\u2019est \u00e0 l\u2019\u00e9cole primaire. \u00bb<\/p>\n<p><em> <strong>Sur la mobilit\u00e9 sociale<\/strong> <\/em><br \/>\n\u00ab Plus on va vers le nord de l\u2019Europe, plus on a de la mobilit\u00e9 sociale. Plus on va vers le sud de l\u2019Europe, plus la reproduction sociale est forte. En France, cette reproduction est forte. \u00bb<br \/>\n\u00ab Nous sommes un syst\u00e8me o\u00f9 cette p\u00e9riode de la vie, la jeunesse repose sur la famille. L\u2019\u00c9tat intervient peu. \u00bb<br \/>\n\u00ab Un syst\u00e8me qui repose sur une \u00e9cole \u00e9litiste et l\u2019\u00e9paisseur du portefeuille des parents conduit \u00e0 la reproduction des in\u00e9galit\u00e9s. \u00bb<\/p>\n<p><em> <strong>Sur le passage vers la vie d\u2019adulte<\/strong> <\/em><br \/>\n\u00ab Dans nos soci\u00e9t\u00e9s vieillissantes, le temps de la jeunesse doit \u00eatre celui de l\u2019exp\u00e9rimentation. \u00bb<br \/>\n\u00ab On doit avoir le temps d\u2019\u00eatre jeune. Il faut sortir de l\u2019urgence. \u00bb<br \/>\n\u00ab Pour avoir le temps d\u2019\u00eatre jeune, d\u2019avoir une exp\u00e9rience, de se trouver, il faut des politiques publiques fortes qui le permettent. \u00bb<br \/>\n\u00ab Au Danemark, les jeunes sont consid\u00e9r\u00e9s comme des citoyens adultes d\u00e8s l\u2019\u00e2ge de 18 ans. De mani\u00e8re universelle, on leur verse pendant six ans, chaque mois, une allocation \u00e9tudiante de l\u2019ordre de 700\u20ac qui peut d\u2019ailleurs \u00eatre coupl\u00e9e d\u2019une allocation logement de l\u2019ordre de 200\u20ac. \u00bb<br \/>\n\u00ab Les jeunes Danois prennent le temps d\u2019\u00eatre jeunes et se montrent les plus optimistes quant \u00e0 l\u2019avenir. \u00bb<br \/>\n\u00ab Quand on donne aux jeunes le temps d\u2019\u00eatre jeune, il y a plus de mobilit\u00e9 sociale et moins d\u2019in\u00e9galit\u00e9. Et il y a une plus grande confiance dans la vie. \u00bb<div id='gallery-1' class='gallery galleryid-13382 gallery-columns-3 gallery-size-thumbnail'><figure class='gallery-item'>\n\t\t\t<div class='gallery-icon landscape'>\n\t\t\t\t<a href='https:\/\/archives.regards.fr\/wp-content\/uploads\/2022\/02\/article_midinale-15-3f7.png'><img loading=\"lazy\" decoding=\"async\" width=\"150\" height=\"150\" src=\"https:\/\/archives.regards.fr\/wp-content\/uploads\/2022\/02\/article_midinale-15-3f7-150x150.png\" class=\"attachment-thumbnail size-thumbnail\" alt=\"article_midinale-15.png\" \/><\/a>\n\t\t\t<\/div><\/figure>\n\t\t<\/div>\n<\/p>\n","protected":false},"excerpt":{"rendered":"<p>Les jeunes sont souvent le pr\u00e9texte pour mener des politiques d\u2019aust\u00e9rit\u00e9, en leur nom. \u00c7a vaut pour les retraites ou m\u00eame la dette. Mais existe-t-il de v\u00e9ritables politiques jeunesses ? Camille Peugny, sociologue et auteur de <em>Pour une politique de la jeunesse<\/em> aux \u00e9ditions du Seuil (Collection La R\u00e9publique des Id\u00e9es), est l\u2019invit\u00e9 de #LaMidinale.<\/p>\n","protected":false},"author":1039,"featured_media":31494,"comment_status":"open","ping_status":"open","sticky":false,"template":"","format":"standard","meta":{"_themeisle_gutenberg_block_has_review":false,"footnotes":""},"categories":[238],"tags":[293],"class_list":["post-13382","post","type-post","status-publish","format-standard","has-post-thumbnail","hentry","category-la-midinale","tag-entretien"],"_links":{"self":[{"href":"https:\/\/archives.regards.fr\/index.php?rest_route=\/wp\/v2\/posts\/13382","targetHints":{"allow":["GET"]}}],"collection":[{"href":"https:\/\/archives.regards.fr\/index.php?rest_route=\/wp\/v2\/posts"}],"about":[{"href":"https:\/\/archives.regards.fr\/index.php?rest_route=\/wp\/v2\/types\/post"}],"author":[{"embeddable":true,"href":"https:\/\/archives.regards.fr\/index.php?rest_route=\/wp\/v2\/users\/1039"}],"replies":[{"embeddable":true,"href":"https:\/\/archives.regards.fr\/index.php?rest_route=%2Fwp%2Fv2%2Fcomments&post=13382"}],"version-history":[{"count":0,"href":"https:\/\/archives.regards.fr\/index.php?rest_route=\/wp\/v2\/posts\/13382\/revisions"}],"wp:featuredmedia":[{"embeddable":true,"href":"https:\/\/archives.regards.fr\/index.php?rest_route=\/wp\/v2\/media\/31494"}],"wp:attachment":[{"href":"https:\/\/archives.regards.fr\/index.php?rest_route=%2Fwp%2Fv2%2Fmedia&parent=13382"}],"wp:term":[{"taxonomy":"category","embeddable":true,"href":"https:\/\/archives.regards.fr\/index.php?rest_route=%2Fwp%2Fv2%2Fcategories&post=13382"},{"taxonomy":"post_tag","embeddable":true,"href":"https:\/\/archives.regards.fr\/index.php?rest_route=%2Fwp%2Fv2%2Ftags&post=13382"}],"curies":[{"name":"wp","href":"https:\/\/api.w.org\/{rel}","templated":true}]}}