{"id":13380,"date":"2022-02-09T15:43:25","date_gmt":"2022-02-09T14:43:25","guid":{"rendered":"https:\/\/wp.muchomaas.com\/article-medias-et-extreme-droite-le-travail-critique-sur-le-journalisme-doit-aussi\/"},"modified":"2023-06-24T00:25:01","modified_gmt":"2023-06-23T22:25:01","slug":"article-medias-et-extreme-droite-le-travail-critique-sur-le-journalisme-doit-aussi","status":"publish","type":"post","link":"https:\/\/archives.regards.fr\/?p=13380","title":{"rendered":"M\u00e9dias et extr\u00eame droite: \u00ab Le travail critique sur le journalisme doit aussi venir de l\u2019int\u00e9rieur \u00bb"},"content":{"rendered":"<p class=\"post_excerpt\">Samedi 12 f\u00e9vrier, \u00e0 la salle Olympe de Gouge dans le 11\u00e8me arrondissement de Paris, aura lieu un journ\u00e9e d&#8217;information et de d\u00e9bat organis\u00e9e par l&#8217;observatoire des m\u00e9dias Acrimed et Visa : \u00ab Halte \u00e0 la banalisation de l&#8217;extr\u00eame droite \u00bb. On en parle avec Pauline Perrenot, journaliste et co-animatrice d&#8217;Acrimed.\n<\/p>\n<h2>UNE MIDINALE \u00c0 VOIR&#8230;<\/h2>\n<p><iframe loading=\"lazy\" width=\"490\" height=\"276\" src=\"https:\/\/www.youtube.com\/embed\/lNnhMfzuo10\" title=\"YouTube video player\" frameborder=\"0\" allow=\"accelerometer; autoplay; clipboard-write; encrypted-media; gyroscope; picture-in-picture\" allowfullscreen><\/iframe><\/p>\n<p>&nbsp;<\/p>\n<p><h2>ET \u00c0 LIRE&#8230;<\/h2>\n<p><em> <strong>Sur l\u2019extr\u00eame-droitisation des m\u00e9dias<\/strong> <\/em><br \/>\n\u00ab Il faut \u00e9viter les th\u00e9ories de l\u2019\u00e9closion et se focaliser uniquement sur l\u2019empire Bollor\u00e9 &#8211; sans relativiser non plus le danger que cela repr\u00e9sente. \u00bb<br \/>\n\u00ab Le but, c\u2019est de voir comment, de quelles mani\u00e8res, par quelles pratiques ordinaires du journalisme, par quelles logiques structurelles, s\u2019est produite la banalisation et la l\u00e9gitimation de l\u2019extr\u00eame droite dans les m\u00e9dias. \u00bb<br \/>\n\u00ab La banalisation de l\u2019extr\u00eame droite s\u2019explique par plusieurs facteurs :<br \/>\n&#8211; la d\u00e9politisation de la politique par le journalisme politique avec le commentaire des strat\u00e9gies, des tambouilles et des sondages au pied lev\u00e9 ;<br \/>\n&#8211; la construction dans l\u2019agenda m\u00e9diatique des cibles de la peur avec notamment la mise \u00e0 la une des th\u00e9matiques f\u00e9tiches de l\u2019extr\u00eame droite : immigration, islam, ins\u00e9curit\u00e9, autorit\u00e9. Avec des effets de cadrages, c\u2019est-\u00e0-dire comment on en parle ;<br \/>\n&#8211; le r\u00e8gne du tout-opinion, le formatage de l\u2019\u00e9ditorialisation ax\u00e9e sur le clash viriliste ;<br \/>\n&#8211; la mutilation des d\u00e9bats en g\u00e9n\u00e9ral, sans pluralisme. \u00bb<br \/>\n\u00ab Les m\u00e9dias dominants, parce qu\u2019ils exercent tout un tas de pouvoir \u00e0 sens unique, sont concern\u00e9s. Par leurs pratiques ordinaires, balisent objectivement le terrain de l\u2019extr\u00eame droite. Mais \u00e7a ne veut pas dire que les journalistes pris individuellement votent \u00c9ric Zemmour. \u00bb<\/p>\n<p><em> <strong>Sur la responsabilit\u00e9 des m\u00e9dias dans la banalisation de l\u2019extr\u00eame droite<\/strong> <\/em><br \/>\n\u00ab Les m\u00e9dias ne sont pas les principaux responsables de l\u2019enracinement de l\u2019extr\u00eame droite dans la soci\u00e9t\u00e9. Mais \u00e7a ne veut pas dire que les m\u00e9dias n\u2019ont pas d\u2019influence ou aucun r\u00f4le. \u00bb<br \/>\n\u00ab Les m\u00e9dias cr\u00e9ent des effets de loupe et de cadrage : ce \u00e0 quoi on pense et ce dont on d\u00e9bat &#8211; mais aussi ce dont on ne d\u00e9pend pas, \u00e7a a une influence. \u00bb<br \/>\n\u00ab Le champ journalistique est extr\u00eamement verticalis\u00e9 : les chefferies m\u00e9diatiques qui concentrent l\u2019essentiel du pouvoir \u00e9ditorial, sont tr\u00e8s homog\u00e8nes socialement. \u00bb<br \/>\n\u00ab Ce que l\u2019on fait depuis septembre, c\u2019est d\u2019interpeler plus seulement les chefferies mais aussi les journalistes dont on reconnait les contraintes. \u00bb<br \/>\n\u00ab D\u00e8s novembre dernier, on a interpel\u00e9 les soci\u00e9t\u00e9s de journalistes (SDJ) face \u00e0 la bulle Zemmour que nous analysions en tant que telle. \u00bb<br \/>\n\u00ab Il faut que le travail critique sur le journalisme vienne aussi de l\u2019int\u00e9rieur. Mais pas juste un mea culpa pour demain, continuer \u00e0 faire la m\u00eame chose. \u00bb<\/p>\n<p><em> <strong>Sur les constructions m\u00e9diatiques qui am\u00e8nent \u00e0 la banalisation de l\u2019extr\u00eame droite<\/strong> <\/em><br \/>\n\u00ab La question du temps de parole reste encore \u00e0 la libre appr\u00e9ciation des journalistes. \u00bb<br \/>\n\u00ab Construire un agenda \u00e0 partir de sondages est un probl\u00e8me : on devrait se rappeler la litt\u00e9rature critique des sondages. \u00bb<br \/>\n\u00ab Les agendas m\u00e9diatiques sont des choix \u00e9ditoriaux qui pourraient \u00eatre autrement &#8211; surtout s\u2019il y avait de l\u2019autocritique. \u00bb<br \/>\n\u00ab Concernant \u00c9ric Zemmour, il va falloir que les journalistes r\u00e9fl\u00e9chissent \u00e0 ce que veut dire la peoplisation. \u00bb<\/p>\n<p><em> <strong>Sur les r\u00e9seaux sociaux<\/strong> <\/em><br \/>\n\u00ab Une grande partie des journalistes utilisent Twitter et l\u2019on voit \u00e0 quel point Twitter peut avoir une place importante dans la construction d\u2019un agenda m\u00e9diatique. Cyril Hanouna a tr\u00e8s bien expliqu\u00e9 qu\u2019il construisait son \u00e9mission en regardant les tendances sur Twitter et Facebook. \u00bb<br \/>\n\u00ab Il faut rappeler la proportion faible des Fran\u00e7ais qui utilisent Twitter. \u00bb<br \/>\n\u00ab Twitter exacerbe des faiblesses du journalisme qui \u00e9taient d\u00e9j\u00e0 pr\u00e9sentes auparavant. \u00bb<br \/>\n\u00ab Twitter colle parfaitement aux contraintes de l\u2019instantan\u00e9it\u00e9 mais, sur le fond, \u00e7a ne fait que d\u00e9placer des probl\u00e8mes qui pr\u00e9existaient avant les r\u00e9seaux sociaux. \u00bb<\/p>\n<p><em> <strong>Sur les menaces de mort dont est victime Oph\u00e9lie Meunier<\/strong> <\/em><br \/>\n\u00ab On d\u00e9nonce le harc\u00e8lement et les menaces de mort. \u00bb<br \/>\n\u00ab Ce qui laisse un go\u00fbt amer, c\u2019est que la coh\u00e9sion et le soutien qu\u2019il peut y avoir, n\u2019entrainent pas de remise en cause profonde sur la mani\u00e8re dont on peut produire ce genre de magazine et des moult biais qui pr\u00e9sident \u00e0 la fabrication de ce genre de reportage &#8211; conf\u00e8re la superbe enqu\u00eate d\u2019Arr\u00eat sur image sur le sujet. \u00bb<br \/>\n\u00ab Comment est-ce possible qu\u2019on ne puisse pas discuter de comment a \u00e9t\u00e9 fait le reportage et l\u2019impact sur les personnes concern\u00e9es ? \u00bb<div id='gallery-1' class='gallery galleryid-13380 gallery-columns-3 gallery-size-thumbnail'><figure class='gallery-item'>\n\t\t\t<div class='gallery-icon landscape'>\n\t\t\t\t<a href='https:\/\/archives.regards.fr\/wp-content\/uploads\/2022\/02\/article_midinale-13-b03.png'><img loading=\"lazy\" decoding=\"async\" width=\"150\" height=\"150\" src=\"https:\/\/archives.regards.fr\/wp-content\/uploads\/2022\/02\/article_midinale-13-b03-150x150.png\" class=\"attachment-thumbnail size-thumbnail\" alt=\"article_midinale-13.png\" \/><\/a>\n\t\t\t<\/div><\/figure>\n\t\t<\/div>\n<\/p>\n","protected":false},"excerpt":{"rendered":"<p>Samedi 12 f\u00e9vrier, \u00e0 la salle Olympe de Gouge dans le 11\u00e8me arrondissement de Paris, aura lieu un journ\u00e9e d&#8217;information et de d\u00e9bat organis\u00e9e par l&#8217;observatoire des m\u00e9dias Acrimed et Visa : \u00ab Halte \u00e0 la banalisation de l&#8217;extr\u00eame droite \u00bb. On en parle avec Pauline Perrenot, journaliste et co-animatrice d&#8217;Acrimed.<\/p>\n","protected":false},"author":1204,"featured_media":31490,"comment_status":"open","ping_status":"open","sticky":false,"template":"","format":"standard","meta":{"_themeisle_gutenberg_block_has_review":false,"footnotes":""},"categories":[238],"tags":[293],"class_list":["post-13380","post","type-post","status-publish","format-standard","has-post-thumbnail","hentry","category-la-midinale","tag-entretien"],"_links":{"self":[{"href":"https:\/\/archives.regards.fr\/index.php?rest_route=\/wp\/v2\/posts\/13380","targetHints":{"allow":["GET"]}}],"collection":[{"href":"https:\/\/archives.regards.fr\/index.php?rest_route=\/wp\/v2\/posts"}],"about":[{"href":"https:\/\/archives.regards.fr\/index.php?rest_route=\/wp\/v2\/types\/post"}],"author":[{"embeddable":true,"href":"https:\/\/archives.regards.fr\/index.php?rest_route=\/wp\/v2\/users\/1204"}],"replies":[{"embeddable":true,"href":"https:\/\/archives.regards.fr\/index.php?rest_route=%2Fwp%2Fv2%2Fcomments&post=13380"}],"version-history":[{"count":0,"href":"https:\/\/archives.regards.fr\/index.php?rest_route=\/wp\/v2\/posts\/13380\/revisions"}],"wp:featuredmedia":[{"embeddable":true,"href":"https:\/\/archives.regards.fr\/index.php?rest_route=\/wp\/v2\/media\/31490"}],"wp:attachment":[{"href":"https:\/\/archives.regards.fr\/index.php?rest_route=%2Fwp%2Fv2%2Fmedia&parent=13380"}],"wp:term":[{"taxonomy":"category","embeddable":true,"href":"https:\/\/archives.regards.fr\/index.php?rest_route=%2Fwp%2Fv2%2Fcategories&post=13380"},{"taxonomy":"post_tag","embeddable":true,"href":"https:\/\/archives.regards.fr\/index.php?rest_route=%2Fwp%2Fv2%2Ftags&post=13380"}],"curies":[{"name":"wp","href":"https:\/\/api.w.org\/{rel}","templated":true}]}}