{"id":13377,"date":"2022-02-08T13:09:13","date_gmt":"2022-02-08T12:09:13","guid":{"rendered":"https:\/\/wp.muchomaas.com\/article-que-l-on-soit-pour-ou-contre-le-nucleaire-il-faudra-vivre-30-a-40-ans-avec-nos\/"},"modified":"2023-06-24T00:24:57","modified_gmt":"2023-06-23T22:24:57","slug":"article-que-l-on-soit-pour-ou-contre-le-nucleaire-il-faudra-vivre-30-a-40-ans-avec-nos","status":"publish","type":"post","link":"https:\/\/archives.regards.fr\/?p=13377","title":{"rendered":"\u00ab Que l&#8217;on soit pour ou contre le nucl\u00e9aire, il faudra vivre 30 \u00e0 40 ans avec nos r\u00e9acteurs \u00bb"},"content":{"rendered":"<p class=\"post_excerpt\">Le d\u00e9bat sur le nucl\u00e9aire s\u2019invite dans la campagne \u00e9lectorale. Il fracture la gauche. Quelles sont les bonnes questions \u00e0 se poser ? Comment se faire un avis et sortir du d\u00e9bat tronqu\u00e9 du \u00ab pour ou contre le nucl\u00e9aire \u00bb ? Olivier Frachon, ing\u00e9nieur EDF \u00e0 la retraite, ancien syndicaliste, est l\u2019invit\u00e9 de #LaMidinale.\n<\/p>\n<h2>UNE MIDINALE \u00c0 VOIR&#8230;<\/h2>\n<p><iframe loading=\"lazy\" width=\"490\" height=\"276\" src=\"https:\/\/www.youtube.com\/embed\/tDluFMY_Q9M\" title=\"YouTube video player\" frameborder=\"0\" allow=\"accelerometer; autoplay; clipboard-write; encrypted-media; gyroscope; picture-in-picture\" allowfullscreen><\/iframe><\/p>\n<p>&nbsp;<\/p>\n<p><h2>ET \u00c0 LIRE&#8230;<\/h2>\n<p><strong>Sur le rachat par EDF des activit\u00e9s nucl\u00e9aires de G\u00e9n\u00e9ral Electrics<br \/>\n<\/strong><br \/>\n\u00ab Pour construire une centrale, il faut une turbine. \u00bb<br \/>\n\u00ab Pour construire un EPR, il faut un groupe\/turbo alternateur derri\u00e8re. Donc si on ne le fabrique plus, c\u2019est compliqu\u00e9 de construire des centrales de cette puissance [type EPR]. \u00bb<br \/>\n\u00ab Je me demande pourquoi demander \u00e0 EDF de les racheter [ces activit\u00e9s nucl\u00e9aires de G\u00e9n\u00e9ral Electrics] alors que dans les ann\u00e9es qui viennent EDF va avoir besoin d\u2019investir pour renouveler tout le parc de production d\u2019\u00e9lectricit\u00e9 en France. On voit l\u00e0 qu\u2019il y a des choix qui sont tronqu\u00e9s. \u00bb<\/p>\n<p><strong>Sur le d\u00e9bat autour du nucl\u00e9aire<br \/>\n<\/strong><br \/>\n\u00ab Derri\u00e8re la question du nucl\u00e9aire, la principale question \u00e0 se poser c\u2019est dans quel monde on veut vivre ? \u00bb<br \/>\n\u00ab L\u2019\u00e9lectricit\u00e9 repr\u00e9sente 25% de la consommation \u00e9nerg\u00e9tique de notre pays. \u00bb<br \/>\n\u00ab Si on veut d\u00e9carboner, c\u2019est-\u00e0-dire se passer du p\u00e9trole et du gaz, \u00e7a veut dire qu\u2019il va falloir transf\u00e9rer une partie des usages sur l\u2019\u00e9lectricit\u00e9. Il va falloir produire cette \u00e9lectricit\u00e9. Et avant de d\u00e9cider comment on produit cette \u00e9lectricit\u00e9, il faut d\u2019abord savoir dans quel monde on veut vivre. \u00bb<br \/>\n\u00ab Aujourd\u2019hui, l\u2019\u00e9nergie pour l\u2019humanit\u00e9, c\u2019est comme si chacun d\u2019entre nous vivait avec 200 humains \u00e0 son service. C\u2019est une moyenne dans le monde parce qu\u2019en Europe, c\u2019est plut\u00f4t entre 600 et 1000 personnes en fonction d\u2019o\u00f9 il se situe. Il y a des pays dans le monde o\u00f9 les gens n\u2019en ont pas. \u00bb<br \/>\n\u00ab Il faut se poser la question, quand on utilise des ressources pour produire des \u00e9oliennes ou du solaire, est-ce que \u00e7a ne se fait pas au d\u00e9triment d\u2019autres populations qui en auraient besoin. \u00bb<\/p>\n<p><strong>Sur les besoins \u00e9nerg\u00e9tiques du monde et la perspective z\u00e9ro carbone<br \/>\n<\/strong><br \/>\n\u00ab Si on veut d\u00e9carboner l\u2019\u00e9nergie, l\u2019\u00e9lectricit\u00e9 va prendre une place de plus en plus grande. Il faudra aussi d\u00e9carboner la fa\u00e7on de produire notre \u00e9lectricit\u00e9. \u00bb<br \/>\n\u00ab La majeur partie de l\u2019\u00e9lectricit\u00e9 produite dans le monde est faite \u00e0 partir de charbon, de p\u00e9trole ou de gaz. \u00bb<br \/>\n\u00ab Il faut construire des syst\u00e8mes complexes que sont les syst\u00e8mes \u00e9lectriques. \u00c7a passe par un vrai syst\u00e8me industriel et \u00e7a demande du temps. \u00bb<br \/>\n\u00ab On a mis pr\u00e8s d\u2019un si\u00e8cle \u00e0 construire notre syst\u00e8me \u00e9lectrique qui est constitu\u00e9 \u00e0 la fois des moyens de production, mais de transport, de distribution et de r\u00e9gulation de tout ce syst\u00e8me. \u00bb<br \/>\n\u00ab Sortir du nucl\u00e9aire, c\u2019est encore accepter de vivre avec le nucl\u00e9aire entre 25 \u00e0 40 ans. \u00bb<br \/>\n\u00ab On ne peut pas sortir du nucl\u00e9aire comme \u00e7a. \u00bb<\/p>\n<p><strong>Sur les salari\u00e9s du nuc\u00e9laire face \u00e0 la transition et \u00e0 la reconversion des m\u00e9tiers<br \/>\n<\/strong><br \/>\n\u00ab Dans l\u2019histoire, on a ferm\u00e9 beaucoup de centrales, \u00e0 charbon ou au full, et on d\u00e9velopp\u00e9 les centrales nucl\u00e9aires. C\u2019est une corporation de m\u00e9tiers o\u00f9 on a toujours su changer de m\u00e9tier et \u00e9voluer. D\u2019ailleurs, on avait un statut, avec un salaire \u00e0 vie \u00e0 la qualification, qui le permettait et le garantissait. \u00bb<br \/>\n\u00ab Le d\u00e9bat sur le nucl\u00e9aire ignore la r\u00e9alit\u00e9 de ce que peut vivre un \u00e9lectricien et un gazier : c\u2019est pas la question de l\u2019emploi et des salaires qui pose probl\u00e8me. \u00bb<br \/>\n\u00ab Souvent, on a l\u2019impression que l\u2019\u00e9nergie nucl\u00e9aire est une \u00e9nergie satanique. Si c\u2019est satanique, personne ne va avoir envie d\u2019aller l\u00e0-dedans pour y travailler. Or on va avoir besoin de gens qui viennent pour leur vie professionnelle, notamment dans la recherche et le d\u00e9veloppement &#8211; ne serait-ce que pour maintenir les centrales existantes. \u00bb<br \/>\n\u00ab On a besoin de gens qui viennent s\u2019investir dans le nucl\u00e9aire &#8211; c\u2019est un besoin fondamental pour vivre, se soigner, se chauffer, se d\u00e9placer, se rencontrer. \u00bb<\/p>\n<p><strong>Sur les co\u00fbts de l\u2019\u00e9lectricit\u00e9 et la ma\u00eetrise publique de l\u2019\u00e9nergie<br \/>\n<\/strong><br \/>\n\u00ab Le march\u00e9 et la concurrence ne marchent pas. \u00bb<br \/>\n\u00ab Le monde de la finance veut continuer de gagner de l\u2019argent avec l\u2019\u00e9nergie. \u00bb<br \/>\n\u00ab Il faut faire de l\u2019\u00e9lectricit\u00e9 un bien commun. Il fait aussi r\u00e9fl\u00e9chir \u00e0 comment le faire. \u00c7a passe sans doute par une propri\u00e9t\u00e9 publique, une nationalisation mais il faut aussi donner plus de place \u00e0 la d\u00e9mocratie dans l\u2019entreprise et \u00e0 l\u2019ext\u00e9rieur, les citoyens et les usagers. \u00bb<\/p>\n<p><strong>Sur la planification \u00e9nerg\u00e9tique<br \/>\n<\/strong><br \/>\n\u00ab Je partage l\u2019id\u00e9e qu\u2019il faut une planification : on est sur des choix de long terme et qui forc\u00e9ment ne peuvent d\u00e9pendre du march\u00e9. \u00bb<br \/>\n\u00ab Pour l\u2019\u00e9nergie &#8211; mais c\u2019est la m\u00eame chose pour les chemins de fer -, on est sur des syst\u00e8mes qui n\u00e9cessitent des coordinations \u00e0 l\u2019\u00e9chelle nationale voire internationale. Quand il y a des probl\u00e8mes sur le r\u00e9seau allemand il y a quelques ann\u00e9es, on a risqu\u00e9 le black-out en France. \u00bb<br \/>\n\u00ab On peut accepter d\u2019avoir une \u00e9olienne chez soi parce que l\u2019on a une vision globale d\u2019\u00e0 quoi cela sert. \u00bb<\/p>\n<p><strong>Sur la place du nucl\u00e9aire en rapport avec la question de la s\u00fbret\u00e9<br \/>\n<\/strong><br \/>\n\u00ab Il y a des impens\u00e9s : avec ou sans nucl\u00e9aire, l\u2019usage de la voiture dans le futur, fut-elle \u00e9lectrique, ne pourra pas \u00eatre celui que l\u2019on a eu avec la voiture \u00e0 p\u00e9trole. Apr\u00e8s, soit on en discute de mani\u00e8re collective pour pouvoir l\u2019accepter collectivement, soit on le subit parce qu\u2019\u00e0 un moment donn\u00e9, il n\u2019y aura plus de p\u00e9trole et \u00e7a donnera lieu \u00e0 des crises. \u00bb<br \/>\n\u00ab Le nucl\u00e9aire, c\u2019est une technologie, mais c\u2019est aussi des \u00eatres humains qui y travaillent qui sont facteurs de la s\u00fbret\u00e9 nucl\u00e9aire. \u00bb<br \/>\n\u00ab La s\u00fbret\u00e9 nucl\u00e9aire n\u2019est pas m\u00e9canique mais elle conf\u00e8re au travail. \u00bb<br \/>\n\u00ab Je pense, toute chose \u00e9tant \u00e9gale par ailleurs, qu\u2019aujourd\u2019hui, le fait d\u2019\u00eatre en d\u00e9ficit de production \u00e0 la marge dans les usines, introduit une pression suppl\u00e9mentaire sur les exploitants par rapport \u00e0 la s\u00fbret\u00e9. \u00bb<\/p>\n<p><strong>Sur les d\u00e9saccords \u00e0 gauche sur le nucl\u00e9aire<br \/>\n<\/strong><br \/>\n\u00ab Je suis dans une organisation qui rassemble des gens qui se sont construits contre le nucl\u00e9aire. \u00bb<br \/>\n\u00ab La question ne porte pas tant sur un choix technologique que sur le monde dans lequel on veut vivre. \u00bb<br \/>\n\u00ab Le nucl\u00e9aire est important par rapport aux besoins en \u00e9nergie mais si ce n\u2019est pas dans un service public, dans une entreprise nationalis\u00e9e avec un droit aux salari\u00e9s et une place pour les citoyens, je pense que les conditions ne sont pas les bonnes. \u00bb<br \/>\n\u00ab Peut-\u00eatre que l\u2019on peut avoir des divergences sur l\u2019opportunit\u00e9 de d\u00e9velopper de nouveaux moyens ou pas mais il va falloir encore vivre 30 \u00e0 40 ans avec des r\u00e9acteurs. \u00bb<div id='gallery-1' class='gallery galleryid-13377 gallery-columns-3 gallery-size-thumbnail'><figure class='gallery-item'>\n\t\t\t<div class='gallery-icon landscape'>\n\t\t\t\t<a href='https:\/\/archives.regards.fr\/wp-content\/uploads\/2022\/02\/article_midinale-12-8d5.png'><img loading=\"lazy\" decoding=\"async\" width=\"150\" height=\"150\" src=\"https:\/\/archives.regards.fr\/wp-content\/uploads\/2022\/02\/article_midinale-12-8d5-150x150.png\" class=\"attachment-thumbnail size-thumbnail\" alt=\"article_midinale-12.png\" \/><\/a>\n\t\t\t<\/div><\/figure>\n\t\t<\/div>\n<\/p>\n","protected":false},"excerpt":{"rendered":"<p>Le d\u00e9bat sur le nucl\u00e9aire s\u2019invite dans la campagne \u00e9lectorale. Il fracture la gauche. Quelles sont les bonnes questions \u00e0 se poser ? Comment se faire un avis et sortir du d\u00e9bat tronqu\u00e9 du \u00ab pour ou contre le nucl\u00e9aire \u00bb ? Olivier Frachon, ing\u00e9nieur EDF \u00e0 la retraite, ancien syndicaliste, est l\u2019invit\u00e9 de #LaMidinale.<\/p>\n","protected":false},"author":1039,"featured_media":31484,"comment_status":"open","ping_status":"open","sticky":false,"template":"","format":"standard","meta":{"_themeisle_gutenberg_block_has_review":false,"footnotes":""},"categories":[238],"tags":[],"class_list":["post-13377","post","type-post","status-publish","format-standard","has-post-thumbnail","hentry","category-la-midinale"],"_links":{"self":[{"href":"https:\/\/archives.regards.fr\/index.php?rest_route=\/wp\/v2\/posts\/13377","targetHints":{"allow":["GET"]}}],"collection":[{"href":"https:\/\/archives.regards.fr\/index.php?rest_route=\/wp\/v2\/posts"}],"about":[{"href":"https:\/\/archives.regards.fr\/index.php?rest_route=\/wp\/v2\/types\/post"}],"author":[{"embeddable":true,"href":"https:\/\/archives.regards.fr\/index.php?rest_route=\/wp\/v2\/users\/1039"}],"replies":[{"embeddable":true,"href":"https:\/\/archives.regards.fr\/index.php?rest_route=%2Fwp%2Fv2%2Fcomments&post=13377"}],"version-history":[{"count":0,"href":"https:\/\/archives.regards.fr\/index.php?rest_route=\/wp\/v2\/posts\/13377\/revisions"}],"wp:featuredmedia":[{"embeddable":true,"href":"https:\/\/archives.regards.fr\/index.php?rest_route=\/wp\/v2\/media\/31484"}],"wp:attachment":[{"href":"https:\/\/archives.regards.fr\/index.php?rest_route=%2Fwp%2Fv2%2Fmedia&parent=13377"}],"wp:term":[{"taxonomy":"category","embeddable":true,"href":"https:\/\/archives.regards.fr\/index.php?rest_route=%2Fwp%2Fv2%2Fcategories&post=13377"},{"taxonomy":"post_tag","embeddable":true,"href":"https:\/\/archives.regards.fr\/index.php?rest_route=%2Fwp%2Fv2%2Ftags&post=13377"}],"curies":[{"name":"wp","href":"https:\/\/api.w.org\/{rel}","templated":true}]}}