{"id":13375,"date":"2022-02-07T14:26:11","date_gmt":"2022-02-07T13:26:11","guid":{"rendered":"https:\/\/wp.muchomaas.com\/article-barbara-gomes-a-force-de-jouer-le-jeu-de-l-unite-nos-valeurs-communistes-ont\/"},"modified":"2023-06-24T00:24:52","modified_gmt":"2023-06-23T22:24:52","slug":"article-barbara-gomes-a-force-de-jouer-le-jeu-de-l-unite-nos-valeurs-communistes-ont","status":"publish","type":"post","link":"https:\/\/archives.regards.fr\/?p=13375","title":{"rendered":"Barbara Gomes : \u00ab \u00c0 force de jouer le jeu de l\u2019unit\u00e9, nos valeurs communistes ont \u00e9t\u00e9 effac\u00e9es \u00bb"},"content":{"rendered":"<p class=\"post_excerpt\">Samedi, le candidat communiste \u00e0 l\u2019\u00e9lection pr\u00e9sidentielle, Fabien Roussel, a r\u00e9uni pr\u00e8s de 3000 personnes. Un meeting aux formules bien senties. Un candidat en forme. Comme les sondages qui le donnent dor\u00e9navant devant la candidate socialiste, Anne Hidalgo, autour des 3%, voire 4%. Barbara Gomes, \u00e9lue parisienne et porte-parole de Fabien Roussel, est l\u2019invit\u00e9e de #LaMidinale.<\/p>\n<h2>UNE MIDINALE \u00c0 VOIR&#8230;<\/h2>\n<p><iframe loading=\"lazy\" width=\"490\" height=\"276\" src=\"https:\/\/www.youtube.com\/embed\/BjyVtrQH37c\" title=\"YouTube video player\" frameborder=\"0\" allow=\"accelerometer; autoplay; clipboard-write; encrypted-media; gyroscope; picture-in-picture\" allowfullscreen><\/iframe><\/p>\n<p>&nbsp;<\/p>\n<p><h2>ET \u00c0 LIRE&#8230;<\/h2>\n<p><em> <strong>Sur la remontada Roussel<\/strong> <\/em><br \/>\n\u00ab La remontada, c\u2019est tout ce que je souhaite. \u00bb<br \/>\n\u00ab Il y a vraiment besoin \u00e0 gauche d\u2019avoir une figure comme Fabien Roussel. \u00bb<br \/>\n\u00ab Il y a de plus en plus de personnes qui ont le sentiment que Fabien Roussel incarne l\u2019espoir. \u00bb<\/p>\n<p><em> <strong>Sur les question de s\u00e9curit\u00e9<\/strong> <\/em><br \/>\n\u00ab \u00c7a d\u00e9pend de la priorit\u00e9 des Fran\u00e7ais.e.s dans la campagne. \u00bb<br \/>\n\u00ab On a tout un programme d\u00e9taill\u00e9 : la s\u00e9curit\u00e9 en fait partie. \u00bb<br \/>\n\u00ab La s\u00e9curit\u00e9 est un besoin essentiel pour les populations et notamment les plus pr\u00e9caires. \u00bb<br \/>\n\u00ab C\u2019est important quand on fait partie de la r\u00e9publique de ne pas avoir le sentiment d\u2019\u00eatre abandonn\u00e9. \u00bb<br \/>\n\u00ab On n\u2019a pas de honte \u00e0 parler de s\u00e9curit\u00e9 avec une vision de gauche. \u00bb<\/p>\n<p><em> <strong>Sur le rapport \u00e0 Jean-Luc M\u00e9lenchon<\/strong> <\/em><br \/>\n\u00ab M\u00e9lenchon et son mouvement font partie des forces de gauche dont nous avons besoin. \u00bb<br \/>\n\u00ab Il faut cr\u00e9er un d\u00e9bat \u00e0 gauche et on a besoin de toute la pluralit\u00e9 de la gauche. \u00bb<br \/>\n\u00ab Nous avons besoin d\u2019un d\u00e9bat apais\u00e9 \u00e0 gauche. \u00bb<br \/>\n\u00ab Il ne faut pas voir la candidature de Jean-Luc M\u00e9lenchon comme une concurrence mais comme une fa\u00e7on de cr\u00e9er du d\u00e9bat et se mettre d\u2019accord sur des grands principes. \u00bb<br \/>\n\u00ab M\u00e9lenchon n\u2019a pas besoin de nous pour \u00eatre emp\u00each\u00e9 ou bloqu\u00e9 dans les sondages. C\u2019est pas les communistes, les \u00e9colos ou les socialistes qui l\u2019emp\u00eachent de grimper. \u00bb<\/p>\n<p><em> <strong>Sur l\u2019offensive Roussel sur Jadot et M\u00e9lenchon <\/strong> <\/em><br \/>\n\u00ab Jusqu\u2019ici, c\u2019est pas de notre c\u00f4t\u00e9 que venaient les boulets de canon. \u00c7a venait des autres partis. \u00bb<br \/>\n\u00ab On a une ligne politique avec des valeurs et des sujets qu\u2019on va d\u00e9fendre qui parfois vont nous d\u00e9marquer des autres candidats \u00e0 gauche. \u00bb<br \/>\n\u00ab Il n\u2019y a pas d\u2019attaque personnelle. C\u2019est un d\u00e9bat politique avec des marqueurs. \u00bb<br \/>\n\u00ab Fabien Roussel n\u2019est pas du tout dans une volont\u00e9 de disperser ou de casser la gauche. \u00bb<br \/>\n\u00ab Tout le monde doit se remettre en question. \u00bb<\/p>\n<p><em> <strong>Sur les raisons d\u2019une candidature communiste <\/strong> <\/em><br \/>\n\u00ab \u00c0 force de jouer le jeu de l\u2019unit\u00e9, les valeurs et les sujets des communistes ont \u00e9t\u00e9 effac\u00e9s. \u00bb<br \/>\n\u00ab On a voulu une candidature communiste pour remettre les sujets centraux : reparler de justice sociale, de salaires, de pouvoir d\u2019achat, d\u2019\u00e9nergie. \u00bb<\/p>\n<p><em> <strong>Sur la d\u00e9faite de la gauche<\/strong> <\/em><br \/>\n\u00ab On a commenc\u00e9 \u00e0 1%, on est \u00e0 4%, on sera tr\u00e8s prochainement \u00e0 plus de 5%. \u00bb<br \/>\n\u00ab Il faut donner l\u2019envie aux \u00e9lecteurs de voter \u00e0 gauche. \u00bb<br \/>\n\u00ab Je n\u2019ai pas envie d\u2019exclure une bonne surprise : peut-\u00eatre que la gauche va gagner. \u00bb<\/p>\n<p><em> <strong>Sur les l\u00e9gislatives<\/strong> <\/em><br \/>\n\u00ab Ce qui se joue dans cette pr\u00e9sidentielle, c\u2019est les l\u00e9gislatives et aussi la reconstruction de la gauche. \u00bb<br \/>\n\u00ab Je ne sais pas si l\u2019on doit souhaiter un accord total [de la gauche et des \u00e9cologistes]. \u00bb<br \/>\n\u00ab Il serait bien qu\u2019il y ait des rassemblements qui se fassent. Fabien Roussel a \u00e9t\u00e9 un des premiers \u00e0 proposer un pacte d\u2019engagement commun. \u00bb<br \/>\n\u00ab On veut se mettre d\u2019accord sur les propositions. C\u2019est autour des propositions que les alliances pourront se faire. Mais je ne sais pas qui sera dans ces alliances de gauche. Je suis en incapacit\u00e9 de le dire. \u00bb<br \/>\n\u00ab Il faut r\u00e9fl\u00e9chir en termes d\u2019id\u00e9es et de valeurs. On ne doit pas r\u00e9fl\u00e9chir d\u2019abord sur le avec qui on y va. \u00bb<\/p>\n<p><em> <strong>Sur les soutiens \u00e0 Fabien Roussel <\/strong> <\/em><br \/>\n\u00ab L\u2019espoir \u00e0 gauche est en train de rena\u00eetre avec Fabien Roussel. Quelque chose est en train de se passer. \u00bb<br \/>\n\u00ab Je ne sais pas ce qui se joue strat\u00e9giquement mais politiquement, il se passe quelque chose derri\u00e8re la candidature de Fabien Roussel. \u00bb<br \/>\n\u00ab La campagne d\u2019Anne Hidalgo ne se passe pas comme les socialistes l\u2019auraient voulu et \u00e7a leur donne envie de nous f\u00e9liciter et de se dire : si c\u2019est pas pour nous, au moins il y a une alternative avec laquelle on est d\u2019accord et avec des gens avec qui on sait travailler. \u00bb<br \/>\n\u00ab Je ne sais pas ce que \u00e7a veut dire d\u2019\u00eatre plus proche des socialiste que de Jean-Luc M\u00e9lenchon : il y a une grande diversit\u00e9 \u00e0 gauche. On est proches des gens qui portent les m\u00eames valeurs que nous quelles que soient les \u00e9tiquettes. \u00bb<br \/>\n\u00ab On a de plus en plus de personnes \u00e0 gauche qui nous rejoignent. \u00bb<br \/>\n\u00ab Notre priorit\u00e9 n\u2019est pas d\u2019aller s\u00e9duire la droite, sociale ou pas, mais de convaincre \u00e0 gauche. \u00bb<div id='gallery-1' class='gallery galleryid-13375 gallery-columns-3 gallery-size-thumbnail'><figure class='gallery-item'>\n\t\t\t<div class='gallery-icon landscape'>\n\t\t\t\t<a href='https:\/\/archives.regards.fr\/wp-content\/uploads\/2022\/02\/article_midinale-11-caf.png'><img loading=\"lazy\" decoding=\"async\" width=\"150\" height=\"150\" src=\"https:\/\/archives.regards.fr\/wp-content\/uploads\/2022\/02\/article_midinale-11-caf-150x150.png\" class=\"attachment-thumbnail size-thumbnail\" alt=\"article_midinale-11.png\" \/><\/a>\n\t\t\t<\/div><\/figure>\n\t\t<\/div>\n<\/p>\n","protected":false},"excerpt":{"rendered":"<p>Samedi, le candidat communiste \u00e0 l\u2019\u00e9lection pr\u00e9sidentielle, Fabien Roussel, a r\u00e9uni pr\u00e8s de 3000 personnes. Un meeting aux formules bien senties. Un candidat en forme. Comme les sondages qui le donnent dor\u00e9navant devant la candidate socialiste, Anne Hidalgo, autour des 3%, voire 4%. Barbara Gomes, \u00e9lue parisienne et porte-parole de Fabien Roussel, est l\u2019invit\u00e9e de #LaMidinale.<\/p>\n","protected":false},"author":1039,"featured_media":31480,"comment_status":"open","ping_status":"open","sticky":false,"template":"","format":"standard","meta":{"_themeisle_gutenberg_block_has_review":false,"footnotes":""},"categories":[238],"tags":[293],"class_list":["post-13375","post","type-post","status-publish","format-standard","has-post-thumbnail","hentry","category-la-midinale","tag-entretien"],"_links":{"self":[{"href":"https:\/\/archives.regards.fr\/index.php?rest_route=\/wp\/v2\/posts\/13375","targetHints":{"allow":["GET"]}}],"collection":[{"href":"https:\/\/archives.regards.fr\/index.php?rest_route=\/wp\/v2\/posts"}],"about":[{"href":"https:\/\/archives.regards.fr\/index.php?rest_route=\/wp\/v2\/types\/post"}],"author":[{"embeddable":true,"href":"https:\/\/archives.regards.fr\/index.php?rest_route=\/wp\/v2\/users\/1039"}],"replies":[{"embeddable":true,"href":"https:\/\/archives.regards.fr\/index.php?rest_route=%2Fwp%2Fv2%2Fcomments&post=13375"}],"version-history":[{"count":0,"href":"https:\/\/archives.regards.fr\/index.php?rest_route=\/wp\/v2\/posts\/13375\/revisions"}],"wp:featuredmedia":[{"embeddable":true,"href":"https:\/\/archives.regards.fr\/index.php?rest_route=\/wp\/v2\/media\/31480"}],"wp:attachment":[{"href":"https:\/\/archives.regards.fr\/index.php?rest_route=%2Fwp%2Fv2%2Fmedia&parent=13375"}],"wp:term":[{"taxonomy":"category","embeddable":true,"href":"https:\/\/archives.regards.fr\/index.php?rest_route=%2Fwp%2Fv2%2Fcategories&post=13375"},{"taxonomy":"post_tag","embeddable":true,"href":"https:\/\/archives.regards.fr\/index.php?rest_route=%2Fwp%2Fv2%2Ftags&post=13375"}],"curies":[{"name":"wp","href":"https:\/\/api.w.org\/{rel}","templated":true}]}}