{"id":13370,"date":"2022-02-03T15:09:43","date_gmt":"2022-02-03T14:09:43","guid":{"rendered":"https:\/\/wp.muchomaas.com\/article-contre-la-stigmatisation-des-quartiers-il-faut-assumer-de-construire-des-villes\/"},"modified":"2023-06-24T00:24:34","modified_gmt":"2023-06-23T22:24:34","slug":"article-contre-la-stigmatisation-des-quartiers-il-faut-assumer-de-construire-des-villes","status":"publish","type":"post","link":"https:\/\/archives.regards.fr\/?p=13370","title":{"rendered":"\u00ab Contre la stigmatisation des quartiers, il faut assumer de construire des villes populaires \u00bb"},"content":{"rendered":"<p class=\"post_excerpt\">Repenser la ville pour mieux vivre ensemble. Dans son nouveau livre, <em>Inventons un nouvel art de vivre populaire<\/em> (\u00c9ditions Arcane 17), Patrice Leclerc, maire de Gennevilliers dans les Hauts-de-Seine, propose de tout repenser de fond en comble : logement, urbanisme, rapport police\/population, culture, sport, d\u00e9mocratie\u2026 Il est l\u2019invit\u00e9 de #LaMidinale.<\/p>\n<h2>UNE MIDINALE \u00c0 VOIR&#8230;<\/h2>\n<p><iframe loading=\"lazy\" width=\"490\" height=\"276\" src=\"https:\/\/www.youtube.com\/embed\/PTujpxMtsbY\" title=\"YouTube video player\" frameborder=\"0\" allow=\"accelerometer; autoplay; clipboard-write; encrypted-media; gyroscope; picture-in-picture\" allowfullscreen><\/iframe><\/p>\n<p>&nbsp;<\/p>\n<p><h2>ET \u00c0 LIRE&#8230;<\/h2>\n<p><em>\u00a0<strong>Sur le logement social<\/em>\u00a0<\/strong><br \/>\n\u00ab\u00a0Mon obsession, c\u2019est de faire que l\u2019on arr\u00eate de stigmatiser le logement social.\u00a0\u00bb<br \/>\n\u00ab\u00a0Le logement social, c\u2019est le droit au logement pour toutes et tous.\u00a0\u00bb<br \/>\n\u00ab\u00a0Aujourd\u2019hui, on a des candidats ou des d\u00e9partements comme les Hauts-de-Seine qui nous disent qu\u2019il y a trop de logements sociaux et punissent Gennevilliers en nous interdisant de construire du logement social.\u00a0\u00bb<br \/>\n\u00ab\u00a0Il y a des populations qui refusent la construction de logements sociaux autour d\u2019eux parce qu\u2019ils ont assimil\u00e9 le logement social &#8211; cas social.\u00a0Or 70% de la population d\u2019Ile-de-France est \u00e9ligible au logement social et \u00e7a ne viendrait \u00e0 l\u2019esprit de personne d\u2019assimiler tous ces gens \u00e0 des cas sociaux.\u00a0\u00bb<br \/>\n\u00ab\u00a0Le manque de logement social (1,5 million selon la Fondation Abb\u00e9 Pierre) fait que l\u2019on n\u2019arrive pas \u00e0 reloger les femmes battues ou les personnes s\u00e9par\u00e9es, qu\u2019il y a 11 ans d\u2019attente en moyenne dans la m\u00e9tropole du Grand Paris pour en avoir un.\u00a0\u00bb<br \/>\n\u00ab\u00a0Le logement est la question essentielle de l\u2019avenir et je regrette qu\u2019elle ne soit pas au coeur de la pr\u00e9sidentielle.\u00a0\u00bb<\/p>\n<p><em>\u00a0<strong>Sur le populaire<\/em>\u00a0<\/strong><br \/>\n\u00ab\u00a0Je suis fier d\u2019\u00eatre d\u2019un milieu populaire. Et il faut que l\u2019on se batte pour que notre origine populaire soit valoris\u00e9e.\u00a0\u00bb<br \/>\n\u00ab\u00a0Les quartiers populaires, c\u2019est la France normale : la France de celles et ceux qui se l\u00e8vent t\u00f4t pour travailler ou qui sont au ch\u00f4mage, des employ\u00e9s et des ouvriers.\u00a0\u00bb<br \/>\n\u00ab\u00a0La stigmatisation des quartiers populaires explique l\u2019abstention, le ressentiment et toutes nos difficult\u00e9s politiques.\u00a0\u00bb<br \/>\n\u00ab\u00a0Le populaire, c\u2019est les gens normaux, c\u2019est-\u00e0-dire ceux qui n\u2019ont que leurs bras et leur t\u00eate pour vivre, qui ne sp\u00e9culent pas, qui ne sont pas des rentiers ou n\u00e9s avec une cuiller en argent dans la bouche.\u00a0\u00bb<br \/>\n\u00ab\u00a0Un nouvel art de vivre populaire, c\u2019est s\u2019attaquer aux questions politiques du moment, notamment l\u2019enjeu environnemental, c\u2019est-\u00e0-dire le fait que nos enfants ou nos petits-enfants peuvent mourir ou dispara\u00eetre \u00e0 cause des enjeux climatiques.\u00a0\u00bb<br \/>\n\u00ab\u00a0Il faut revaloriser et changer les modes de production. Mais si l\u2019aspiration pour nos enfants, c\u2019est qu\u2019ils ne fassent pas les m\u00eames m\u00e9tiers que nous dans notre monde populaire, il va y avoir un probl\u00e8me : il faut revaloriser de mani\u00e8re salariale mais aussi en retrouvant du sens dans la production. Il faut d\u00e9prol\u00e9tariser le travail des cat\u00e9gories sociales en aide \u00e0 la personne ou \u00e0 l\u2019entreprise.\u00a0\u00bb<\/p>\n<p><em>\u00a0<strong>Sur le beau dans la ville<\/em>\u00a0<\/strong><br \/>\n\u00ab\u00a0Le beau, c\u2019est d\u00e9j\u00e0 de ne pas avoir honte de o\u00f9 on habite, des rues nettoy\u00e9es, des immeubles propres\u2026\u00a0\u00bb<br \/>\n\u00ab\u00a0Un crit\u00e8re, c\u2019est : es-ce que l\u2019on peut inviter des amis ou de la famille chez soi sans avoir honte de son environnement ? Ou mieux : est-ce que l\u2019on peut en \u00eatre fier ? C\u2019est un enjeu politique important qui n\u00e9cessite que chacun investisse ces quartiers.\u00a0\u00bb<\/p>\n<p><em>\u00a0<strong>Sur la police<\/em>\u00a0<\/strong><br \/>\n\u00ab\u00a0Ce n\u2019est pas \u00e0 la police de r\u00e9gler les probl\u00e8mes dans les cages d\u2019escalier : on a d\u00e9j\u00e0 \u00e9chou\u00e9 \u00e0 partir du moment o\u00f9 c\u2019est la police qui vient parce que des jeunes perturbent des halls d\u2019immeuble.\u00a0\u00bb<br \/>\n\u00ab\u00a0Il faut que la communaut\u00e9 des adultes reprennent le pouvoir de son environnement et de ses relations avec la jeunesse pour arriver \u00e0 travailler \u00e0 un respect mutuel entre g\u00e9n\u00e9rations.\u00a0\u00bb<br \/>\n\u00ab\u00a0Il faut se donner le droit comme adulte de faire une remarque \u00e0 un jeune enfant et comme parent, de donner le droit \u00e0 mon voisin de faire une remarque \u00e0 mon enfant si cela ne va pas. Mais tout cela dans un respect mutuel.\u00a0\u00bb<br \/>\n\u00ab\u00a0Des enfants qui ressentent que les adultes de leur quartier sont l\u00e0 pour les aider, ce sont des jeunes qui consid\u00e9reront plus tard que ces gens sont l\u00e0 pour les aider.\u00a0\u00bb<br \/>\n\u00ab\u00a0Il faut redonner confiance \u00e0 la jeunesse en elle-m\u00eame et redonner confiance dans nos relations sociales.\u00a0\u00bb<br \/>\n\u00ab\u00a0Bien s\u00fbr qu\u2019il y aura besoin de police sur des cas extr\u00eames, sur des violences physiques, des trafics de drogue : mais l\u2019essentiel, c\u2019est la communaut\u00e9 des adultes qui n\u2019abandonne pas son respect mutuel.\u00a0\u00bb<br \/>\n\u00ab\u00a0Il faut toute une ville pour \u00e9lever un enfant et un jeune.\u00a0\u00bb<br \/>\n\u00ab\u00a0A Gennevilliers, la d\u00e9linquance a baiss\u00e9 m\u00eame si tout n\u2019est pas parfait et que des actes de d\u00e9linquance existent encore.\u00a0\u00bb<br \/>\n\u00ab\u00a0L\u2019escalade s\u00e9curitaire aggrave la situation plut\u00f4t que de la r\u00e9sorber.\u00a0\u00bb<\/p>\n<p><em>\u00a0<strong>Sur les politiques jeunesse<\/em>\u00a0<\/strong><br \/>\n\u00ab\u00a0Il faut donner les rennes aux jeunes.\u00a0\u00bb<br \/>\n\u00ab\u00a0Il y a une rupture g\u00e9n\u00e9rationnelle entre les jeunes et ma g\u00e9n\u00e9ration.\u00a0\u00bb<br \/>\n\u00ab\u00a0Aujourd\u2019hui, il y a une jeunesse beaucoup plus encline \u00e0 s\u2019emparer des questions internationales, de climat ou de solidarit\u00e9 par exemple.\u00a0\u00bb<br \/>\n\u00ab\u00a0Dans ma ville, les jeunes sont tr\u00e8s mobilis\u00e9s pour faire des maraudes et aider les SDF.\u00a0\u00bb<br \/>\n\u00ab\u00a0Il faut que les services publics soient aux c\u00f4t\u00e9s des jeunes pour les accompagner.\u00a0\u00bb<\/p>\n<p><em>\u00a0<strong>Sur des villes &#8220;ralenties&#8221;<\/em>\u00a0<\/strong><br \/>\n\u00ab\u00a0Il faut pouvoir organiser du d\u00e9bat, une dispute publique.\u00a0Il faut prendre le temps de le faire. \u00bb<br \/>\n\u00ab\u00a0On a besoin de temps pour se forger des id\u00e9es dans une soci\u00e9t\u00e9 o\u00f9 on a besoin de tout, tout de suite.\u00a0\u00bb<br \/>\n\u00ab\u00a0Il faut le temps de l\u2019exp\u00e9rience pour construire des id\u00e9es et permettre le dialogue de s\u2019installer.\u00a0\u00bb<\/p>\n<p><em>\u00a0<strong>Sur la faiblesse de la gauche et des \u00e9cologistes\u00a0<\/em>\u00a0<\/strong><br \/>\n\u00ab\u00a0La gauche et les \u00e9cologistes sont les plus cons du monde.\u00a0\u00bb<br \/>\n\u00ab\u00a0On aurait pu par exemple, faire la d\u00e9monstration que l\u2019auto-entreprenariat est moins efficace et moins solidaire que le salariat.\u00a0\u00bb<br \/>\n\u00ab\u00a0La division de la gauche est catastrophique. On n\u2019est pas \u00e0 la hauteur des enjeux.\u00a0\u00bb<br \/>\n\u00ab\u00a0Il faudrait reprendre la question de la d\u00e9croissance pour nous obliger \u00e0 repenser notre rapport au travail, nos modes de production, notre rapport \u00e0 la vie et nos rapports entre nous.\u00a0\u00bb<br \/>\n\u00ab\u00a0On doit cr\u00e9er les conditions pour que chacune et chacun retrouvent les conditions du bonheur.\u00a0\u00bb<br \/>\n\u00ab\u00a0Le bonheur n\u2019est pas dans la consommation, la qu\u00eate exclusive du pouvoir d\u2019achat ou la croissance \u00e0 tout prix.\u00a0\u00bb<br \/>\n\u00ab\u00a0Il faut organiser une vraie rupture si on veut s\u2019attaquer aux enjeux de soci\u00e9t\u00e9 et de l\u2019avenir de l\u2019esp\u00e8ce humaine.\u00a0\u00bb<div id='gallery-1' class='gallery galleryid-13370 gallery-columns-3 gallery-size-thumbnail'><figure class='gallery-item'>\n\t\t\t<div class='gallery-icon landscape'>\n\t\t\t\t<a href='https:\/\/archives.regards.fr\/wp-content\/uploads\/2022\/02\/article_midinale-8-85e.png'><img loading=\"lazy\" decoding=\"async\" width=\"150\" height=\"150\" src=\"https:\/\/archives.regards.fr\/wp-content\/uploads\/2022\/02\/article_midinale-8-85e-150x150.png\" class=\"attachment-thumbnail size-thumbnail\" alt=\"article_midinale-8.png\" \/><\/a>\n\t\t\t<\/div><\/figure>\n\t\t<\/div>\n<\/p>\n","protected":false},"excerpt":{"rendered":"<p>Repenser la ville pour mieux vivre ensemble. Dans son nouveau livre, <em>Inventons un nouvel art de vivre populaire<\/em> (\u00c9ditions Arcane 17), Patrice Leclerc, maire de Gennevilliers dans les Hauts-de-Seine, propose de tout repenser de fond en comble : logement, urbanisme, rapport police\/population, culture, sport, d\u00e9mocratie\u2026 Il est l\u2019invit\u00e9 de #LaMidinale.<\/p>\n","protected":false},"author":1039,"featured_media":31454,"comment_status":"open","ping_status":"open","sticky":false,"template":"","format":"standard","meta":{"_themeisle_gutenberg_block_has_review":false,"footnotes":""},"categories":[238],"tags":[293],"class_list":["post-13370","post","type-post","status-publish","format-standard","has-post-thumbnail","hentry","category-la-midinale","tag-entretien"],"_links":{"self":[{"href":"https:\/\/archives.regards.fr\/index.php?rest_route=\/wp\/v2\/posts\/13370","targetHints":{"allow":["GET"]}}],"collection":[{"href":"https:\/\/archives.regards.fr\/index.php?rest_route=\/wp\/v2\/posts"}],"about":[{"href":"https:\/\/archives.regards.fr\/index.php?rest_route=\/wp\/v2\/types\/post"}],"author":[{"embeddable":true,"href":"https:\/\/archives.regards.fr\/index.php?rest_route=\/wp\/v2\/users\/1039"}],"replies":[{"embeddable":true,"href":"https:\/\/archives.regards.fr\/index.php?rest_route=%2Fwp%2Fv2%2Fcomments&post=13370"}],"version-history":[{"count":0,"href":"https:\/\/archives.regards.fr\/index.php?rest_route=\/wp\/v2\/posts\/13370\/revisions"}],"wp:featuredmedia":[{"embeddable":true,"href":"https:\/\/archives.regards.fr\/index.php?rest_route=\/wp\/v2\/media\/31454"}],"wp:attachment":[{"href":"https:\/\/archives.regards.fr\/index.php?rest_route=%2Fwp%2Fv2%2Fmedia&parent=13370"}],"wp:term":[{"taxonomy":"category","embeddable":true,"href":"https:\/\/archives.regards.fr\/index.php?rest_route=%2Fwp%2Fv2%2Fcategories&post=13370"},{"taxonomy":"post_tag","embeddable":true,"href":"https:\/\/archives.regards.fr\/index.php?rest_route=%2Fwp%2Fv2%2Ftags&post=13370"}],"curies":[{"name":"wp","href":"https:\/\/api.w.org\/{rel}","templated":true}]}}