{"id":13364,"date":"2022-02-01T12:33:50","date_gmt":"2022-02-01T11:33:50","guid":{"rendered":"https:\/\/wp.muchomaas.com\/article-pierre-khalfa-il-n-y-aura-pas-de-gauche-ou-d-ecologie-politique-qui-ne-soit-pas\/"},"modified":"2023-06-24T00:24:06","modified_gmt":"2023-06-23T22:24:06","slug":"article-pierre-khalfa-il-n-y-aura-pas-de-gauche-ou-d-ecologie-politique-qui-ne-soit-pas","status":"publish","type":"post","link":"https:\/\/archives.regards.fr\/?p=13364","title":{"rendered":"Pierre Khalfa : \u00ab Il n\u2019y aura pas de gauche ou d\u2019\u00e9cologie politique qui ne soit pas pluraliste \u00bb"},"content":{"rendered":"<p class=\"post_excerpt\">Dans une tribune publi\u00e9e dans <em>Le Monde<\/em>, l\u2019\u00e9conomiste Pierre Khalfa accuse les organisateurs <em>\u00ab d\u2019utiliser l\u2019aspiration l\u00e9gitime \u00e0 l\u2019unit\u00e9 des gauches et de l\u2019\u00e9cologie politique pour promouvoir un social-lib\u00e9ralisme repeint en vert en mettant Christiane Taubira en t\u00eate de gondole \u00bb<\/em>. Il est l\u2019invit\u00e9 de #LaMidinale.<\/p>\n<h2>UNE MIDINALE \u00c0 VOIR&#8230;<\/h2>\n<p><iframe loading=\"lazy\" width=\"490\" height=\"276\" src=\"https:\/\/www.youtube.com\/embed\/xFJGBIqGgJc\" title=\"YouTube video player\" frameborder=\"0\" allow=\"accelerometer; autoplay; clipboard-write; encrypted-media; gyroscope; picture-in-picture\" allowfullscreen><\/iframe><\/p>\n<p>&nbsp;<\/p>\n<p><h2>ET \u00c0 LIRE&#8230;<\/h2>\n<p><em> <strong>Sur les r\u00e9sultats \u00e9conomiques de la France<\/strong> <\/em><br \/>\n\u00ab Les chiffres sont tr\u00e8s largement en trompe-l&#8217;oeil. \u00bb<br \/>\n\u00ab Ce rebond est quasi m\u00e9canique apr\u00e8s une r\u00e9cession qui a \u00e9t\u00e9 extr\u00eamement importante li\u00e9e au Covid. \u00bb<br \/>\n\u00ab Le gouvernement a m\u00eame annonc\u00e9 que dans les ann\u00e9es \u00e0 venir, on va retomber sur des chiffres de croissance de ceux de l\u2019avant Covid, c\u2019est-\u00e0-dire assez faible. \u00bb<br \/>\n\u00ab Vu les politiques men\u00e9es, on reviendra \u00e0 une p\u00e9riode o\u00f9 la demande globale \u00e9tait structurellement insuffisante et o\u00f9 on retrouvera les m\u00eames probl\u00e8mes qu\u2019auparavant en mati\u00e8re de ch\u00f4mage ou de pouvoir d\u2019achat. \u00bb<br \/>\n\u00ab Le gouvernement a fait le job pour sauver l\u2019\u00e9conomie capitaliste. \u00bb<br \/>\n\u00ab Le rebond est tout \u00e0 fait provisoire. \u00bb<\/p>\n<p><em> <strong>Sur la tribune \u00e9conomique initi\u00e9e par la primaire populaire <\/strong>  <\/em><br \/>\n\u00ab Ce qui est avanc\u00e9 ressemble tr\u00e8s largement \u00e0 une \u00e9cologie de march\u00e9. \u00bb<br \/>\n\u00ab Il n\u2019y a pas un mot sur les n\u00e9cessaires r\u00e9glementations publiques pour emp\u00eacher les externalit\u00e9s n\u00e9gatives. Les sanctions financi\u00e8res ne sont m\u00eame pas \u00e9voqu\u00e9es. \u00bb<br \/>\n\u00ab Il faut obliger les entreprises \u00e0 transformer leurs modes de fonctionnement et leur activit\u00e9. \u00bb<br \/>\n\u00ab Les \u00e9conomistes, y compris ceux qui soutenaient la primaire populaire, n\u2019ont pas \u00e9t\u00e9 associ\u00e9s \u00e0 la r\u00e9daction de cette tribune. \u00bb<\/p>\n<p><em> <strong>Sur social-lib\u00e9ralisme vs gauche de transformation <\/strong>  <\/em><br \/>\n\u00ab Je ne pense pas qu\u2019il y ait deux gauches irr\u00e9conciliables. \u00bb<br \/>\n\u00ab L\u2019unit\u00e9 est un combat. \u00bb<br \/>\n\u00ab Il s\u2019agit de savoir dans la gauche et l\u2019\u00e9cologie politique quelle est l\u2019orientation qui sera dominante. Quelle sera celle qui imposera le cap. C\u2019est \u00e7a l\u2019enjeu actuel. \u00bb<br \/>\n\u00ab Le PS est \u00e0 l&#8217;agonie. \u00c7a ne veut pas dire qu\u2019il n\u2019y a pas de place en France pour une orientation social-lib\u00e9rale peut-\u00eatre un peu gauchie, verdie. \u00bb<br \/>\n\u00ab L\u2019enjeu \u00e0 gauche, c\u2019est qui donne le cap. \u00c7a ne veut pas dire que les gauches sont irr\u00e9conciliables. \u00bb<br \/>\n\u00ab L\u2019unit\u00e9 doit se faire sur un contenu. \u00bb<br \/>\n\u00ab L\u2019\u00e9cologie port\u00e9e par Jadot n\u2019est pas strictement une \u00e9cologie social-lib\u00e9rale ou de march\u00e9. \u00bb<br \/>\n\u00ab L\u2019\u00e9lectorat \u00e9cologiste n\u2019est pas un \u00e9lectorat pour une \u00e9cologie social-lib\u00e9rale. \u00bb<br \/>\n\u00ab Il y a une n\u00e9cessit\u00e9 de l\u2019unit\u00e9 \u00e0 gauche et dans l\u2019\u00e9cologie politique mais il faut que cette unit\u00e9 se fasse sur un contenu transformateur. \u00bb<\/p>\n<p><em> <strong>Sur la social-d\u00e9mocratie<\/strong> <\/em><br \/>\n\u00ab Il faut faire une distinction entre la social-d\u00e9mocratie et le social-lib\u00e9ralisme : la social-d\u00e9mocratie \u00e9tait historiquement anti-lib\u00e9rale alors que le social-lib\u00e9ralisme accompagne la dynamique du capital. \u00bb<br \/>\n\u00ab Quand Fran\u00e7ois Hollande dit qu\u2019il est social-d\u00e9mocrate, c\u2019est faux : c\u2019est un social-lib\u00e9ral l\u00e9g\u00e8rement humaniste. \u00bb<\/p>\n<p><strong> <em>Sur la Primaire populaire<\/em> <\/strong><br \/>\n\u00ab Ce qu\u2019a fait la Primaire populaire est tout \u00e0 fait positif : elle a fait entrer en mouvement des centaines de milliers de personnes. \u00bb<br \/>\n\u00ab Les moqueries [quant au mode de d\u00e9signation \u00e0 jugement majoritaire] sont hors de propos. L\u2019avantage, c\u2019est que cela permet d\u2019avoir un jugement plus mod\u00e9r\u00e9 et complet sur les diff\u00e9rents candidats. Le d\u00e9savantage, c\u2019est que cela pousse vers la recherche du candidat ou de la candidate le ou la moins clivant-e. \u00bb<br \/>\n \u00ab Il n\u2019y aura pas de gauche ou d\u2019\u00e9cologie politique qui ne soit pas pluraliste et qui n\u2019accepte pas la diversit\u00e9 des points de vue. \u00bb<br \/>\n\u00ab Il faut qu&#8217;il y ait des courants mais qui travaillent ensemble. \u00bb<\/p>\n<p><em> <strong>Sur l&#8217;apr\u00e8s-2022<\/strong> <\/em><br \/>\n\u00ab La d\u00e9faite est probable, pas obligatoire. \u00bb<br \/>\n\u00ab Il faut une recomposition de la gauche et des \u00e9cologistes. Il faudra prendre des initiatives. \u00bb<br \/>\n\u00ab Nous sommes dans une situation caricaturale qui risque d\u2019amener une d\u00e9faite. \u00bb<div id='gallery-1' class='gallery galleryid-13364 gallery-columns-3 gallery-size-thumbnail'><figure class='gallery-item'>\n\t\t\t<div class='gallery-icon landscape'>\n\t\t\t\t<a href='https:\/\/archives.regards.fr\/wp-content\/uploads\/2022\/02\/article_midinale-5-7d7.png'><img loading=\"lazy\" decoding=\"async\" width=\"150\" height=\"150\" src=\"https:\/\/archives.regards.fr\/wp-content\/uploads\/2022\/02\/article_midinale-5-7d7-150x150.png\" class=\"attachment-thumbnail size-thumbnail\" alt=\"article_midinale-5.png\" \/><\/a>\n\t\t\t<\/div><\/figure>\n\t\t<\/div>\n<\/p>\n","protected":false},"excerpt":{"rendered":"<p>Dans une tribune publi\u00e9e dans <em>Le Monde<\/em>, l\u2019\u00e9conomiste Pierre Khalfa accuse les organisateurs <em>\u00ab d\u2019utiliser l\u2019aspiration l\u00e9gitime \u00e0 l\u2019unit\u00e9 des gauches et de l\u2019\u00e9cologie politique pour promouvoir un social-lib\u00e9ralisme repeint en vert en mettant Christiane Taubira en t\u00eate de gondole \u00bb<\/em>. Il est l\u2019invit\u00e9 de #LaMidinale.<\/p>\n","protected":false},"author":1204,"featured_media":31425,"comment_status":"open","ping_status":"open","sticky":false,"template":"","format":"standard","meta":{"_themeisle_gutenberg_block_has_review":false,"footnotes":""},"categories":[238],"tags":[],"class_list":["post-13364","post","type-post","status-publish","format-standard","has-post-thumbnail","hentry","category-la-midinale"],"_links":{"self":[{"href":"https:\/\/archives.regards.fr\/index.php?rest_route=\/wp\/v2\/posts\/13364","targetHints":{"allow":["GET"]}}],"collection":[{"href":"https:\/\/archives.regards.fr\/index.php?rest_route=\/wp\/v2\/posts"}],"about":[{"href":"https:\/\/archives.regards.fr\/index.php?rest_route=\/wp\/v2\/types\/post"}],"author":[{"embeddable":true,"href":"https:\/\/archives.regards.fr\/index.php?rest_route=\/wp\/v2\/users\/1204"}],"replies":[{"embeddable":true,"href":"https:\/\/archives.regards.fr\/index.php?rest_route=%2Fwp%2Fv2%2Fcomments&post=13364"}],"version-history":[{"count":0,"href":"https:\/\/archives.regards.fr\/index.php?rest_route=\/wp\/v2\/posts\/13364\/revisions"}],"wp:featuredmedia":[{"embeddable":true,"href":"https:\/\/archives.regards.fr\/index.php?rest_route=\/wp\/v2\/media\/31425"}],"wp:attachment":[{"href":"https:\/\/archives.regards.fr\/index.php?rest_route=%2Fwp%2Fv2%2Fmedia&parent=13364"}],"wp:term":[{"taxonomy":"category","embeddable":true,"href":"https:\/\/archives.regards.fr\/index.php?rest_route=%2Fwp%2Fv2%2Fcategories&post=13364"},{"taxonomy":"post_tag","embeddable":true,"href":"https:\/\/archives.regards.fr\/index.php?rest_route=%2Fwp%2Fv2%2Ftags&post=13364"}],"curies":[{"name":"wp","href":"https:\/\/api.w.org\/{rel}","templated":true}]}}