{"id":13361,"date":"2022-01-31T18:17:24","date_gmt":"2022-01-31T17:17:24","guid":{"rendered":"https:\/\/wp.muchomaas.com\/article-noel-mamere-taubira-ne-peut-pas-rassembler-donc-je-soutiens-jadot\/"},"modified":"2023-06-24T00:23:57","modified_gmt":"2023-06-23T22:23:57","slug":"article-noel-mamere-taubira-ne-peut-pas-rassembler-donc-je-soutiens-jadot","status":"publish","type":"post","link":"https:\/\/archives.regards.fr\/?p=13361","title":{"rendered":"No\u00ebl Mam\u00e8re : \u00ab Taubira ne peut pas rassembler donc je soutiens Jadot \u00bb"},"content":{"rendered":"<p class=\"post_excerpt\">Lendemain de primaire populaire qu&#8217;il avait soutenue, No\u00ebl Mam\u00e8re, ancien candidat \u00e0 l\u2019\u00e9lection pr\u00e9sidentielle de 2002 et auteur de <em>Le Cas Zemmour. Comment en est-on arriv\u00e9 l\u00e0 ?<\/em> aux Editions Les Petits Matins, est l\u2019invit\u00e9 de #LaMidinale.<\/p>\n<h2>UNE MIDINALE \u00c0 VOIR&#8230;<\/h2>\n<p><iframe loading=\"lazy\" width=\"490\" height=\"276\" src=\"https:\/\/www.youtube.com\/embed\/osYlsKApXxM\" title=\"YouTube video player\" frameborder=\"0\" allow=\"accelerometer; autoplay; clipboard-write; encrypted-media; gyroscope; picture-in-picture\" allowfullscreen><\/iframe><\/p>\n<p>&nbsp;<\/p>\n<p><h2>ET \u00c0 LIRE&#8230;<\/h2>\n<p><em> <strong>Sur la primaire populaire<\/strong> <\/em><br \/>\n\u00ab Je maintiens mon soutien \u00e0 Yannick Jadot. \u00bb<br \/>\n\u00ab La transformation de la soci\u00e9t\u00e9 se fera autour des questions que pose l\u2019\u00e9cologie. \u00bb<br \/>\n\u00ab L\u2019\u00e9cologie fait partie des priorit\u00e9s des Fran\u00e7ais, et pas l\u2019identit\u00e9, l\u2019immigration ou la s\u00e9curit\u00e9. \u00bb<br \/>\n\u00ab Je ne vois pas au nom de quoi, en 2022, il n\u2019y aurait pas d\u2019\u00e9cologiste pour d\u00e9fendre ce projet de soci\u00e9t\u00e9 [l\u2019\u00e9cologie]. \u00bb<br \/>\n\u00ab L\u2019initiative de la primaire populaire a \u00e9t\u00e9 lanc\u00e9e il y a un an dans le silence et le m\u00e9pris le plus total. Elle m\u00e9ritait qu\u2019on y accorde plus d\u2019importance. \u00bb<br \/>\n\u00ab Je regrette que les \u00e9cologistes et Yannick Jadot aient tard\u00e9 \u00e0 reconna\u00eetre que les organisateurs de la primaire \u00e9taient respectables. \u00bb<br \/>\n\u00ab Le syst\u00e8me du vote de la primaire populaire au jugement majoritaire m\u00e9rite est un syst\u00e8me qu\u2019il faut regarder de plus pr\u00e8s. \u00bb<\/p>\n<p><em> <strong>Sur Christiane Taubira<\/strong> <\/em><br \/>\n\u00ab D\u2019une certaine mani\u00e8re, Christiane Taubira est une candidate de plus. \u00bb<br \/>\n\u00ab Christiane Taubira ne parviendra pas \u00e0 rassembler. \u00bb<br \/>\n\u00ab Malgr\u00e9 ses qualit\u00e9s et son talent, elle n\u2019a pas le projet assez solide pour rassembler. Les autres candidats ont un vrai projet construit et chiffr\u00e9. \u00bb<br \/>\n\u00ab \u00c0 moins de 70 jours de l\u2019\u00e9lection pr\u00e9sidentielle, il est utile que les Fran\u00e7ais sachent o\u00f9 on veut les conduire. \u00bb<\/p>\n<p><em> <strong>Sur Anne Hidalgo et la social-d\u00e9mocratie<\/strong> <\/em><br \/>\n\u00ab Anne Hidalgo n\u2019est que le r\u00e9v\u00e9lateur d\u2019une social-d\u00e9mocratie qui n\u2019a pas su comprendre son temps &#8211; en tout cas pour ce qui concerne la France. \u00bb<br \/>\n\u00ab L\u2019\u00e9chec de la social-d\u00e9mocratie a commenc\u00e9 il y a longtemps, dans les ann\u00e9es 80 quand la gauche a fait son tournant lib\u00e9ral et n\u2019a pas vu les \u00e9volutions de la soci\u00e9t\u00e9 : les effets de la mondialisation, la crise climatique qui \u00e9tait d\u00e9j\u00e0 \u00e0 l\u2019oeuvre, la financiarisation de l\u2019\u00e9conomie fran\u00e7aise, le creusement des in\u00e9galit\u00e9s, la pr\u00e9carisation des cat\u00e9gories les plus populaires et un \u00e9loignement progressif de l\u2019\u00e9lectorat classique de la social-d\u00e9mocratie vers l\u2019abstention plus que vers l\u2019extr\u00eame droite. \u00bb<br \/>\n\u00ab Je ne suis pas s\u00fbr qu\u2019Anne Hidalgo puisse aller jusqu\u2019au bout. \u00bb<\/p>\n<p><em> <strong>Sur l\u2019extr\u00eame droite et le rassemblement de la gauche <\/strong>  <\/em><br \/>\n\u00ab \u00c7a n\u2019est pas simplement le poids de l\u2019extr\u00eame droite qui devrait justifier le rassemblement de la gauche et des \u00e9cologistes. C\u2019est la volont\u00e9 de rendre la vie meilleure, moins dure, moins brutale. \u00bb<br \/>\n\u00ab L\u2019effacement politique de la gauche a conduit \u00e0 l\u2019\u00e9mergence de la pens\u00e9e d\u2019extr\u00eame droite. \u00bb<br \/>\n\u00ab Il faut bien qu\u2019il y ait une gauche, une coalition, qui r\u00e9siste et soit l\u2019antidote du bloc national-populiste. \u00bb<br \/>\n\u00ab Il y a un d\u00e9calage entre le temps politique et la soci\u00e9t\u00e9. \u00bb<\/p>\n<p><em> <strong>Sur le d\u00e9bat m\u00e9diatique <\/strong>  <\/em><br \/>\n\u00ab Il est tr\u00e8s difficile, dans une soci\u00e9t\u00e9 o\u00f9 on pr\u00e9sente le monde comme binaire, d\u2019introduire de la complexit\u00e9. La pens\u00e9e \u00e9cologiste n\u2019est pas une pens\u00e9e binaire, c\u2019est une pens\u00e9e complexe. \u00bb<br \/>\n\u00ab Il n\u2019y a plus de d\u00e9bat. La culture, c\u2019est celle du clash. \u00bb<br \/>\n\u00ab On invite les gens \u00e0 la t\u00e9l\u00e9vision pour qu\u2019ils se tapent dessus et non pas pour qu\u2019ils y ait des explications. \u00bb<br \/>\n\u00ab On est dans un monde o\u00f9 les politiques jouent cyniquement sur les peurs. \u00bb<br \/>\n\u00ab L\u2019instrumentalisation de la peur n\u2019est rien d\u2019autre que la m\u00e9taphore d\u2019une soci\u00e9t\u00e9 de plus en plus faible et d\u2019une d\u00e9mocratie tr\u00e8s affaiblie et malade. \u00bb<\/p>\n<p><em> <strong>Sur la responsabilit\u00e9 de la gauche <\/strong>  <\/em><br \/>\n\u00ab La responsabilit\u00e9 n\u2019est pas simplement celle de la droite : la gauche a jou\u00e9 un r\u00f4le important dans la prosp\u00e9rit\u00e9 de Zemmour et de l\u2019extr\u00eame droite. Je pense en particulier \u00e0 la p\u00e9riode Hollande-Valls. \u00bb<br \/>\n\u00ab Les reculs de la gauche ont conduit au fait que la gauche n\u2019a plus \u00e9t\u00e9 le rempart contre les id\u00e9es pernicieuses. \u00bb<br \/>\n\u00ab La vague d\u2019immigration est une vaguelette. \u00c7a n\u2019est pas cr\u00e9dible. Mais les Fran\u00e7ais le croient parce qu\u2019on ne leur dit pas autre chose. \u00bb<br \/>\n\u00ab Sur les sujets migratoires, la gauche a \u00e9t\u00e9 un enc\u00e9phalogramme plat. Elle n\u2019a rien dit. Face \u00e0 la droite et \u00e0 l\u2019extr\u00eame droite, la gauche n\u2019a pas os\u00e9 affirmer ses valeurs. \u00bb<\/p>\n<p><em> <strong>Sur le quinquennat de Macron <\/strong>  <\/em><br \/>\n\u00ab Emmanuel Macron joue un r\u00f4le d\u00e9testable. \u00bb<br \/>\n\u00ab Le &#8220;en m\u00eame temps&#8221; n\u2019est rien d\u2019autre qu\u2019exalter le m\u00e9rite. \u00bb<br \/>\n\u00ab Macron a men\u00e9 une politique s\u00e9curitaire. \u00bb<br \/>\n\u00ab Il y a eu des reculs tr\u00e8s importants dans le quinquennat de Macron. \u00bb<br \/>\n\u00ab En expliquant lors des v\u0153ux aux Fran\u00e7ais qu\u2019on a des devoirs avant des droits, il inverse la pyramide r\u00e9publicaine et c\u2019est extr\u00eamement dangereux. \u00bb<br \/>\n\u00ab Tous les outils sont l\u00e0 pour ceux qui demain pourraient arriver au pouvoir. Ils n\u2019auraient pas besoin de changer grand chose. \u00bb<\/p>\n<p><em> <strong>Sur l&#8217;opposition faite par Zemmour entre quartiers populaires et ruralit\u00e9<\/strong> <\/em><br \/>\n\u00ab C&#8217;est un retour \u00e0 la th\u00e9orie p\u00e9tainiste de &#8220;la terre qui ne ment pas&#8221;. Il veut nous r\u00e9inventer un monde qui a disparu, d&#8217;une France des ann\u00e9es 50 qui \u00e9tait \u00e0 90% agricole \u2013 et qui ne l&#8217;est plus. Il dispara\u00eet \u00e0 peu pr\u00e8s 100.000 agriculteurs par an dans ce pays, notamment depuis la r\u00e9volution verte initi\u00e9e par de Gaulle. \u00bb<br \/>\n\u00ab Les \u00e9cologistes ne proposent pas de revenir \u00e0 une France qui peut r\u00e9appara\u00eetre, mais \u00e0 r\u00e9inventer l&#8217;agriculture dans un sens qui soit plus respectueux des paysans, de l&#8217;environnement et de la sant\u00e9. C&#8217;est quand m\u00eame un autre projet qui, lui, permettrait de faire revenir des paysans \u00e0 la terre. \u00bb<\/p>\n<p><em> <strong>Sur le probl\u00e8me de Zemmour avec les femmes<\/strong> <\/em><br \/>\n\u00ab \u00c7a rel\u00e8ve du psy. Sa d\u00e9testation des femmes est une interrogation. Comment peut-on \u00e0 ce point-l\u00e0 avoir un regard sur les femmes qui soit aussi violent, m\u00e9prisant ? On a l&#8217;impression qu&#8217;il voudrait effacer les femmes. \u00bb<br \/>\n\u00ab Zemmour a une relation tr\u00e8s ambigu\u00eb aux femmes. \u00bb<br \/>\n\u00ab Vouloir les rel\u00e9guer \u00e0 une place de subalternes, de soumissions, de domination, c&#8217;est pas nouveau dans la pens\u00e9e r\u00e9actionnaire. \u00bb<br \/>\n\u00ab Dans sa conception viriliste de la soci\u00e9t\u00e9, il faut associer sa vision des femmes \u00e0 sa vision des homosexuels. Les deux sont un facteur de d\u00e9virilisation de la soci\u00e9t\u00e9. \u00bb<\/p>\n<p><em> <strong>Comment qualifier le \u00ab zemmourisme \u00bb ?<\/strong> <\/em><br \/>\n\u00ab Je n&#8217;aime pas beaucoup cette expression. Le zemmourisme n&#8217;existe pas. Zemmour arrive \u00e0 un moment donn\u00e9 o\u00f9 la pens\u00e9e politique de la droite et de la gauche ont permis, dans un premier temps, l&#8217;av\u00e8nement de Macron. Zemmour n&#8217;est que l&#8217;incarnation de la r\u00e9surgence de la prosp\u00e9rit\u00e9 de la pens\u00e9e de droite et d&#8217;extr\u00eame droite. \u00bb<br \/>\n\u00ab Marine Le Pen a tout fait pour essayer de d\u00e9diaboliser l&#8217;image de l&#8217;extr\u00eame droite. Zemmour revient \u00e0 une extr\u00eame droite classique, avec des mots d&#8217;une violence inou\u00efe, des infamies qui deviennent banales. C&#8217;est tr\u00e8s inqui\u00e9tant. Il y a 20 ans, pour ce qu&#8217;il raconte, on serait descendu dans la rue. \u00bb<br \/>\n\u00ab Les m\u00e9dias vont l\u00e0 o\u00f9 il y a de la lumi\u00e8re. C&#8217;est l&#8217;effet r\u00e9verb\u00e8re. Pour aller au-del\u00e0 de la lumi\u00e8re, il faut prendre son temps, \u00e7a co\u00fbte cher, il y a une \u00e9conomie de l&#8217;information. \u00bb<\/p>\n<p><em> <strong>Sur l&#8217;union des droites<\/strong> <\/em><br \/>\n\u00ab Zemmour n&#8217;a qu&#8217;une obsession en t\u00eate : le jour d&#8217;apr\u00e8s. Son projet, c&#8217;est celui de l&#8217;union des droites. \u00c7a peut fonctionner : Marine Le Pen ne sera pas candidate une 4\u00e8me fois. Sa ni\u00e8ce, Marion Mar\u00e9chal \u2013 qui incarne cette extr\u00eame droite qui ne s&#8217;est pas d\u00e9pouill\u00e9e de ses oripeaux \u2013 se prononce d\u00e9j\u00e0 pour Zemmour. Une partie de la droite est en train de la rejoindre. \u00bb<br \/>\n\u00ab On verra ce que font Wauquiez et Ciotti. Ciotti a dit qu&#8217;en cas de second tour Zemmour-Macron, il voterait pour Zemmour. \u00bb<br \/>\n\u00ab Les digues tombent petit \u00e0 petit. \u00bb<br \/>\n\u00ab Contrairement \u00e0 ce que l&#8217;on dit, Zemmour n&#8217;est pas l&#8217;ennemi de Le Pen. Ils sont compl\u00e9mentaires. Elle a un \u00e9lectorat plus populaire alors que lui a un \u00e9lectorat bourgeois. \u00bb<\/p>\n<p><em> <strong>Sur la proposition de rendre in\u00e9ligible toute personne condamn\u00e9e pour incitation \u00e0 la haine raciale<\/strong> <\/em><br \/>\n\u00ab Ce n&#8217;est pas sur le terrain judiciaire qu&#8217;il faut aller, c&#8217;est sur le terrain politique. \u00bb<br \/>\n\u00ab Quand on va sur le terrain judiciaire, c&#8217;est qu&#8217;on n&#8217;est plus capable de lutter politiquement. C&#8217;est l&#8217;expression d&#8217;une faiblesse. \u00bb<div id='gallery-1' class='gallery galleryid-13361 gallery-columns-3 gallery-size-thumbnail'><figure class='gallery-item'>\n\t\t\t<div class='gallery-icon landscape'>\n\t\t\t\t<a href='https:\/\/archives.regards.fr\/wp-content\/uploads\/2022\/01\/article_midinale-4-401.png'><img loading=\"lazy\" decoding=\"async\" width=\"150\" height=\"150\" src=\"https:\/\/archives.regards.fr\/wp-content\/uploads\/2022\/01\/article_midinale-4-401-150x150.png\" class=\"attachment-thumbnail size-thumbnail\" alt=\"article_midinale-4.png\" \/><\/a>\n\t\t\t<\/div><\/figure>\n\t\t<\/div>\n<\/p>\n","protected":false},"excerpt":{"rendered":"<p>Lendemain de primaire populaire qu&#8217;il avait soutenue, No\u00ebl Mam\u00e8re, ancien candidat \u00e0 l\u2019\u00e9lection pr\u00e9sidentielle de 2002 et auteur de <em>Le Cas Zemmour. Comment en est-on arriv\u00e9 l\u00e0 ?<\/em> aux Editions Les Petits Matins, est l\u2019invit\u00e9 de #LaMidinale.<\/p>\n","protected":false},"author":1039,"featured_media":31417,"comment_status":"open","ping_status":"open","sticky":false,"template":"","format":"standard","meta":{"_themeisle_gutenberg_block_has_review":false,"footnotes":""},"categories":[238],"tags":[293],"class_list":["post-13361","post","type-post","status-publish","format-standard","has-post-thumbnail","hentry","category-la-midinale","tag-entretien"],"_links":{"self":[{"href":"https:\/\/archives.regards.fr\/index.php?rest_route=\/wp\/v2\/posts\/13361","targetHints":{"allow":["GET"]}}],"collection":[{"href":"https:\/\/archives.regards.fr\/index.php?rest_route=\/wp\/v2\/posts"}],"about":[{"href":"https:\/\/archives.regards.fr\/index.php?rest_route=\/wp\/v2\/types\/post"}],"author":[{"embeddable":true,"href":"https:\/\/archives.regards.fr\/index.php?rest_route=\/wp\/v2\/users\/1039"}],"replies":[{"embeddable":true,"href":"https:\/\/archives.regards.fr\/index.php?rest_route=%2Fwp%2Fv2%2Fcomments&post=13361"}],"version-history":[{"count":0,"href":"https:\/\/archives.regards.fr\/index.php?rest_route=\/wp\/v2\/posts\/13361\/revisions"}],"wp:featuredmedia":[{"embeddable":true,"href":"https:\/\/archives.regards.fr\/index.php?rest_route=\/wp\/v2\/media\/31417"}],"wp:attachment":[{"href":"https:\/\/archives.regards.fr\/index.php?rest_route=%2Fwp%2Fv2%2Fmedia&parent=13361"}],"wp:term":[{"taxonomy":"category","embeddable":true,"href":"https:\/\/archives.regards.fr\/index.php?rest_route=%2Fwp%2Fv2%2Fcategories&post=13361"},{"taxonomy":"post_tag","embeddable":true,"href":"https:\/\/archives.regards.fr\/index.php?rest_route=%2Fwp%2Fv2%2Ftags&post=13361"}],"curies":[{"name":"wp","href":"https:\/\/api.w.org\/{rel}","templated":true}]}}