{"id":13356,"date":"2022-01-28T16:19:58","date_gmt":"2022-01-28T15:19:58","guid":{"rendered":"https:\/\/wp.muchomaas.com\/article-en-maintenant-georges-ibrahim-abdallah-en-prison-la-france-defend-ses-interets\/"},"modified":"2023-06-24T00:23:51","modified_gmt":"2023-06-23T22:23:51","slug":"article-en-maintenant-georges-ibrahim-abdallah-en-prison-la-france-defend-ses-interets","status":"publish","type":"post","link":"https:\/\/archives.regards.fr\/?p=13356","title":{"rendered":"\u00ab En maintenant Georges Ibrahim Abdallah en prison, la France d\u00e9fend ses int\u00e9r\u00eats au Liban \u00bb"},"content":{"rendered":"<p class=\"post_excerpt\">Geaorges Abdallah est un militant communiste libanais, combattant de la r\u00e9sistance palestinienne. Il est emprisonn\u00e9 en France depuis 1984 pour avoir particip\u00e9 \u00e0 des actions de r\u00e9sistance contre l\u2019occupation isra\u00e9lienne du Liban au d\u00e9but des ann\u00e9es 1980. Hier, le tribunal administratif a annonc\u00e9 rendre sa d\u00e9cision le 10 f\u00e9vrier prochain s\u2019agissant de l&#8217;arr\u00eat\u00e9 d&#8217;expulsion qui conditionne la lib\u00e9ration de Georges Abdallah. Tom Martin, porte-parole du Collectif Palestine Vaincra, est l&#8217;invit\u00e9 de #LaMidinale.\n<\/p>\n<h2>UNE MIDINALE \u00c0 VOIR&#8230;<\/h2>\n<p><iframe loading=\"lazy\" width=\"490\" height=\"276\" src=\"https:\/\/www.youtube.com\/embed\/DaHmjvhU77w\" title=\"YouTube video player\" frameborder=\"0\" allow=\"accelerometer; autoplay; clipboard-write; encrypted-media; gyroscope; picture-in-picture\" allowfullscreen><\/iframe><\/p>\n<p>&nbsp;<\/p>\n<p><h2>ET \u00c0 LIRE&#8230;<\/h2>\n<p><strong>Sur l\u2019\u00e9tat de Georges Ibrahim Abdallah<br \/>\n<\/strong><br \/>\n\u00ab Georges Ibrahim Abdallah va tr\u00e8s bien : c\u2019est un homme qui est d\u00e9termin\u00e9 et debout. \u00bb<br \/>\n\u00ab Georges Ibrahim Abdallah est un militant r\u00e9volutionnaire et intellectuel libanais. \u00bb<br \/>\n\u00ab Cela fait 37 ans que Georges Ibrahim Abdallah reste fid\u00e8le \u00e0 ses principes. \u00bb<\/p>\n<p><strong>Sur le caract\u00e8re politique de sa d\u00e9tention<br \/>\n<\/strong><br \/>\n\u00ab La d\u00e9tention de Georges Ibrahim Abdallah n\u2019est pas \u00e0 caract\u00e8re juridique mais politique. \u00bb<br \/>\n\u00ab Son arrestation puis sa d\u00e9tention ont \u00e9t\u00e9 le th\u00e9\u00e2tre de nombreuses irr\u00e9gularit\u00e9s, notamment du fait de son avocat qui a r\u00e9v\u00e9l\u00e9 plus tard avoir travaill\u00e9 pour les services secrets fran\u00e7ais. \u00bb<br \/>\n\u00ab Une note de la DST au d\u00e9but des ann\u00e9es 2000 explique que le retour de Georges Ibrahim Abdallah serait f\u00eat\u00e9, qu\u2019il serait vu comme un grand leader de la gauche r\u00e9volutionnaire et que cela pourrait \u00eatre dommageable aux int\u00e9r\u00eats de la France. \u00bb<br \/>\n\u00ab En maintenant Georges Ibrahim Abdallah en prison, la France d\u00e9fend ses int\u00e9r\u00eats au Liban. \u00bb<br \/>\n\u00ab On l\u2019a vu quand Emmanuel Macron est all\u00e9 \u00e0 Beyrouth : la France a une position n\u00e9ocoloniale vis-\u00e0-vis du Liban. Or Georges Ibrahim Abdallah est un militant anticolonialiste et anti-imp\u00e9rialiste. \u00bb<br \/>\n\u00ab Le sujet de Georges Ibrahim Abdallah est discut\u00e9 au plus haut niveau des Etats libanais et fran\u00e7ais. \u00bb<br \/>\n\u00ab Georges Ibrahim Abdallah n\u2019est pas encore assez connu en France alors que c\u2019est le plus ancien prisonnier politique d\u2019Europe. \u00bb<br \/>\n\u00ab Georges Ibrahim Abdallah a fait 8 demandes de lib\u00e9ration conditionnelle et la derni\u00e8re a \u00e9t\u00e9 accept\u00e9e par la justice. Le tribunal d\u2019application des peines en premi\u00e8re instance et aussi en appel a valid\u00e9 cette d\u00e9cision mais elle \u00e9tait conditionn\u00e9e \u00e0 un arr\u00eat\u00e9 d\u2019expulsion qui devait \u00eatre sign\u00e9 par le ministre de l\u2019Int\u00e9rieur, Manuel Valls. \u00bb<br \/>\n\u00ab La situation est bloqu\u00e9e au plus haut niveau de l\u2019Etat, au minist\u00e8re de l\u2019Int\u00e9rieur, dans les mains de G\u00e9rald Darmanin. \u00bb<\/p>\n<p><strong>Sur la mobilisation pour la lib\u00e9ration de Georges Ibrahim Abdallah<br \/>\n<\/strong><br \/>\n\u00ab En France, un large arc politique a d\u00e9j\u00e0 affirm\u00e9 son soutien : la France insoumise, le Parti communiste, le NPA, Lutte ouvri\u00e8re, R\u00e9volution Permanente. \u00bb<br \/>\n\u00ab Ce qui compte, c\u2019est de r\u00e9ussir \u00e0 porter le sujet Georges Ibrahim Abdallah sur le devant de la sc\u00e8ne. \u00bb<br \/>\n\u00ab Il y a un d\u00e9dain du gouvernement Macron sur cette question. \u00bb<br \/>\n\u00ab Lors de sa venue \u00e0 Beyrouth en 2020, Emmanuel Macron a \u00e9t\u00e9 interpel\u00e9 sur la question de Georges Ibrahim Abdallah et il a r\u00e9pondu qu\u2019il fallait qu\u2019il signe : le gouvernement fran\u00e7ais exige un acte de repentir de sa part. On est donc bien face \u00e0 un probl\u00e8me politique. \u00bb<br \/>\n\u00ab Ce que le gouvernement fran\u00e7ais reproche \u00e0 Georges Ibrahim Abdallah, c\u2019est qu\u2019il est un communiste libanais, militant pour la Palestine. \u00bb<br \/>\n\u00ab Il y a des pressions \u00e9tasuniennes, il y a des pressions isra\u00e9liennes mais la France est souveraine. \u00bb<br \/>\n\u00ab Le maintien en d\u00e9tention de Georges Ibrahim Abdallah est un choix du gouvernement fran\u00e7ais. \u00bb<br \/>\n<div id='gallery-1' class='gallery galleryid-13356 gallery-columns-3 gallery-size-thumbnail'><figure class='gallery-item'>\n\t\t\t<div class='gallery-icon landscape'>\n\t\t\t\t<a href='https:\/\/archives.regards.fr\/wp-content\/uploads\/2022\/01\/article_midinale-3-f23.png'><img loading=\"lazy\" decoding=\"async\" width=\"150\" height=\"150\" src=\"https:\/\/archives.regards.fr\/wp-content\/uploads\/2022\/01\/article_midinale-3-f23-150x150.png\" class=\"attachment-thumbnail size-thumbnail\" alt=\"article_midinale-3.png\" \/><\/a>\n\t\t\t<\/div><\/figure>\n\t\t<\/div>\n<\/p>\n","protected":false},"excerpt":{"rendered":"<p>Geaorges Abdallah est un militant communiste libanais, combattant de la r\u00e9sistance palestinienne. Il est emprisonn\u00e9 en France depuis 1984 pour avoir particip\u00e9 \u00e0 des actions de r\u00e9sistance contre l\u2019occupation isra\u00e9lienne du Liban au d\u00e9but des ann\u00e9es 1980. Hier, le tribunal administratif a annonc\u00e9 rendre sa d\u00e9cision le 10 f\u00e9vrier prochain s\u2019agissant de l&#8217;arr\u00eat\u00e9 d&#8217;expulsion qui conditionne la lib\u00e9ration de Georges Abdallah. Tom Martin, porte-parole du Collectif Palestine Vaincra, est l&#8217;invit\u00e9 de #LaMidinale.<\/p>\n","protected":false},"author":1039,"featured_media":31409,"comment_status":"open","ping_status":"open","sticky":false,"template":"","format":"standard","meta":{"_themeisle_gutenberg_block_has_review":false,"footnotes":""},"categories":[238],"tags":[293],"class_list":["post-13356","post","type-post","status-publish","format-standard","has-post-thumbnail","hentry","category-la-midinale","tag-entretien"],"_links":{"self":[{"href":"https:\/\/archives.regards.fr\/index.php?rest_route=\/wp\/v2\/posts\/13356","targetHints":{"allow":["GET"]}}],"collection":[{"href":"https:\/\/archives.regards.fr\/index.php?rest_route=\/wp\/v2\/posts"}],"about":[{"href":"https:\/\/archives.regards.fr\/index.php?rest_route=\/wp\/v2\/types\/post"}],"author":[{"embeddable":true,"href":"https:\/\/archives.regards.fr\/index.php?rest_route=\/wp\/v2\/users\/1039"}],"replies":[{"embeddable":true,"href":"https:\/\/archives.regards.fr\/index.php?rest_route=%2Fwp%2Fv2%2Fcomments&post=13356"}],"version-history":[{"count":0,"href":"https:\/\/archives.regards.fr\/index.php?rest_route=\/wp\/v2\/posts\/13356\/revisions"}],"wp:featuredmedia":[{"embeddable":true,"href":"https:\/\/archives.regards.fr\/index.php?rest_route=\/wp\/v2\/media\/31409"}],"wp:attachment":[{"href":"https:\/\/archives.regards.fr\/index.php?rest_route=%2Fwp%2Fv2%2Fmedia&parent=13356"}],"wp:term":[{"taxonomy":"category","embeddable":true,"href":"https:\/\/archives.regards.fr\/index.php?rest_route=%2Fwp%2Fv2%2Fcategories&post=13356"},{"taxonomy":"post_tag","embeddable":true,"href":"https:\/\/archives.regards.fr\/index.php?rest_route=%2Fwp%2Fv2%2Ftags&post=13356"}],"curies":[{"name":"wp","href":"https:\/\/api.w.org\/{rel}","templated":true}]}}