{"id":13353,"date":"2022-01-27T13:19:13","date_gmt":"2022-01-27T12:19:13","guid":{"rendered":"https:\/\/wp.muchomaas.com\/article-patrice-cohen-seat-avec-roussel-melenchon-aurait-une-chance-d-etre-au-second\/"},"modified":"2023-06-24T00:23:46","modified_gmt":"2023-06-23T22:23:46","slug":"article-patrice-cohen-seat-avec-roussel-melenchon-aurait-une-chance-d-etre-au-second","status":"publish","type":"post","link":"https:\/\/archives.regards.fr\/?p=13353","title":{"rendered":"Patrice Cohen-Seat : \u00ab Avec Roussel, M\u00e9lenchon aurait une chance d&#8217;\u00eatre au second tour \u00bb"},"content":{"rendered":"<p class=\"post_excerpt\">Fabien Roussel est partout. Pl\u00e9biscit\u00e9 par les m\u00e9dias, il est aussi largement adoub\u00e9 par le printemps r\u00e9publicain et la droite. Selon les sondages il passe de 1% \u00e0 3%. Le candidat communiste serait-il en dynamique ? Patrice Cohen-Seat, directeur de campagne de Marie-George Buffet en 2007, est l\u2019invit\u00e9 de #LaMidinale.<\/p>\n<h2>UNE MIDINALE \u00c0 VOIR&#8230;<\/h2>\n<p><iframe loading=\"lazy\" width=\"490\" height=\"276\" src=\"https:\/\/www.youtube.com\/embed\/wYrs8Z1_V7o\" title=\"YouTube video player\" frameborder=\"0\" allow=\"accelerometer; autoplay; clipboard-write; encrypted-media; gyroscope; picture-in-picture\" allowfullscreen><\/iframe><\/p>\n<p>&nbsp;<\/p>\n<p><h2>ET \u00c0 LIRE&#8230;<\/h2>\n<p><em> <strong>Sur la candidature de Fabien Roussel<\/strong> <\/em><br \/>\n\u00ab Je suis tr\u00e8s content quand j\u2019entends une voix communiste, en l\u2019occurrence avec Fabien Roussel une voix communiste qui a un certain allant. \u00bb<br \/>\n\u00ab Le probl\u00e8me auquel nous sommes confront\u00e9s, les gens de gauche de gauche, c\u2019est la capacit\u00e9 \u00e0 rassembler un \u00e9lectorat qui est aujourd\u2019hui rassembl\u00e9. \u00bb<br \/>\n\u00ab Si la gauche de gauche n\u2019arrive pas \u00e0 parler d\u2019une seule voix, elle se condamne \u00e0 ne pas exister. \u00bb<br \/>\n\u00ab Je ferai mon choix en fonction de la capacit\u00e9 des candidats \u00e0 rassembler cet \u00e9lectorat de gauche de gauche. \u00bb<br \/>\n\u00ab La performance de M\u00e9lenchon en 2017 \u00e9tait exceptionnelle &#8211; en attirant notamment une partie de l\u2019\u00e9lectorat de Fran\u00e7ois Hollande en 2012 &#8211; et elle n\u2019est pas encore impossible pour 2022. \u00c7a peut encore arriver. \u00bb<br \/>\n\u00ab Fabien Roussel a dit \u00e0 plusieurs reprises que son objectif \u00e9tait de faire 17%. \u00c7a semble tr\u00e8s difficile \u00e0 atteindre. Mais m\u00eame 17%, \u00e7a n\u2019est pas le r\u00e9sultat qu\u2019il faudrait souhaiter pour la gauche aujourd\u2019hui. \u00bb<br \/>\n\u00ab Si M\u00e9lenchon faisait le m\u00eame score aujourd\u2019hui que celui de 2017, compte tenu des intentions de vote pour P\u00e9cresse, Le Pen ou Zemmour, il serait au second tour. \u00bb<\/p>\n<p><em> <strong>Sur le camp id\u00e9ologique du PCF<\/strong> <\/em><br \/>\n\u00ab Sur les questions de la\u00efcit\u00e9, de s\u00e9curit\u00e9, etc. Il y a des d\u00e9rapages de la part de Fabien Roussel. \u00bb<br \/>\n\u00ab Dans la m\u00e9diatisation de la vie politique, il faut faire le buzz. Et c\u2019est une bonne fa\u00e7on de faire le buzz que de faire scandale. C\u2019est tr\u00e8s \u00e9tonnant de voir le candidat communiste sur ces positions-l\u00e0. Donc \u00e7a fait le buzz et \u00e7a contribue \u00e0 la notori\u00e9t\u00e9. \u00bb<br \/>\n\u00ab En reprenant les positions du printemps r\u00e9publicain, de Valls ou de la droite, en faisant le lien entre s\u00e9curit\u00e9, islam et immigration, Roussel avalise les th\u00e8mes de la droite et de l\u2019extr\u00eame droite. Et c\u2019est tr\u00e8s dangereux. \u00bb<br \/>\n\u00ab Le programme de Roussel n\u2019est pas tr\u00e8s diff\u00e9rent de celui qu\u2019on avait avant. Mais celui qu\u2019on avait avant, il fallait continuer de le travailler. \u00bb<br \/>\n\u00ab Le d\u00e9clin du PCF n\u2019a pas commenc\u00e9 dans les ann\u00e9es 2000 comme le pense Fabien Roussel mais \u00e0 la fin des ann\u00e9es 70, d\u00e9but des ann\u00e9es 80 (\u2026). Ce d\u00e9clin a commenc\u00e9 avec Georges Marchais. \u00bb<br \/>\n\u00ab Avec Marie-George Buffet, on a essay\u00e9 de travailler \u00e0 faire \u00e9merger un projet communiste de notre temps. \u00bb<br \/>\n\u00ab En 2008, je disais qu\u2019il fallait aller vers une m\u00e9tamorphose du communisme et de notre parti. \u00bb<br \/>\n\u00ab En faisant un retour en arri\u00e8re \u00e0 ce qu\u2019il appelle les fondamentaux, je crains que Fabien Roussel ne fasse une grosse erreur d\u2019analyse. Une erreur tr\u00e8s co\u00fbteuse. \u00bb <\/p>\n<p><em> <strong>Sur la question sociale et les luttes diverses<\/strong> <\/em><br \/>\n\u00ab On n\u2019a jamais int\u00e9r\u00eat \u00e0 opposer les luttes entre elles. \u00bb<br \/>\n\u00ab Si on ne part pas de ce qu\u2019est la soci\u00e9t\u00e9, donc de ces luttes, on passe \u00e0 c\u00f4t\u00e9 de ce qui est fondamental. Il y a les luttes sociales mais il y a aussi le f\u00e9minisme, les luttes pour les migrants, pour le climat, contre les discriminations. Ce sont des luttes r\u00e9elles. \u00bb<\/p>\n<p><em> <strong>Sur la question \u00e9nerg\u00e9tique <\/strong>  <\/em><br \/>\n\u00ab Je pr\u00e9f\u00e8rerai qu\u2019on essaie de poser les questions fondamentales. \u00bb<br \/>\n\u00ab Le nucl\u00e9aire est un choix politique extr\u00eamement dangereux. \u00bb<br \/>\n\u00ab On peut arriver \u00e0 atteindre les objectifs de la COP21 avec 100% d\u2019\u00e9nergie renouvelable. \u00bb<\/p>\n<p><em> <strong>Sur l\u2019effondrement de la gauche <\/strong>  <\/em><br \/>\n\u00ab Ce qui est le trou noir de la gauche, c\u2019est la question d\u2019une vision de soci\u00e9t\u00e9, d\u2019un projet. \u00bb<br \/>\n\u00ab Au XX\u00e8 si\u00e8cle, la gauche a v\u00e9cu sur une id\u00e9e forte : la prise en main de la production de l\u2019appareil \u00e9conomique par l&#8217;\u00c9tat &#8211; les nationalisations &#8211; (\u2026). C\u2019\u00e9tait l\u2019id\u00e9e que l\u2019Etat g\u00e9rait pour tout le monde dans l\u2019int\u00e9r\u00eat g\u00e9n\u00e9ral pour faire le bonheur de tous. Ce projet a \u00e9chou\u00e9. \u00bb<br \/>\n\u00ab Le capitalisme est en train de tuer le vivant sur terre. Il faut une alternative au capitalisme. Je regrette que la campagne de Fabien Roussel ne soit pas une campagne sur le communisme avec une vision ambitieuse, \u00e9lev\u00e9e, enthousiasmante. \u00bb<br \/>\n\u00ab Dans le d\u00e9sarroi actuel, tout est possible. \u00bb<br \/>\n\u00ab La gauche dans son ensemble n\u2019arrivera \u00e0 monter que si on lui redonne un cap et un id\u00e9al enthousiasmant. \u00bb<\/p>\n<p><em> <strong>Sur l\u2019\u00e9lectorat de gauche<\/strong> <\/em><br \/>\n\u00ab L\u2019image du PCF a \u00e9t\u00e9 ab\u00eem\u00e9e et il n\u2019est plus porteur d\u2019id\u00e9al et de r\u00eave. \u00bb<br \/>\n\u00ab Le fait que les \u00e9lecteurs de M\u00e9lenchon privil\u00e9gieraient plut\u00f4t Jadot que Roussel [sondage Ipsos-Steria pour Le Monde] est li\u00e9e au fait que la question \u00e9cologique est dans tous les esprits. Et \u00e7a n\u2019est pas un hasard. \u00bb<br \/>\n\u00ab La gauche de gauche devrait \u00eatre le c\u0153ur de la gauche. \u00bb<br \/>\n\u00ab M\u00e9lenchon a d\u00e9montr\u00e9 qu\u2019on pouvait rassembler l\u2019essentiel de la gauche autour d\u2019une vision transformatrice de la soci\u00e9t\u00e9. C\u2019est ce qu\u2019il faut faire. \u00bb<br \/>\n\u00ab On attend une transformation, un changement de syst\u00e8me qui r\u00e9ponde aux enjeux d\u2019aujourd\u2019hui. C\u2019est l\u00e0-dessus que la gauche peut faire la diff\u00e9rence. \u00bb<\/p>\n<p><em> <strong>Sur les parrainages des \u00e9lus <\/strong>  <\/em><br \/>\n\u00ab Les \u00e9lus sont les \u00e9lus du peuple. Leurs actes se font au nom des citoyens qui les ont mandat\u00e9s. Un \u00e9lu doit agir en fonction de sa conscience. Donner sa signature et son parrainage est un acte politique important qui doit \u00eatre conforme aux analyses qu\u2019il fait et \u00e0 sa conscience politique. \u00bb<\/p>\n<p><em> <strong>Sur le Parti communiste fran\u00e7ais<\/strong> <\/em><br \/>\n\u00ab Le grand enjeu, c\u2019est qu\u2019on fasse revenir l\u2019id\u00e9e que l\u2019on n\u2019est pas condamn\u00e9 \u00e0 vivre toujours dans une soci\u00e9t\u00e9 capitaliste qui est fond\u00e9e sur la recherche maximale du profit quels que soient les d\u00e9g\u00e2ts. C\u2019est la question centrale. \u00bb<br \/>\n\u00ab Quelle que soit la forme d\u2019organisation, on n\u2019est pas oblig\u00e9 de garder pour toujours le type de parti cr\u00e9\u00e9 au XIX\u00e8 si\u00e8cle. \u00bb<br \/>\n\u00ab Le communisme est le r\u00e8gne du commun. Il faut passer du r\u00e8gne du capital au r\u00e8gne du commun. Et \u00e7a, \u00e7a s\u2019organise. \u00bb<br \/>\n\u00ab Il n\u2019y a pas de vie politique sans organisation. \u00bb<div id='gallery-1' class='gallery galleryid-13353 gallery-columns-3 gallery-size-thumbnail'><figure class='gallery-item'>\n\t\t\t<div class='gallery-icon landscape'>\n\t\t\t\t<a href='https:\/\/archives.regards.fr\/wp-content\/uploads\/2022\/01\/article_midinale-2-cf5.png'><img loading=\"lazy\" decoding=\"async\" width=\"150\" height=\"150\" src=\"https:\/\/archives.regards.fr\/wp-content\/uploads\/2022\/01\/article_midinale-2-cf5-150x150.png\" class=\"attachment-thumbnail size-thumbnail\" alt=\"article_midinale-2.png\" \/><\/a>\n\t\t\t<\/div><\/figure>\n\t\t<\/div>\n<\/p>\n","protected":false},"excerpt":{"rendered":"<p>Fabien Roussel est partout. Pl\u00e9biscit\u00e9 par les m\u00e9dias, il est aussi largement adoub\u00e9 par le printemps r\u00e9publicain et la droite. Selon les sondages il passe de 1% \u00e0 3%. Le candidat communiste serait-il en dynamique ? Patrice Cohen-Seat, directeur de campagne de Marie-George Buffet en 2007, est l\u2019invit\u00e9 de #LaMidinale.<\/p>\n","protected":false},"author":1039,"featured_media":31403,"comment_status":"open","ping_status":"open","sticky":false,"template":"","format":"standard","meta":{"_themeisle_gutenberg_block_has_review":false,"footnotes":""},"categories":[238],"tags":[293],"class_list":["post-13353","post","type-post","status-publish","format-standard","has-post-thumbnail","hentry","category-la-midinale","tag-entretien"],"_links":{"self":[{"href":"https:\/\/archives.regards.fr\/index.php?rest_route=\/wp\/v2\/posts\/13353","targetHints":{"allow":["GET"]}}],"collection":[{"href":"https:\/\/archives.regards.fr\/index.php?rest_route=\/wp\/v2\/posts"}],"about":[{"href":"https:\/\/archives.regards.fr\/index.php?rest_route=\/wp\/v2\/types\/post"}],"author":[{"embeddable":true,"href":"https:\/\/archives.regards.fr\/index.php?rest_route=\/wp\/v2\/users\/1039"}],"replies":[{"embeddable":true,"href":"https:\/\/archives.regards.fr\/index.php?rest_route=%2Fwp%2Fv2%2Fcomments&post=13353"}],"version-history":[{"count":0,"href":"https:\/\/archives.regards.fr\/index.php?rest_route=\/wp\/v2\/posts\/13353\/revisions"}],"wp:featuredmedia":[{"embeddable":true,"href":"https:\/\/archives.regards.fr\/index.php?rest_route=\/wp\/v2\/media\/31403"}],"wp:attachment":[{"href":"https:\/\/archives.regards.fr\/index.php?rest_route=%2Fwp%2Fv2%2Fmedia&parent=13353"}],"wp:term":[{"taxonomy":"category","embeddable":true,"href":"https:\/\/archives.regards.fr\/index.php?rest_route=%2Fwp%2Fv2%2Fcategories&post=13353"},{"taxonomy":"post_tag","embeddable":true,"href":"https:\/\/archives.regards.fr\/index.php?rest_route=%2Fwp%2Fv2%2Ftags&post=13353"}],"curies":[{"name":"wp","href":"https:\/\/api.w.org\/{rel}","templated":true}]}}