{"id":13351,"date":"2022-01-26T14:26:33","date_gmt":"2022-01-26T13:26:33","guid":{"rendered":"https:\/\/wp.muchomaas.com\/article-caroline-fiat-ca-fait-5-ans-que-j-alerte-le-gouvernement-sur-la-situation-dans\/"},"modified":"2023-06-24T00:23:45","modified_gmt":"2023-06-23T22:23:45","slug":"article-caroline-fiat-ca-fait-5-ans-que-j-alerte-le-gouvernement-sur-la-situation-dans","status":"publish","type":"post","link":"https:\/\/archives.regards.fr\/?p=13351","title":{"rendered":"Caroline Fiat : \u00ab \u00c7a fait 5 ans que j\u2019alerte le gouvernement sur la situation dans les Ehpad \u00bb"},"content":{"rendered":"<p class=\"post_excerpt\">Apr\u00e8s les r\u00e9v\u00e9lations du journaliste Victor Castanet dans son livre-enqu\u00eate <em>Les fossoyeurs<\/em> aux \u00e9ditions Fayard, nous revenons avec la d\u00e9put\u00e9e LFI et aide-soignante Caroline Fiat sur les conditions de travail et d&#8217;accueil dans les EHPAD.<\/p>\n<h2>UNE MIDINALE \u00c0 VOIR&#8230;<\/h2>\n<p><iframe loading=\"lazy\" width=\"490\" height=\"276\" src=\"https:\/\/www.youtube.com\/embed\/hf6ZUbCTpDk\" title=\"YouTube video player\" frameborder=\"0\" allow=\"accelerometer; autoplay; clipboard-write; encrypted-media; gyroscope; picture-in-picture\" allowfullscreen><\/iframe><\/p>\n<p>&nbsp;<\/p>\n<p><h2>ET \u00c0 LIRE&#8230;<\/h2>\n<p><em> <strong>Sur les EHPAD priv\u00e9s lucratifs<\/strong> <\/em><br \/>\n\u00ab Depuis hier, je n\u2019arr\u00eate pas de voir des d\u00e9put\u00e9s qui se disent choqu\u00e9s par les r\u00e9v\u00e9lations [de Victor Castanet dans son livre &#8220;Les Fossoyeurs&#8221; sur la maltraitance dans les EHPAD] mais cela fait 5 ans que je les alerte. \u00bb<br \/>\n\u00ab A chaque projet de loi de financement de la s\u00e9curit\u00e9 sociale, on propose des amendements pour interdire les EHPAD priv\u00e9s lucratifs. \u00bb<br \/>\n\u00ab On n\u2019a pas \u00e0 se faire de l\u2019argent sur la d\u00e9pendance et le manque d\u2019autonomie de nos a\u00een\u00e9s. \u00bb<br \/>\n\u00ab Il y a des personnes qui gagnent de l\u2019argent sur le malheur et la d\u00e9tresse des personnes \u00e2g\u00e9es. \u00bb<br \/>\n\u00ab Gros c\u0153ur \u00e0 tous les personnels des EHPAD priv\u00e9s lucratifs, de la personnes \u00e0 l\u2019accueil au service technique, du cuisinier au directeur : ils ne sont pas responsables de la situation. Ce sont leurs gestionnaires qui le sont. \u00bb<br \/>\n\u00ab Dans les EHPAD, les personnels y vont pour gagner leur vie &#8211; et le directeur aussi. \u00bb<\/p>\n<p><em> <strong>Sur le manque de personnel soignant dans les EHPAD<\/strong> <\/em><br \/>\n\u00ab On a un ratio de 0,54 personnel par r\u00e9sident. Emmanuel Macron proposait de passer \u00e0 0,57, c\u2019est-\u00e0-dire une embauche de 70.000 personnes. Mais on ne peut pas parler en personnels car cela comprend les personnels administratifs et techniques. Il faut parler en nombre de soignants, au chevet des r\u00e9sidents. \u00bb<br \/>\n\u00ab Dans notre rapport avec la d\u00e9put\u00e9e Monique Iborra, nous avions pr\u00e9conis\u00e9 0,6 personnel par r\u00e9sident. A l\u2019heure actuelle, la moyenne est de 0,25\u2026 C\u2019est une horreur ! Il faut savoir que la moyenne europ\u00e9enne est de 1 personnel pour 1 r\u00e9sident. \u00bb<br \/>\n\u00ab Les ratios sont plus bas dans les EHPAD priv\u00e9s lucratifs o\u00f9 l\u2019on paye une fortune que dans le public. \u00bb<br \/>\n\u00ab Le priv\u00e9 lucratif se permet d\u2019embaucher des personnels \u201cfaisant fonction\u201d. Je n\u2019ai rien contre les \u201cfaisant fonction\u201d mais si vous aimez vraiment le m\u00e9tier, allez passer le dipl\u00f4me. \u00bb<br \/>\n\u00ab Il est inadmissible qu\u2019en France, les EHPAD publics ou associatifs ne puissent pas embaucher des personnels \u201cfaisant fonction\u201d quand le priv\u00e9 lucratif fait ce qu\u2019il veut. \u00bb<br \/>\n\u00ab Un EHPAD public qui va maltraiter par manque de personnels, de moyens, ou de mat\u00e9riels : il n\u2019y peut rien\u2026 C\u2019est parce qu\u2019on ne lui donne pas une enveloppe pour faire mieux. Mais les EHPAD priv\u00e9s lucratifs, eux, versent des dividendes aux actionnaires avec toutes les \u00e9conomies qu\u2019ils font sur le dos des r\u00e9sidents. \u00bb<br \/>\n\u00ab Pendant les premi\u00e8res vagues de la Covid, on se souvient de l\u2019h\u00e9catombe dans les EHPAD. Et bien le groupe Korian \u00e9tait pr\u00eat \u00e0 verser 54 millions d\u2019euros \u00e0 ses actionnaires. \u00bb<\/p>\n<p><em> <strong>Sur la perte d\u2019autonomie et ce que cela implique dans notre soci\u00e9t\u00e9<\/strong> <\/em><br \/>\n\u00ab A un moment donn\u00e9, on ne peut plus garder une personne \u00e2g\u00e9e qui perd son autonomie en domicile : les aidants n\u2019y arrivent plus, la charge est trop lourde, qu\u2019elle soit physique ou affective. \u00bb<br \/>\n\u00ab Si demain, avec la France insoumise, on gagne, les gens iront par plaisir \u00e0 l\u2019EHPAD. On n\u2019appellera plus \u00e7a EHPAD d\u2019ailleurs mais maison de retraite ou maison des seniors. \u00bb<br \/>\n\u00ab Les EHPAD sont tellement des mouroirs que c\u2019est devenu la punition ultime. \u00bb<br \/>\n\u00ab Avant, on pouvait garder les personnes \u00e2g\u00e9es au domicile parce que les gens habitaient tous le m\u00eame village voire la m\u00eame rue. Donc on pouvait s\u2019occuper de nos anciens. Aujourd\u2019hui, les familles sont \u00e9clat\u00e9es en France, on n\u2019est plus dans le m\u00eame d\u00e9partement voire la m\u00eame r\u00e9gion. \u00bb<br \/>\n\u00ab C\u2019est une charge parfois 24 heures sur 24 et il est difficile parfois de voir son ou sa conjoint-e souffrir ou avoir envie de mourir. \u00bb<br \/>\n\u00ab Moi, personnellement, il est hors de question que mes enfants me fassent la toilette. \u00bb<br \/>\n\u00ab Les maisons de retraite devraient \u00eatre des maisons de vie, pas des mouroirs. On devrait y faire la f\u00eate et s\u2019amuser. \u00bb<br \/>\n\u00ab La tr\u00e8s grande majorit\u00e9 de nos EHPAD sont en sortie de ville : on cache nos vieux. \u00bb<br \/>\n\u00ab Souvent, les personnes \u00e2g\u00e9es ne participent plus \u00e0 la vie d\u00e9mocratique. \u00bb<br \/>\n\u00ab On a le droit de retrouver un amoureux ou une amoureuse \u00e0 80 ou 85 ans. \u00bb<div id='gallery-1' class='gallery galleryid-13351 gallery-columns-3 gallery-size-thumbnail'><figure class='gallery-item'>\n\t\t\t<div class='gallery-icon landscape'>\n\t\t\t\t<a href='https:\/\/archives.regards.fr\/wp-content\/uploads\/2022\/01\/article_midinale-e98.png'><img loading=\"lazy\" decoding=\"async\" width=\"150\" height=\"150\" src=\"https:\/\/archives.regards.fr\/wp-content\/uploads\/2022\/01\/article_midinale-e98-150x150.png\" class=\"attachment-thumbnail size-thumbnail\" alt=\"article_midinale.png\" \/><\/a>\n\t\t\t<\/div><\/figure>\n\t\t<\/div>\n<\/p>\n","protected":false},"excerpt":{"rendered":"<p>Apr\u00e8s les r\u00e9v\u00e9lations du journaliste Victor Castanet dans son livre-enqu\u00eate <em>Les fossoyeurs<\/em> aux \u00e9ditions Fayard, nous revenons avec la d\u00e9put\u00e9e LFI et aide-soignante Caroline Fiat sur les conditions de travail et d&#8217;accueil dans les EHPAD.<\/p>\n","protected":false},"author":1204,"featured_media":31399,"comment_status":"open","ping_status":"open","sticky":false,"template":"","format":"standard","meta":{"_themeisle_gutenberg_block_has_review":false,"footnotes":""},"categories":[238],"tags":[],"class_list":["post-13351","post","type-post","status-publish","format-standard","has-post-thumbnail","hentry","category-la-midinale"],"_links":{"self":[{"href":"https:\/\/archives.regards.fr\/index.php?rest_route=\/wp\/v2\/posts\/13351","targetHints":{"allow":["GET"]}}],"collection":[{"href":"https:\/\/archives.regards.fr\/index.php?rest_route=\/wp\/v2\/posts"}],"about":[{"href":"https:\/\/archives.regards.fr\/index.php?rest_route=\/wp\/v2\/types\/post"}],"author":[{"embeddable":true,"href":"https:\/\/archives.regards.fr\/index.php?rest_route=\/wp\/v2\/users\/1204"}],"replies":[{"embeddable":true,"href":"https:\/\/archives.regards.fr\/index.php?rest_route=%2Fwp%2Fv2%2Fcomments&post=13351"}],"version-history":[{"count":0,"href":"https:\/\/archives.regards.fr\/index.php?rest_route=\/wp\/v2\/posts\/13351\/revisions"}],"wp:featuredmedia":[{"embeddable":true,"href":"https:\/\/archives.regards.fr\/index.php?rest_route=\/wp\/v2\/media\/31399"}],"wp:attachment":[{"href":"https:\/\/archives.regards.fr\/index.php?rest_route=%2Fwp%2Fv2%2Fmedia&parent=13351"}],"wp:term":[{"taxonomy":"category","embeddable":true,"href":"https:\/\/archives.regards.fr\/index.php?rest_route=%2Fwp%2Fv2%2Fcategories&post=13351"},{"taxonomy":"post_tag","embeddable":true,"href":"https:\/\/archives.regards.fr\/index.php?rest_route=%2Fwp%2Fv2%2Ftags&post=13351"}],"curies":[{"name":"wp","href":"https:\/\/api.w.org\/{rel}","templated":true}]}}