{"id":13350,"date":"2022-01-26T15:28:10","date_gmt":"2022-01-26T14:28:10","guid":{"rendered":"https:\/\/wp.muchomaas.com\/article-mythomanie-toujours-pas-de-vaccin-pour-darmanin\/"},"modified":"2022-01-26T15:28:10","modified_gmt":"2022-01-26T14:28:10","slug":"article-mythomanie-toujours-pas-de-vaccin-pour-darmanin","status":"publish","type":"post","link":"https:\/\/archives.regards.fr\/?p=13350","title":{"rendered":"Mythomanie : toujours pas de vaccin pour Darmanin"},"content":{"rendered":"<p class=\"post_excerpt\">Le ministre de l&#8217;Int\u00e9rieur n&#8217;a-t-il pas un s\u00e9rieux probl\u00e8me avec la v\u00e9rit\u00e9 ?<\/p>\n<p>On entend souvent que, en politique, les promesses n&#8217;engagent que ceux qui les \u00e9coutent. Que dirait-on des mensonges ? Pas des mensonges politiques du genre <em>\u00ab mon ennemi, c&#8217;est la finance \u00bb<\/em>, pas des mensonges d&#8217;\u00c9tat <em>\u00ab les yeux dans les yeux \u00bb<\/em>. Non, des petits mythos d&#8217;enfant. De ceux qui se voient comme le nez au milieu de la figure.<\/p>\n<p>\u00c0 ce jeu-l\u00e0, G\u00e9rald Darmanin domine le <em>game<\/em>. Il ment, \u00e7a se voit, et tout le monde s&#8217;en fout.<\/p>\n<p>&nbsp;<\/p>\n<p>\n<strong>LIRE AUSSI SUR REGARDS.FR<br \/>\n>><\/strong> <em><a href=\"https:\/\/wp.muchomaas.com\/actu\/article\/gerald-darmanin-serial-mythomane\">G\u00e9rald Darmanin, serial mythomane<\/a><\/em><\/p>\n<p>&nbsp;<\/p>\n<p>Ainsi, le 25 janvier, \u00e9tait-il l&#8217;invit\u00e9 de la matinale de France Inter. Et le bougre \u00e9tait en forme.<\/p>\n<blockquote><p>\u00ab Aujourd&#8217;hui, les femmes qui sont psychologiquement ou physiquement atteintes par leur compagnon d\u00e9posent plainte syst\u00e9matiquement, syst\u00e9matiquement il y a d\u00e9sormais des garde \u00e0 vue, syst\u00e9matiquement il y a des poursuites judiciaires. \u00bb<\/p><\/blockquote>\n<blockquote class=\"twitter-tweet\">\n<p lang=\"fr\" dir=\"ltr\">.<a href=\"https:\/\/twitter.com\/GDarmanin?ref_src=twsrc%5Etfw\">@GDarmanin<\/a>  : &quot;Aujourd&#39;hui, les femmes qui sont psychologiquement ou physiquement atteintes par leur compagnon d\u00e9posent plainte syst\u00e9matiquement, syst\u00e9matiquement il y a d\u00e9sormais des garde \u00e0 vue, syst\u00e9matiquement il y a des poursuites judiciaires&quot;<a href=\"https:\/\/twitter.com\/hashtag\/le79inter?src=hash&#038;ref_src=twsrc%5Etfw\">#le79inter<\/a> <a href=\"https:\/\/t.co\/mtM93x8JFL\">pic.twitter.com\/mtM93x8JFL<\/a><\/p>\n<p>&mdash; France Inter (@franceinter) <a href=\"https:\/\/twitter.com\/franceinter\/status\/1485871584640479234?ref_src=twsrc%5Etfw\">January 25, 2022<\/a><\/p><\/blockquote>\n<p> <script async src=\"https:\/\/platform.twitter.com\/widgets.js\" charset=\"utf-8\"><\/script><\/p>\n<p><strong>ALERTE MYTHO !!!<\/strong><\/p>\n<div style=\"width:100%;height:0;padding-bottom:100%;position:relative;\"><iframe loading=\"lazy\" src=\"https:\/\/giphy.com\/embed\/tc68O5zje2XIfTcJZJ\" width=\"100%\" height=\"100%\" style=\"position:absolute\" frameBorder=\"0\" class=\"giphy-embed\" allowFullScreen><\/iframe><\/div>\n<p><a href=\"https:\/\/giphy.com\/gifs\/IntoAction-instagram-facebook-twitter-tc68O5zje2XIfTcJZJ\">via GIPHY<\/a><\/p>\n<p>G\u00e9rald Darmanin ment. Trois fois. Et pour \u00ab prouver \u00bb qu&#8217;il ment, il suffit de se rendre sur le site\u2026 de l&#8217;Int\u00e9rieur. En 2020, le minist\u00e8re a publi\u00e9 un <a href=\"https:\/\/www.interieur.gouv.fr\/Interstats\/Publications\/Interstats-Info-rapide\/Info-rapide-n-15-Les-violences-conjugales-enregistrees-par-les-services-de-securite-en-2019\">rapport<\/a> \u2013 \u00ab Les violences conjugales enregistr\u00e9es par les services de s\u00e9curit\u00e9 en 2019 \u00bb \u2013 o\u00f9 l&#8217;on peut constater que sur les 295.000 personnes (hommes et femmes donc) s&#8217;\u00e9tant <em>\u00ab d\u00e9clar\u00e9es victimes de violences physiques et\/ou sexuelles par leur conjoint ou ex-conjoint [&#8230;] les forces de s\u00e9curit\u00e9 ont enregistr\u00e9 un peu plus de 142.000 victimes \u00bb<\/em>. Par ailleurs, dans un autre <a href=\"https:\/\/twitter.com\/carolinedehaas\/status\/1485877058681069568\">rapport<\/a> de 2019, du minist\u00e8re de la Justice, il est indiqu\u00e9 que dans 80% des cas de f\u00e9minicides, les plaintes (non syst\u00e9matiques) sont class\u00e9es sans suite.<\/p>\n<p>Remarquez tout de m\u00eame la coh\u00e9rence de l&#8217;ex\u00e9cutif : en d\u00e9cembre dernier, le ministre de la Justice \u00c9ric Dupond-Moretti <a href=\"https:\/\/www.bfmtv.com\/police-justice\/lutte-contre-les-violences-faites-aux-femmes-on-a-fait-le-job-estime-eric-dupond-moretti_AD-202112010534.html\">estimait<\/a> que, concernant la lutte contre les violences faites aux femmes, le gouvernement <em>\u00ab a fait le job \u00bb<\/em>.<\/p>\n<h2>War on drugs<\/h2>\n<p>Mais Super-G\u00e9g\u00e9 \u00e9tait dans un bon jour. Apr\u00e8s avoir mis au pas le patriarcat, il s&#8217;en prend \u00e0 une drogue qui ravage les quartiers : le CBD (la mol\u00e9cule non-psychotrope du cannabis) \u2013 plus connu sous le nom de \u00ab infusion nuit tranquille \u00bb[[Ceci est une blague.]]. Le locataire de la place Beauvau m\u00e8ne une lutte acharn\u00e9e contre la drogue. Avec lui, Pablo Escobar aurait \u00e9t\u00e9 enfant de c\u0153ur en la Sainte-Basilique de Tourcoing. Mais passons.<\/p>\n<p>\u00ab Regrettant \u00bb la suspension par le conseil d&#8217;\u00c9tat de l&#8217;arr\u00eat\u00e9 interdisant le commerce de fleurs et de feuilles de CBD, G\u00e9rald Darmanin peste : <em>\u00ab De mani\u00e8re g\u00e9n\u00e9rale, toutes les substances qui rel\u00e8vent du cannabis, de la drogue, sont tr\u00e8s mauvaises pour la sant\u00e9. On n&#8217;a pas augment\u00e9 le prix du tabac \u00e0 dix euros pour qu&#8217;on accepte la l\u00e9galisation, la d\u00e9p\u00e9nalisation du cannabis. \u00bb<\/em><\/p>\n<blockquote class=\"twitter-tweet\">\n<p lang=\"fr\" dir=\"ltr\">.<a href=\"https:\/\/twitter.com\/GDarmanin?ref_src=twsrc%5Etfw\">@GDarmanin<\/a> &quot;regrette&quot; la suspension par le conseil d&#39;Etat de l&#39;interdiction du commerce de fleurs et de feuilles de CBD. &quot;On n&#39;a pas augment\u00e9 le prix du tabac \u00e0 10 euros pour qu&#39;on accepte la d\u00e9p\u00e9nalisation du cannabis&quot;<a href=\"https:\/\/twitter.com\/hashtag\/le79inter?src=hash&#038;ref_src=twsrc%5Etfw\">#le79inter<\/a> <a href=\"https:\/\/t.co\/axcuUAEOv7\">pic.twitter.com\/axcuUAEOv7<\/a><\/p>\n<p>&mdash; France Inter (@franceinter) <a href=\"https:\/\/twitter.com\/franceinter\/status\/1485872200687177730?ref_src=twsrc%5Etfw\">January 25, 2022<\/a><\/p><\/blockquote>\n<p> <script async src=\"https:\/\/platform.twitter.com\/widgets.js\" charset=\"utf-8\"><\/script><\/p>\n<p>G\u00e9rald Darmanin va-t-il bient\u00f4t partir en croisade contre la Tourtel Twist et ses 0,01% d&#8217;alcool ? Dieu seul sait.<\/p>\n<p><iframe loading=\"lazy\" src=\"https:\/\/www.facebook.com\/plugins\/post.php?href=https%3A%2F%2Fwww.facebook.com%2Fpermalink.php%3Fstory_fbid%3D1622055664661549%26id%3D244779385722524&#038;show_text=false&#038;width=500\" width=\"500\" height=\"333\" style=\"border:none;overflow:hidden\" scrolling=\"no\" frameborder=\"0\" allowfullscreen=\"true\" allow=\"autoplay; clipboard-write; encrypted-media; picture-in-picture; web-share\"><\/iframe><\/p>\n<p>&nbsp;<\/p>\n<p><h2>Un dernier pour la route G\u00e9rald ?<\/h2>\n<p>G\u00e9rald Darmanin : <em>\u00ab Est-ce que vous accepteriez que j&#8217;expulse des \u00e9trangers en Afghanistan qui vont dans un \u00c9tat dictatorial qui s&#8217;appelle les talibans ? Vous me r\u00e9pondrez que je suis humain et vous aurez raison. \u00bb<\/em><\/p>\n<p>Les <a href=\"https:\/\/www.liberation.fr\/societe\/strasbourg-lexpulsion-controversee-de-quatre-afghans-validee-par-la-justice-20211005_XDHWJMHNNVDZVIKGLTSATTDZ7M\/?redirected=1\">faits<\/a> :<\/p>\n<blockquote class=\"twitter-tweet\">\n<p lang=\"fr\" dir=\"ltr\">G\u00e9rald <a href=\"https:\/\/twitter.com\/hashtag\/Darmanin?src=hash&#038;ref_src=twsrc%5Etfw\">#Darmanin<\/a> sur <a href=\"https:\/\/twitter.com\/franceinter?ref_src=twsrc%5Etfw\">@franceinter<\/a> ce matin :&quot;Est ce que vous accepteriez que j&#39; expulse des \u00e9trangers en <a href=\"https:\/\/twitter.com\/hashtag\/Afghanistan?src=hash&#038;ref_src=twsrc%5Etfw\">#Afghanistan<\/a> qui vont dans un Etat dictatorial qui s&#39;appelle les Talibans? Vous me r\u00e9pondrez que je suis humain et vous aurez raison&quot;. <br \/>D\u00e9j\u00e0 fait \u2935\ufe0f<a href=\"https:\/\/t.co\/tvFjfZQ3N8\">https:\/\/t.co\/tvFjfZQ3N8<\/a> <a href=\"https:\/\/t.co\/vK99y3v2Ns\">pic.twitter.com\/vK99y3v2Ns<\/a><\/p>\n<p>&mdash; Nassira El Moaddem (@NassiraELM) <a href=\"https:\/\/twitter.com\/NassiraELM\/status\/1485870585683099650?ref_src=twsrc%5Etfw\">January 25, 2022<\/a><\/p><\/blockquote>\n<p> <script async src=\"https:\/\/platform.twitter.com\/widgets.js\" charset=\"utf-8\"><\/script><\/p>\n<p>Allez G\u00e9rald, commence par prendre un peu de CBD et si dans trois mois \u00e7a ne passe pas, on fera des examens plus approfondis.<\/p>\n<p>&nbsp;<\/p>\n<p>\n<a href=\"https:\/\/wp.muchomaas.com\/auteur\/loic-le-clerc\"><strong>Lo\u00efc Le Clerc<\/strong><\/a><\/p>\n","protected":false},"excerpt":{"rendered":"<p>Le ministre de l&#8217;Int\u00e9rieur n&#8217;a-t-il pas un s\u00e9rieux probl\u00e8me avec la v\u00e9rit\u00e9 ?<\/p>\n","protected":false},"author":1203,"featured_media":0,"comment_status":"open","ping_status":"open","sticky":false,"template":"","format":"standard","meta":{"_themeisle_gutenberg_block_has_review":false,"footnotes":""},"categories":[6],"tags":[],"class_list":["post-13350","post","type-post","status-publish","format-standard","hentry","category-actu"],"_links":{"self":[{"href":"https:\/\/archives.regards.fr\/index.php?rest_route=\/wp\/v2\/posts\/13350","targetHints":{"allow":["GET"]}}],"collection":[{"href":"https:\/\/archives.regards.fr\/index.php?rest_route=\/wp\/v2\/posts"}],"about":[{"href":"https:\/\/archives.regards.fr\/index.php?rest_route=\/wp\/v2\/types\/post"}],"author":[{"embeddable":true,"href":"https:\/\/archives.regards.fr\/index.php?rest_route=\/wp\/v2\/users\/1203"}],"replies":[{"embeddable":true,"href":"https:\/\/archives.regards.fr\/index.php?rest_route=%2Fwp%2Fv2%2Fcomments&post=13350"}],"version-history":[{"count":0,"href":"https:\/\/archives.regards.fr\/index.php?rest_route=\/wp\/v2\/posts\/13350\/revisions"}],"wp:attachment":[{"href":"https:\/\/archives.regards.fr\/index.php?rest_route=%2Fwp%2Fv2%2Fmedia&parent=13350"}],"wp:term":[{"taxonomy":"category","embeddable":true,"href":"https:\/\/archives.regards.fr\/index.php?rest_route=%2Fwp%2Fv2%2Fcategories&post=13350"},{"taxonomy":"post_tag","embeddable":true,"href":"https:\/\/archives.regards.fr\/index.php?rest_route=%2Fwp%2Fv2%2Ftags&post=13350"}],"curies":[{"name":"wp","href":"https:\/\/api.w.org\/{rel}","templated":true}]}}