{"id":13333,"date":"2022-01-18T14:20:22","date_gmt":"2022-01-18T13:20:22","guid":{"rendered":"https:\/\/wp.muchomaas.com\/article-manon-aubry-macron-se-sert-de-la-presidence-du-conseil-de-l-ue-comme-d-un-outil\/"},"modified":"2023-06-24T00:23:20","modified_gmt":"2023-06-23T22:23:20","slug":"article-manon-aubry-macron-se-sert-de-la-presidence-du-conseil-de-l-ue-comme-d-un-outil","status":"publish","type":"post","link":"https:\/\/archives.regards.fr\/?p=13333","title":{"rendered":"Manon Aubry : \u00ab Macron se sert de la pr\u00e9sidence du Conseil de l&#8217;UE comme d&#8217;un outil \u00e9lectoral \u00bb"},"content":{"rendered":"<p class=\"post_excerpt\">La France a pris le 1er janvier 2022 la pr\u00e9sidence du Conseil de l&#8217;Union europ\u00e9enne pour six mois. En pleine campagne pr\u00e9sidentielle. Pour en faire quoi ? On en parle avec la d\u00e9put\u00e9e europ\u00e9enne LFI Manon Aubry qui est invit\u00e9e de la Midinale.<\/p>\n<h2>UNE MIDINALE \u00c0 VOIR&#8230;<\/h2>\n<p><iframe loading=\"lazy\" width=\"490\" height=\"276\" src=\"https:\/\/www.youtube.com\/embed\/IRP28ccGPrA\" title=\"YouTube video player\" frameborder=\"0\" allow=\"accelerometer; autoplay; clipboard-write; encrypted-media; gyroscope; picture-in-picture\" allowfullscreen><\/iframe><\/p>\n<p>&nbsp;<\/p>\n<p><h2>ET \u00c0 LIRE&#8230;<\/h2>\n<p><strong>Sur le rapport d\u2019Oxfam sur les in\u00e9galit\u00e9s<\/strong><br \/>\n\u00ab Pendant la crise sanitaire, il y a un petit nombre d\u2019individus qui s\u2019en est mis plein les poches. \u00bb<br \/>\n\u00ab Il y a une acc\u00e9l\u00e9ration des in\u00e9galit\u00e9s parce que la fortune des milliardaires a augment\u00e9 plus pendant la dur\u00e9e de la pand\u00e9mie que pendant toute la derni\u00e8re d\u00e9cennie. \u00bb<br \/>\n\u00ab Aujourd\u2019hui, les aides d\u2019Etat qui ont \u00e9t\u00e9 vers\u00e9es ont b\u00e9n\u00e9fici\u00e9 \u00e0 ces grandes fortunes et \u00e0 ces grandes entreprises. \u00bb<br \/>\n\u00ab Il n\u2019y a pas de volont\u00e9 politique pour taxer les profiteurs de crise. \u00bb<br \/>\n\u00ab M\u00e9lenchon dit qu\u2019au-dessus de 12 millions d\u2019h\u00e9ritage, il prend tout. Il veut taxer de mani\u00e8re progressive l\u2019h\u00e9ritage pour financer une allocation d\u2019autonomie de 1063\u20ac pour tous les jeunes. \u00bb<\/p>\n<p><strong>Sur la pr\u00e9sidence du conseil europ\u00e9en et la campagne pr\u00e9sidentielle<\/strong><br \/>\n\u00ab On savait que Macron faisait campagne sur les deniers de l\u2019Etat, il fait exactement la m\u00eame chose avec la pr\u00e9sidence fran\u00e7aise de l\u2019Union europ\u00e9enne. \u00bb<br \/>\n\u00ab Pour ceux qui ne le savent pas, cette prr\u00e9sidence fran\u00e7aise n\u2019arrive que tous les quatorze ans. C\u2019est donc un fait rare et une opportunit\u00e9 historique pour cr\u00e9er un changement \u00e0 l\u2019\u00e9chelle europ\u00e9enne. \u00bb<br \/>\n\u00ab Macron se sert de la pr\u00e9sidence du Conseil europ\u00e9en comme un outil \u00e9lectoral. \u00bb<br \/>\n\u00ab La priorit\u00e9 de la pr\u00e9sidence fran\u00e7aise devrait \u00eatre la lev\u00e9e des brevets sur les vaccins. \u00bb<\/p>\n<p><strong>Sur les marges de man\u0153uvre de la pr\u00e9sidence du Conseil europ\u00e9en<\/strong><br \/>\n\u00ab En six mois, on ne peut pas tout changer mais si on prenait au s\u00e9rieux la question europ\u00e9enne, on profiterait de cette pr\u00e9sidence pour faire un big bang et secouer les r\u00e8gles europ\u00e9ennes. Et mettre au c\u0153ur des priorit\u00e9s de l\u2019Union europ\u00e9ennes les attentes populaires. \u00bb<br \/>\n\u00ab La France aurait pu impulser un certain nombre de choses : nous sommes la deuxi\u00e8me \u00e9conomie europ\u00e9enne. \u00bb<br \/>\n\u00ab On aurait pu proposer que les r\u00e8gles d\u2019aust\u00e9rit\u00e9 budg\u00e9taires europ\u00e9ennes ne soient plus r\u00e9introduites. \u00bb<br \/>\n\u00ab On se bat pour gagner tout ce qui a \u00e0 gagner. On m\u00e8ne les combats. \u00bb<\/p>\n<p><strong>Sur les propositions de Macron<\/strong><br \/>\n\u00ab L\u2019Union europ\u00e9enne est devenue un espace de comp\u00e9tition sociale -notamment avec la directive des travailleurs d\u00e9tach\u00e9s qui cr\u00e9e de la comp\u00e9tition entre les europ\u00e9ens plut\u00f4t que de cr\u00e9er des solidarit\u00e9s et de l\u2019harmonisation. \u00bb<br \/>\n\u00ab Le salaire minimum europ\u00e9en est un outil de fa\u00e7ade que souhaite proposer Macron (\u2026). Il y a des Etats europ\u00e9ens qui n\u2019ont m\u00eame pas de salaire minimum. La proposition de Macron est une proposition a minima qui oriente les Etats \u00e0 peut-\u00eatre adopter un salaire minimum \u00e0 hauteur de 60% du salaire m\u00e9dian de chaque pays. C\u2019est plus bas que ce que l\u2019on a en France. \u00bb<br \/>\n\u00ab Si on est faible sur la question sociale, c\u2019est aussi parce qu\u2019on est contraints par les r\u00e8gles europ\u00e9ennes et les trait\u00e9s europ\u00e9ens qui emp\u00eachent d\u2019\u00e9tablir de nouvelles r\u00e8gles. \u00bb<br \/>\n\u00ab Macron est aussi celui qui temporise et essaie de gagner du temps sur la protection des travailleurs des plateformes alors m\u00eame que pour une fois, la Commission europ\u00e9enne proposait un v\u00e9ritable statut pour les travailleurs ub\u00e9ris\u00e9s. \u00bb<\/p>\n<p><strong>Sur l\u2019espace Schengen<\/strong><br \/>\n\u00ab Emmanuel Macron c\u00e8de aux sir\u00e8nes de l\u2019extr\u00eame droite. \u00bb<br \/>\n\u00ab Macron pr\u00e9f\u00e8re consolider le bunker de l\u2019Union europ\u00e9enne avec ses barbel\u00e9s aux fronti\u00e8res plut\u00f4t que de r\u00e9fl\u00e9chir \u00e0 un accueil coordonn\u00e9 entre Etats europ\u00e9ens et r\u00e9viser les accords de Dublin. \u00bb<br \/>\n\u00ab La mer M\u00e9diterran\u00e9e est devenue un vrai cimeti\u00e8re, notamment sous l\u2019effet de Frontex qui criminalise les migrants. \u00bb<\/p>\n<p><strong>Sur l\u2019Europe et l\u2019Union populaire<\/strong><br \/>\n\u00ab Nous avons une analyse lucide des obstacles qui sont pos\u00e9s par les r\u00e8gles europ\u00e9ennes. \u00bb<br \/>\n\u00ab Les r\u00e8gles europ\u00e9ennes interdisent les Etats par exemple \u00e0 mettre en place une TVA \u00e0 taux z\u00e9ro sur les produits de premi\u00e8res n\u00e9cessit\u00e9s. \u00bb<br \/>\n\u00ab On ne veut pas renoncer \u00e0 nos propositions donc pour d\u00e9passer ces obstacles, nous avons deux types d\u2019outils : mener le rapport de force au sein du Conseil (\u2026). Et le deuxi\u00e8me type d\u2019outil, c&#8217;est que si le Conseil ne veut pas, on est pr\u00eat \u00e0 d\u00e9sob\u00e9ir. On est pr\u00eat \u00e0 ne pas respecter un certain nombre de r\u00e8gles europ\u00e9ennes &#8211; ce que fait d\u00e9j\u00e0 Macron d\u2019ailleurs. \u00bb<br \/>\n\u00ab On veut imposer un principe de non r\u00e9gression \u00e9cologique et sociale. Aucune norme europ\u00e9enne ne s\u2019appliquera si elle applique un retour en arri\u00e8re en mati\u00e8re de protections sociales et \u00e9cologiques. \u00bb<br \/>\n\u00ab Notre exp\u00e9rience au Parlement europ\u00e9en nous a permis d\u2019affiner notre strat\u00e9gie. \u00bb<\/p>\n<p><strong>Sur l\u2019extr\u00eame droite en France<\/strong><br \/>\n\u00ab La citation de l\u2019extr\u00eame droite inqui\u00e8te et elle inqui\u00e8te partout en Europe. \u00bb<br \/>\n\u00ab L\u2019extr\u00eame droite est forte partout en Europe. \u00bb<br \/>\n\u00ab L\u2019extr\u00eame droite est au pouvoir en Hongrie, en Pologne et en Slov\u00e9nie. \u00bb<br \/>\n\u00ab Nos coll\u00e8gues europ\u00e9ens sont inquiets du p\u00e9ril qui p\u00e8se en France parce que la France a \u00e9t\u00e9 un peu avant-gardiste. Des pays qui \u00e9taient relativement prot\u00e9g\u00e9s comme l\u2019Espagne ou le Portugal sont en train malheureusement de suivre cette marche. \u00bb<div id='gallery-1' class='gallery galleryid-13333 gallery-columns-3 gallery-size-thumbnail'><figure class='gallery-item'>\n\t\t\t<div class='gallery-icon landscape'>\n\t\t\t\t<a href='https:\/\/archives.regards.fr\/wp-content\/uploads\/2022\/01\/aubry-824.png'><img loading=\"lazy\" decoding=\"async\" width=\"150\" height=\"150\" src=\"https:\/\/archives.regards.fr\/wp-content\/uploads\/2022\/01\/aubry-824-150x150.png\" class=\"attachment-thumbnail size-thumbnail\" alt=\"aubry.png\" \/><\/a>\n\t\t\t<\/div><\/figure>\n\t\t<\/div>\n<\/p>\n","protected":false},"excerpt":{"rendered":"<p>La France a pris le 1er janvier 2022 la pr\u00e9sidence du Conseil de l&#8217;Union europ\u00e9enne pour six mois. En pleine campagne pr\u00e9sidentielle. Pour en faire quoi ? On en parle avec la d\u00e9put\u00e9e europ\u00e9enne LFI Manon Aubry qui est invit\u00e9e de la Midinale.<\/p>\n","protected":false},"author":1039,"featured_media":31361,"comment_status":"open","ping_status":"open","sticky":false,"template":"","format":"standard","meta":{"_themeisle_gutenberg_block_has_review":false,"footnotes":""},"categories":[238],"tags":[293],"class_list":["post-13333","post","type-post","status-publish","format-standard","has-post-thumbnail","hentry","category-la-midinale","tag-entretien"],"_links":{"self":[{"href":"https:\/\/archives.regards.fr\/index.php?rest_route=\/wp\/v2\/posts\/13333","targetHints":{"allow":["GET"]}}],"collection":[{"href":"https:\/\/archives.regards.fr\/index.php?rest_route=\/wp\/v2\/posts"}],"about":[{"href":"https:\/\/archives.regards.fr\/index.php?rest_route=\/wp\/v2\/types\/post"}],"author":[{"embeddable":true,"href":"https:\/\/archives.regards.fr\/index.php?rest_route=\/wp\/v2\/users\/1039"}],"replies":[{"embeddable":true,"href":"https:\/\/archives.regards.fr\/index.php?rest_route=%2Fwp%2Fv2%2Fcomments&post=13333"}],"version-history":[{"count":0,"href":"https:\/\/archives.regards.fr\/index.php?rest_route=\/wp\/v2\/posts\/13333\/revisions"}],"wp:featuredmedia":[{"embeddable":true,"href":"https:\/\/archives.regards.fr\/index.php?rest_route=\/wp\/v2\/media\/31361"}],"wp:attachment":[{"href":"https:\/\/archives.regards.fr\/index.php?rest_route=%2Fwp%2Fv2%2Fmedia&parent=13333"}],"wp:term":[{"taxonomy":"category","embeddable":true,"href":"https:\/\/archives.regards.fr\/index.php?rest_route=%2Fwp%2Fv2%2Fcategories&post=13333"},{"taxonomy":"post_tag","embeddable":true,"href":"https:\/\/archives.regards.fr\/index.php?rest_route=%2Fwp%2Fv2%2Ftags&post=13333"}],"curies":[{"name":"wp","href":"https:\/\/api.w.org\/{rel}","templated":true}]}}