{"id":13325,"date":"2022-01-13T14:28:11","date_gmt":"2022-01-13T13:28:11","guid":{"rendered":"https:\/\/wp.muchomaas.com\/article-ian-brossat-une-partie-de-la-gauche-est-devenue-dingue\/"},"modified":"2023-06-24T00:23:15","modified_gmt":"2023-06-23T22:23:15","slug":"article-ian-brossat-une-partie-de-la-gauche-est-devenue-dingue","status":"publish","type":"post","link":"https:\/\/archives.regards.fr\/?p=13325","title":{"rendered":"Ian Brossat : \u00ab Une partie de la gauche est devenue dingue \u00bb"},"content":{"rendered":"<p class=\"post_excerpt\">La campagne de Fabien Roussel d\u00e9route \u00e0 gauche. Ses positions \u00e9tonnent et provoquent parfois de vives pol\u00e9miques \u00e0 gauche et viennent interroger la strat\u00e9gie du Parti communiste fran\u00e7ais. Ian Brossat, directeur de campagne de Fabien Roussel, est l\u2019invit\u00e9 de #LaMidinale. <\/p>\n<h2>UNE MIDINALE \u00c0 VOIR&#8230;<\/h2>\n<p><iframe loading=\"lazy\" width=\"490\" height=\"276\" src=\"https:\/\/www.youtube.com\/embed\/3Zkjy5kSdWQ\" title=\"YouTube video player\" frameborder=\"0\" allow=\"accelerometer; autoplay; clipboard-write; encrypted-media; gyroscope; picture-in-picture\" allowfullscreen><\/iframe><\/p>\n<p>&nbsp;<\/p>\n<p><h2>ET \u00c0 LIRE&#8230;<\/h2>\n<p><em>\u00a0<strong>Sur la gr\u00e8ve de l\u2019\u00c9ducation nationale<\/em>\u00a0<\/strong><br \/>\n\u00ab Je suis frapp\u00e9 par la tr\u00e8s grosse mobilisation des enseignants. On n\u2019a jamais vu \u00e7a depuis le d\u00e9but du quinquennat. \u00bb<br \/>\n\u00ab Il y a face \u00e0 cette mobilisation une solidarit\u00e9 tr\u00e8s importante des parents d\u2019\u00e9l\u00e8ves qui se manifeste tr\u00e8s largement. \u00bb<br \/>\n\u00ab J\u2019esp\u00e8re une prise de conscience du gouvernement. \u00bb<br \/>\n\u00ab On doit pouvoir maintenir les \u00e9coles ouvertes dans de bonnes conditions. \u00bb<br \/>\n\u00ab Il est trop facile de faire porter la responsabilit\u00e9 aux collectivit\u00e9s locales comme le fait le gouvernement. \u00bb<\/p>\n<p><em>\u00a0<strong>Sur les pol\u00e9miques suscit\u00e9es par Fabien Roussel<\/em>\u00a0<\/strong><br \/>\n\u00ab \u00c7a n\u2019est pas \u00e0 moi d\u2019expliquer la dinguerie des autres. \u00bb<br \/>\n\u00ab Ces pol\u00e9miques en disent moins sur ce que pense Fabien Roussel que sur ce qui est dans la t\u00eate de ceux qui le critique. \u00bb<br \/>\n\u00ab Ce que dit Fabien Roussel, c\u2019est ce que la gauche a toujours d\u00e9fendu. \u00bb<br \/>\n\u00ab La question de l\u2019alimentation et de la bonne bouffe ne doit pas \u00eatre r\u00e9serv\u00e9e \u00e0 une infime minorit\u00e9 de privil\u00e9gi\u00e9s. \u00bb<br \/>\n\u00ab Sur la viande, Fabien Roussel dit clairement qu\u2019il faut manger moins de viande mais de meilleure qualit\u00e9. \u00bb<br \/>\n\u00ab J\u2019assume, avec Fabien Roussel, de mener une campagne les deux pieds dans la r\u00e9alit\u00e9. \u00bb <\/p>\n<p><em>\u00a0<strong>Sur le cap id\u00e9ologique du PCF<\/em>\u00a0<\/strong><br \/>\n\u00ab Il n\u2019y a aucun changement de cap id\u00e9ologique au Parti communiste fran\u00e7ais. \u00bb<br \/>\n\u00ab Il faut se poser une question de fond \u00e0 gauche : je conteste l\u2019id\u00e9e selon laquelle le changement climatique doit conduire les classes populaires \u00e0 changer de mode de vie. \u00bb<br \/>\n\u00ab \u00c7a n\u2019est pas les classes populaires qui polluent le plus. \u00bb<br \/>\n\u00ab Le discours qui consiste \u00e0 culpabiliser les classes populaires est insupportable. \u00bb<br \/>\n\u00ab Je suis tr\u00e8s heureux qu\u2019avec Fabien Roussel on mette les pieds dans le plat. On doit \u00eatre capable \u00e0 gauche de d\u00e9battre sans hurler et sans s\u2019insulter. Fabien Roussel n\u2019insulte personne. \u00bb<br \/>\n\u00ab C\u2019est pas parce qu\u2019on n\u2019est pas d\u2019extr\u00eame gauche qu\u2019on est d\u2019extr\u00eame droite. \u00bb<br \/>\n\u00ab Je n\u2019ai jamais \u00e9t\u00e9 d\u2019extr\u00eame gauche. \u00bb<br \/>\n\u00ab Une partie de la gauche est devenue dingue. Elle a d\u00e9raill\u00e9. \u00bb<br \/>\n\u00ab Quand on d\u00e9fend la libert\u00e9 d\u2019expression on le fait aussi avec des gens qui ne sont pas d\u2019accord avec nous. \u00bb<br \/>\n\u00ab Il faut cesser de se disqualifier les uns et les autres. \u00bb<\/p>\n<p><em>\u00a0<strong>Sur la hi\u00e9rarchie des luttes <\/em>\u00a0<\/strong><br \/>\n\u00ab Je n\u2019aime pas le terme de hi\u00e9rarchie des luttes. \u00bb<br \/>\n\u00ab Un certain nombre de gens \u00e0 gauche ont abandonn\u00e9 le combat social. \u00bb<br \/>\n\u00ab Le c\u0153ur du combat de la gauche, c\u2019est la lutte contre toutes les formes de domination. \u00bb<\/p>\n<p><em>\u00a0<strong>Sur l\u2019islamophobie<\/em>\u00a0<\/strong><br \/>\n\u00ab On a le droit de critiquer l\u2019Islam au m\u00eame titre que n\u2019importe quelle religion. \u00bb<br \/>\n\u00ab On n\u2019a pas le droit de stigmatiser, de montrer du doigt ou de susciter la haine des musulmans. \u00bb<br \/>\n\u00ab Certains parlent de musulmanophobie. \u00bb<\/p>\n<p><em>\u00a0<strong>Sur la gauche r\u00e9publicaine<\/em>\u00a0<\/strong><br \/>\n\u00ab Je ne me permettrais pas de dire qu\u2019il y aurait une gauche non r\u00e9publicaine. \u00bb<br \/>\n\u00ab Nous ne cherchons pas \u00e0 \u00e9tablir des lignes de d\u00e9marcation \u00e0 gauche. Nous tra\u00e7ons notre sillon. \u00bb<\/p>\n<p><em>\u00a0<strong>Sur l\u2019\u00e9lectorat populaire et les jeunes<\/em>\u00a0<\/strong><br \/>\n\u00ab Certains disent que ce qui d\u00e9mobilise l\u2019\u00e9lectorat de gauche, c\u2019est la dispersion. Je pense que ce qui d\u00e9mobilise l\u2019\u00e9lectorat de gauche et le pousse \u00e0 s\u2019abstenir, c\u2019est que la gauche parle un langage tr\u00e8s \u00e9loign\u00e9 du v\u00e9cu des gens. Il est l\u00e0 le probl\u00e8me. \u00bb<br \/>\n\u00ab Il y a un divorce avec les gens. Il y a un long travail de reconstruction \u00e0 mener. \u00bb<br \/>\n\u00ab La question fondamentale, au-del\u00e0 de la jeunesse, c\u2019est la question du travail : comment on permet aux jeunes d\u2019avoir acc\u00e8s \u00e0 un travail. \u00bb<br \/>\n\u00ab Je ne crois pas \u00e0 une soci\u00e9t\u00e9 du ch\u00f4mage et des minima sociaux. Je crois dans une soci\u00e9t\u00e9 du travail et du salaire. \u00bb<br \/>\n\u00ab On n\u2019est pas favorable au revenu universel mais au travail universel. \u00bb<\/p>\n<p><em>\u00a0<strong>Sur l\u2019extr\u00eame droite<\/em>\u00a0<\/strong><br \/>\n\u00ab Nous avons toujours \u00e9t\u00e9 tr\u00e8s clairs et nous avons pris nos responsabilit\u00e9s face \u00e0 l\u2019extr\u00eame droite &#8211; y compris en 2017 quand malheureusement il a fallu voter pour Emmanuel Macron. \u00bb<br \/>\n\u00ab Il y a une n\u00e9cessit\u00e9 de reconstruire une gauche populaire dans notre pays. \u00bb<\/p>\n<p><em>\u00a0<strong>Sur la primaire \u00e0 gauche <\/em>\u00a0<\/strong><br \/>\n\u00ab La primaire r\u00e8gle un probl\u00e8me de casting et pas un probl\u00e8me de sc\u00e9nario. \u00bb<br \/>\n\u00ab Le probl\u00e8me de la gauche, c\u2019est pas le probl\u00e8me du casting mais celui du sc\u00e9nario. \u00bb<br \/>\n\u00ab Il serait assez malhonn\u00eate de se lancer dans un processus de primaire et au final de soutenir un candidat qui dit exactement l\u2019inverse de ce que l\u2019on peut raconter. \u00bb<br \/>\n\u00ab On ne peut pas passer \u00e0 c\u00f4t\u00e9 du rapport de force du premier tour. \u00bb<br \/>\n\u00ab On verra bien combien il y aura de candidats \u00e0 gauche. Pour l\u2019instant, certains n\u2019ont que l\u2019intention d\u2019\u00eatre candidat. \u00bb<br \/>\n\u00ab Fabien Roussel sera candidat jusqu\u2019au bout. \u00bb<br \/>\n\u00ab Un candidat unique ne r\u00e8glerait pas le probl\u00e8me. \u00bb<br \/>\n\u00ab La gauche s\u2019est consid\u00e9rablement affaiblie ces derni\u00e8res ann\u00e9es. D\u2019abord parce qu\u2019elle a trahi. \u00bb<\/p>\n<p><em>\u00a0<strong>Sur les l\u00e9gislatives <\/em>\u00a0<\/strong><br \/>\n\u00ab Je souhaite qu\u2019on puisse travailler au rassemblement aux l\u00e9gislatives. \u00bb<br \/>\n\u00ab \u00c7a n\u2019est pas le m\u00eame mode de scrutin que l\u2019\u00e9lection pr\u00e9sidentielle. L\u00e0 c\u2019est 577 candidats donc il est plus facile de construire une diversit\u00e9 aux l\u00e9gislatives qu\u2019\u00e0 la pr\u00e9sidentielle. \u00bb<\/p>\n<p><em>\u00a0<strong>Sur les parrainages d\u2019\u00e9lus aux candidats <\/em>\u00a0<\/strong><br \/>\n\u00ab C\u2019est compliqu\u00e9 de changer les r\u00e8gles \u00e0 quelques mois d\u2019un scrutin. \u00bb<br \/>\n\u00ab Nous avions vot\u00e9 la r\u00e9forme de 2016 qui fait que les parrains des candidats doivent se d\u00e9clarer : je suis favorable \u00e0 la transparence. Je ne suis pas favorable \u00e0 l\u2019opacit\u00e9. \u00bb<br \/>\n\u00ab Il est normal qu\u2019un habitant sache qui son maire a parrain\u00e9. \u00bb<br \/>\n\u00ab J\u2019ai la conviction que Jean-Luc M\u00e9lenchon aura ses signatures. Et c\u2019est \u00e9videmment souhaitable. \u00bb<br \/>\n\u00ab Les \u00e9lus communistes parrainent le candidat communiste, c\u2019est normal. \u00bb<\/p>\n<p><em>\u00a0<strong>Sur l\u2019apr\u00e8s \u00e9ch\u00e9ances \u00e9lectorales \u00e0 gauche<\/em>\u00a0<\/strong><br \/>\n\u00ab Il va nous falloir \u00eatre capable de reb\u00e2tir une gauche populaire. Une gauche qui parle au monde du travail. \u00bb<br \/>\n\u00ab On a une gauche stratosph\u00e9rique qui s\u2019enferre dans des pol\u00e9miques ridicules et tr\u00e8s \u00e9loign\u00e9es des probl\u00e8mes des gens. \u00bb<br \/>\n\u00ab L\u2019apport du communisme fait que nous vivons dans une soci\u00e9t\u00e9 civilis\u00e9e. \u00bb<div id='gallery-1' class='gallery galleryid-13325 gallery-columns-3 gallery-size-thumbnail'><figure class='gallery-item'>\n\t\t\t<div class='gallery-icon landscape'>\n\t\t\t\t<a href='https:\/\/archives.regards.fr\/wp-content\/uploads\/2022\/01\/capture_d_ecran_2022-01-13_a_14-212.18.21.png'><img loading=\"lazy\" decoding=\"async\" width=\"150\" height=\"150\" src=\"https:\/\/archives.regards.fr\/wp-content\/uploads\/2022\/01\/capture_d_ecran_2022-01-13_a_14-212.18.21-150x150.png\" class=\"attachment-thumbnail size-thumbnail\" alt=\"capture_d_ecran_2022-01-13_a_14.18.21.png\" \/><\/a>\n\t\t\t<\/div><\/figure>\n\t\t<\/div>\n<\/p>\n","protected":false},"excerpt":{"rendered":"<p>La campagne de Fabien Roussel d\u00e9route \u00e0 gauche. Ses positions \u00e9tonnent et provoquent parfois de vives pol\u00e9miques \u00e0 gauche et viennent interroger la strat\u00e9gie du Parti communiste fran\u00e7ais. Ian Brossat, directeur de campagne de Fabien Roussel, est l\u2019invit\u00e9 de #LaMidinale. <\/p>\n","protected":false},"author":1039,"featured_media":31349,"comment_status":"open","ping_status":"open","sticky":false,"template":"","format":"standard","meta":{"_themeisle_gutenberg_block_has_review":false,"footnotes":""},"categories":[238],"tags":[293],"class_list":["post-13325","post","type-post","status-publish","format-standard","has-post-thumbnail","hentry","category-la-midinale","tag-entretien"],"_links":{"self":[{"href":"https:\/\/archives.regards.fr\/index.php?rest_route=\/wp\/v2\/posts\/13325","targetHints":{"allow":["GET"]}}],"collection":[{"href":"https:\/\/archives.regards.fr\/index.php?rest_route=\/wp\/v2\/posts"}],"about":[{"href":"https:\/\/archives.regards.fr\/index.php?rest_route=\/wp\/v2\/types\/post"}],"author":[{"embeddable":true,"href":"https:\/\/archives.regards.fr\/index.php?rest_route=\/wp\/v2\/users\/1039"}],"replies":[{"embeddable":true,"href":"https:\/\/archives.regards.fr\/index.php?rest_route=%2Fwp%2Fv2%2Fcomments&post=13325"}],"version-history":[{"count":0,"href":"https:\/\/archives.regards.fr\/index.php?rest_route=\/wp\/v2\/posts\/13325\/revisions"}],"wp:featuredmedia":[{"embeddable":true,"href":"https:\/\/archives.regards.fr\/index.php?rest_route=\/wp\/v2\/media\/31349"}],"wp:attachment":[{"href":"https:\/\/archives.regards.fr\/index.php?rest_route=%2Fwp%2Fv2%2Fmedia&parent=13325"}],"wp:term":[{"taxonomy":"category","embeddable":true,"href":"https:\/\/archives.regards.fr\/index.php?rest_route=%2Fwp%2Fv2%2Fcategories&post=13325"},{"taxonomy":"post_tag","embeddable":true,"href":"https:\/\/archives.regards.fr\/index.php?rest_route=%2Fwp%2Fv2%2Ftags&post=13325"}],"curies":[{"name":"wp","href":"https:\/\/api.w.org\/{rel}","templated":true}]}}