{"id":13322,"date":"2022-01-11T13:03:08","date_gmt":"2022-01-11T12:03:08","guid":{"rendered":"https:\/\/wp.muchomaas.com\/article-en-france-on-croit-que-l-universalime-est-un-totem-d-immunite-anti\/"},"modified":"2023-06-24T00:23:09","modified_gmt":"2023-06-23T22:23:09","slug":"article-en-france-on-croit-que-l-universalime-est-un-totem-d-immunite-anti","status":"publish","type":"post","link":"https:\/\/archives.regards.fr\/?p=13322","title":{"rendered":"\u00ab En France, on croit que l&#8217;universalime est un totem d\u2019immunit\u00e9 anti-discriminations. C&#8217;est faux. \u00bb"},"content":{"rendered":"<p class=\"post_excerpt\">Le d\u00e9put\u00e9 \u00ab Les Nouveaux D\u00e9mocrates \u00bb Aur\u00e9lien Tach\u00e9 vient de publier, avec Christophe Bertossi et Jan Willem Duyvendak, <em>Nativisme, ceux qui sont n\u00e9s quelque part\u2026 et qui veulent en exclure les autres<\/em> aux \u00e9ditions Les Petits Matins. Il est l\u2019invit\u00e9 de la Midinale.\n<\/p>\n<h2>UNE MIDINALE \u00c0 VOIR&#8230;<\/h2>\n<p><iframe loading=\"lazy\" width=\"490\" height=\"276\" src=\"https:\/\/www.youtube.com\/embed\/gWEM16oguFw\" title=\"YouTube video player\" frameborder=\"0\" allow=\"accelerometer; autoplay; clipboard-write; encrypted-media; gyroscope; picture-in-picture\" allowfullscreen><\/iframe><\/p>\n<p>&nbsp;<\/p>\n<p><h2>ET \u00c0 LIRE&#8230;<\/h2>\n<p><strong>Sur la d\u00e9finition du nativisme<\/strong><br \/>\n\u00ab Le nativisme, c\u2019est un peu la prime \u00e0 l\u2019anciennet\u00e9 c\u2019est-\u00e0-dire que, dans un pays, on consid\u00e8re que ceux qui sont la depuis le plus de temps ont le plus de droits. \u00bb<br \/>\n\u00ab Souvent, ce sont les premi\u00e8res vagues de migration elles-m\u00eames qui finissent par vouloir fermer la porte. \u00bb<br \/>\n\u00ab Ce sont des pays d\u2019\u00e9migration comme les Etats-Unis ou l\u2019Australie o\u00f9 un certain nombre de premiers immigr\u00e9s consid\u00e8rent que c\u2019est leurs terres et que ceux qui sont arriv\u00e9s ensuite n\u2019ont rien \u00e0 faire l\u00e0 ou doivent avoir moins de droits que les autres. \u00bb<br \/>\n\u00ab Ce n\u2019est pas tout \u00e0 fait le m\u00eame concept que le racisme parce qu\u2019il n\u2019y a pas, a priori, dans le nativisme, de gens qui vont dire que les Blancs sont sup\u00e9rieurs aux Noirs mais ils nient l\u2019universalisme au sens propre et les droits de l\u2019homme. \u00bb<\/p>\n<p><strong>Sur le racisme et l\u2019islamophobie du nativisme<\/strong><br \/>\n\u00ab Il y a une notion d\u2019exclusion dans le nativisme : tout le monde ne pourrait pas rentrer dans l\u2019universel. \u00bb<br \/>\n\u00ab Le musulman est souvent d\u00e9sign\u00e9 dans les pays occidentaux \u00e0 l\u2019\u00e9poque contemporaine comme ne pouvant pas entrer dans une sorte d\u2019universalit\u00e9, dans les droits humains. \u00bb<br \/>\n\u00ab On dit que les Pays-Bas est un pays multiculturaliste mais, en r\u00e9alit\u00e9, ce multiculturalisme y est assez introuvable. Pour faire un parall\u00e8le avec la France, on peut dire que les immigr\u00e9s, et notamment ceux de culture musulmane, y sont tout autant rejet\u00e9s avec des m\u00e9canismes un peu diff\u00e9rents : dans ce pays, on va expliquer que pour garder des coutumes lib\u00e9rales, pour revendiquer une tradition f\u00e9ministe ou pour d\u00e9fendre les droits des LGBT, on est oblig\u00e9 d\u2019exclure le musulman qui ne peut pas, soit-disant \u00e0 cause de l\u2019islam, entrer dans une culture qui serait celle d\u2019un pays lib\u00e9ral. En France, c\u2019est plus autour de concepts comme la la\u00efcit\u00e9 qu\u2019on va dire que l\u2019immigr\u00e9, notamment de culture musulmane, n\u2019est pas compatible avec la France. \u00bb<br \/>\n\u00ab On se revendique d\u2019un corpus de traditions qui rel\u00e8verait de l\u2019identit\u00e9 nationale qui fait que l\u2019on exclut certaines cat\u00e9gories de population. On essaie donc de travestir ce qui est une identit\u00e9 nationale qui exclut en universalisme ou en multiculturalisme. \u00bb<\/p>\n<p><strong>Sur la la\u00efcit\u00e9 et le r\u00e9publicanisme<\/strong><br \/>\n\u00ab Il faudrait revenir \u00e0 une conception de la la\u00efcit\u00e9 qui \u00e9tait celle du d\u00e9part, de 1905 : la la\u00efcit\u00e9 comme un principe d\u2019organisation de la soci\u00e9t\u00e9 qui permet \u00e0 chacun de croire ou de ne pas croire, qui fait que l\u2019Etat est neutre et ne choisit aucune religion mais qui n\u2019est pas \u00e9rig\u00e9e en valeur. \u00bb<br \/>\n\u00ab Le probl\u00e8me dans le nativisme, c\u2019est que l\u2019on prend un principe et qu\u2019on en fait une valeur : quand Xavier Bertrand ou d\u2019autres veulent inscrire la la\u00efcit\u00e9 dans la Constitution, leur id\u00e9e est d\u2019en faire quelque chose qui n\u2019est plus un principe de libert\u00e9 mais qui serait une esp\u00e8ce de valeur identitaire. La R\u00e9publique devient quelque chose d\u2019autre que le cadre de la d\u00e9mocratie et des droits de l\u2019Homme. \u00bb<br \/>\n\u00ab Certains vont m\u00eame plus loin : Marine Le Pen propose d\u2019inscrire l\u2019identit\u00e9 nationale dans la Constitution. Elle le fait parce qu\u2019elle sait que la la\u00efcit\u00e9 telle qu\u2019issue de la loi de 1905 ne permettra pas de faire une loi pour interdire le voile dans l\u2019espace public : ce serait contraire \u00e0 la libert\u00e9 de conscience. Mais si on inscrit l\u2019identit\u00e9 nationale dans la Constitution, on peut tout d\u2019un coup dire, que la France est un pays ou finalement ou tel ou tel signe religieux comme le voile, est rejet\u00e9. \u00bb<\/p>\n<p><strong>Sur l\u2019identit\u00e9 fran\u00e7aise<\/strong><br \/>\n\u00ab Le cadre politique dans lequel on \u00e9volue, c\u2019est la d\u00e9mocratie et les droits de l\u2019Homme. Quand on attache les droits humains \u00e0 la d\u00e9mocratie, cela donne la R\u00e9publique. \u00bb<br \/>\n\u00ab J\u2019ai soutenu Emmanuel Macron pendant trois ans et j\u2019aimais beaucoup lorsqu\u2019il disait que la culture fran\u00e7aise \u00e9tait un fleuve avec mille confluents c\u2019est-\u00e0-dire qu\u2019il n\u2019y avait pas une culture fran\u00e7aise monolithique. \u00bb<br \/>\n\u00ab Il y a des identit\u00e9s r\u00e9gionales et des cultures diverses. C\u2019est cela qui fait historiquement un peuple. Mais la Nation n\u2019est qu\u2019une fiction politique. Elle n\u2019a pas \u00e0 \u00eatre d\u00e9crite en termes culturels ou identitaires. \u00bb<br \/>\n\u00ab Il y a un certain art d\u2019\u00eatre fran\u00e7ais : on s\u2019engueule, on a une certaine culture litt\u00e9raire. Mais il ne faut surtout pas se pr\u00e9tendre d\u2019une quelconque objectivit\u00e9 en la mati\u00e8re. \u00bb<\/p>\n<p><strong>Sur l\u2019identit\u00e9 fran\u00e7aise<\/strong><br \/>\n\u00ab Dans un pays comme la France, il y a beaucoup de non-dits et d\u2019impens\u00e9s sur la question des discriminations, des religions ou des cultures. \u00bb<br \/>\n\u00ab On a h\u00e9rit\u00e9 des Lumi\u00e8res une conception tr\u00e8s abstraite de la citoyennet\u00e9. Cela a fig\u00e9 et r\u00e9ifi\u00e9 \u00e0 une \u00e9poque o\u00f9 l\u2019homme blanc qui \u00e9tait la figure r\u00e9volutionnaire \u00e0 ce moment-l\u00e0. \u00bb<br \/>\n\u00ab L\u2019h\u00e9ritage jacobin fait que l\u2019on a \u00e9norm\u00e9ment de mal \u00e0 penser l\u2019alt\u00e9rit\u00e9. Et cela a \u00e9t\u00e9 accentu\u00e9 par la tradition tr\u00e8s marxiste de la gauche. \u00bb<br \/>\n\u00ab Le marxisme consid\u00e9rant que tout est \u00e9conomique et social a \u00e9norm\u00e9ment de mal \u00e0 voir l\u2019individu et les discriminations qu\u2019il peut subir en fonction de son genre, de son origine\u2026 Le credo marxiste traditionnel, c\u2019est : r\u00e9solvons la question des moyens de production et tout cela disparaitra. C\u2019est faux. \u00bb<br \/>\n\u00ab Aux Etats-Unis, il y a une tradition des combats, des marches civiques pour les libert\u00e9s qui est beaucoup plus forte et qui permet d\u2019appr\u00e9hender ces ph\u00e9nom\u00e8nes. \u00bb<br \/>\n\u00ab En France, on a un tabou parce que l&#8217;universalime serait un totem d\u2019immunit\u00e9 contre toutes les difficult\u00e9s et discriminations. Et c\u2019est particuli\u00e8rement difficile \u00e0 d\u00e9construire. \u00bb<\/p>\n<p><strong>Sur la bataille culturelle<\/strong><br \/>\n\u00ab Mon ressenti en tant que parlementaire militant intersectionnel, c\u2019est que l\u2019on prend cher et que c\u2019est tr\u00e8s compliqu\u00e9. \u00bb<br \/>\n\u00ab C\u2019\u00e9tait manifeste au Parti socialiste et je pensais qu\u2019en allant vers la macronie en 2017 que, certes ils \u00e9taient lib\u00e9raux, mais que sur ces sujets-l\u00e0, ils seraient plus en pointe, mais c\u2019est un enfer absolu : avec Jean-Michel Blanquer et beaucoup de figures de ce mouvement politique, le contraire absolu de cela. \u00bb<br \/>\n\u00ab Aujourd\u2019hui, qu\u2019est-ce qui diff\u00e9rencie des conservateurs de droite traditionalistes et catholiques, de ces pseudo-r\u00e9publicains ? \u00bb<br \/>\n\u00ab A part quelques figures comme Sandrine Rousseau ou Elsa Faucillon qui sont vraiment au clair sur ces sujets, on a beaucoup de mal\u2026 L\u2019anath\u00e8me d\u2019islamogauchiste n\u2019existe qu\u2019en France ! \u00bb<br \/>\n\u00ab Si on s\u2019am\u00e9ricanise, ce n\u2019est pas parce que l\u2019on deviendrait woke ou intersectionnel mais parce qu\u2019il y a une trumpisation du d\u00e9bat fran\u00e7ais qui est terrible et qui touche une partie de la gauche. \u00bb<\/p>\n<p><strong>Sur l\u2019\u00e9cologie politique et l\u2019identit\u00e9 fran\u00e7aise<\/strong><br \/>\n\u00ab L\u2019\u00e9cologie politique peut \u00eatre une nouvelle matrice pour renouer avec l\u2019humanisme que je ch\u00e9ris en y faisant entrer de nouvelles probl\u00e9matiques, notamment le vivant. \u00bb<br \/>\n\u00ab On a eu un humanisme imparfait apr\u00e8s la R\u00e9volution fran\u00e7aise qui a pens\u00e9 les droits humains en oubliant les femmes, les personnes racis\u00e9es, sans parler des non-humains. L\u2019\u00e9cologie politique doit \u00eatre cette matrice permet de dire que chaque vie compte, que l\u2019on doit internationaliser l\u2019ensemble des r\u00e9ponses politiques parce que les probl\u00e9matiques sont internationales comme le climat. \u00bb<div id='gallery-1' class='gallery galleryid-13322 gallery-columns-3 gallery-size-thumbnail'><figure class='gallery-item'>\n\t\t\t<div class='gallery-icon landscape'>\n\t\t\t\t<a href='https:\/\/archives.regards.fr\/wp-content\/uploads\/2022\/01\/capture-d_e_cran-2022-01-11-a_-12-50d.38.06.png'><img loading=\"lazy\" decoding=\"async\" width=\"150\" height=\"150\" src=\"https:\/\/archives.regards.fr\/wp-content\/uploads\/2022\/01\/capture-d_e_cran-2022-01-11-a_-12-50d.38.06-150x150.png\" class=\"attachment-thumbnail size-thumbnail\" alt=\"capture-d_e_cran-2022-01-11-a_-12.38.06.png\" \/><\/a>\n\t\t\t<\/div><\/figure>\n\t\t<\/div>\n<\/p>\n","protected":false},"excerpt":{"rendered":"<p>Le d\u00e9put\u00e9 \u00ab Les Nouveaux D\u00e9mocrates \u00bb Aur\u00e9lien Tach\u00e9 vient de publier, avec Christophe Bertossi et Jan Willem Duyvendak, <em>Nativisme, ceux qui sont n\u00e9s quelque part\u2026 et qui veulent en exclure les autres<\/em> aux \u00e9ditions Les Petits Matins. Il est l\u2019invit\u00e9 de la Midinale.<\/p>\n","protected":false},"author":1204,"featured_media":31343,"comment_status":"open","ping_status":"open","sticky":false,"template":"","format":"standard","meta":{"_themeisle_gutenberg_block_has_review":false,"footnotes":""},"categories":[238],"tags":[293],"class_list":["post-13322","post","type-post","status-publish","format-standard","has-post-thumbnail","hentry","category-la-midinale","tag-entretien"],"_links":{"self":[{"href":"https:\/\/archives.regards.fr\/index.php?rest_route=\/wp\/v2\/posts\/13322","targetHints":{"allow":["GET"]}}],"collection":[{"href":"https:\/\/archives.regards.fr\/index.php?rest_route=\/wp\/v2\/posts"}],"about":[{"href":"https:\/\/archives.regards.fr\/index.php?rest_route=\/wp\/v2\/types\/post"}],"author":[{"embeddable":true,"href":"https:\/\/archives.regards.fr\/index.php?rest_route=\/wp\/v2\/users\/1204"}],"replies":[{"embeddable":true,"href":"https:\/\/archives.regards.fr\/index.php?rest_route=%2Fwp%2Fv2%2Fcomments&post=13322"}],"version-history":[{"count":0,"href":"https:\/\/archives.regards.fr\/index.php?rest_route=\/wp\/v2\/posts\/13322\/revisions"}],"wp:featuredmedia":[{"embeddable":true,"href":"https:\/\/archives.regards.fr\/index.php?rest_route=\/wp\/v2\/media\/31343"}],"wp:attachment":[{"href":"https:\/\/archives.regards.fr\/index.php?rest_route=%2Fwp%2Fv2%2Fmedia&parent=13322"}],"wp:term":[{"taxonomy":"category","embeddable":true,"href":"https:\/\/archives.regards.fr\/index.php?rest_route=%2Fwp%2Fv2%2Fcategories&post=13322"},{"taxonomy":"post_tag","embeddable":true,"href":"https:\/\/archives.regards.fr\/index.php?rest_route=%2Fwp%2Fv2%2Ftags&post=13322"}],"curies":[{"name":"wp","href":"https:\/\/api.w.org\/{rel}","templated":true}]}}