{"id":13320,"date":"2022-01-10T13:27:50","date_gmt":"2022-01-10T12:27:50","guid":{"rendered":"https:\/\/wp.muchomaas.com\/article-david-cormand-il-n-y-a-pas-de-continuite-ideologique-entre-la-social-democratie\/"},"modified":"2023-06-24T00:23:05","modified_gmt":"2023-06-23T22:23:05","slug":"article-david-cormand-il-n-y-a-pas-de-continuite-ideologique-entre-la-social-democratie","status":"publish","type":"post","link":"https:\/\/archives.regards.fr\/?p=13320","title":{"rendered":"David Cormand : \u00ab Il n&#8217;y a pas de continuit\u00e9 id\u00e9ologique entre la social-d\u00e9mocratie et l&#8217;\u00e9cologie \u00bb"},"content":{"rendered":"<p class=\"post_excerpt\">Yannick Jadot a redit ce weekend son refus de participer \u00e0 une primaire populaire. Le candidat \u00e9cologiste maintiendra-t-il sa strat\u00e9gie jusqu&#8217;au bout ? David Cormand, d\u00e9put\u00e9 europ\u00e9en EELV, est l&#8217;invit\u00e9 de #LaMidinale.<\/p>\n<h2>UNE MIDINALE \u00c0 VOIR&#8230;<\/h2>\n<p><iframe loading=\"lazy\" width=\"490\" height=\"276\" src=\"https:\/\/www.youtube.com\/embed\/MyYygJAbUts\" title=\"YouTube video player\" frameborder=\"0\" allow=\"accelerometer; autoplay; clipboard-write; encrypted-media; gyroscope; picture-in-picture\" allowfullscreen><\/iframe><\/p>\n<p>&nbsp;<\/p>\n<p><h2>ET \u00c0 LIRE&#8230;<\/h2>\n<p><strong>Sur les alliances \u00e0 g\u00e9om\u00e9trie variable \u00e0 gauche<\/strong><br \/>\n\u00ab Les collectivit\u00e9s territoriales, ce n\u2019est pas la France. [M\u00eame lorsque cela se fait], cela ne se fait pas toujours dans la paix et la f\u00e9licit\u00e9e. Et derri\u00e8re le leadership soit du PS, soit d\u2019EELV, soit du PCF. \u00bb<br \/>\n\u00ab Aujourd\u2019hui, on n\u2019a pas les relations de confiance, on n\u2019a pas la vision commune de ce qu\u2019il faudrait faire comme on peut l\u2019avoir au niveau d\u2019une ville et il y a un d\u00e9ficit de leadership qui ne se r\u00e8gle ni autour d\u2019une table ni par une primaire au rabais. \u00bb<br \/>\n\u00ab L\u2019urgence, c\u2019est une nouvelle colonne vert\u00e9brale. \u00bb<br \/>\n\u00ab A chaque fois que la gauche, c\u2019est-\u00e0-dire \u00e0 l\u2019\u00e9poque le Parti socialiste, a gagn\u00e9 une \u00e9lection pr\u00e9sidentielle, il n\u2019y avait pas d\u2019unit\u00e9. \u00bb<br \/>\n\u00ab Le pr\u00e9suppos\u00e9 absolu selon lequel il n\u2019y a aucune victoire possible du camp progressiste quand il y a X candidatures, c\u2019est historiquement et factuellement faux. \u00bb<br \/>\n\u00ab On est arriv\u00e9 \u00e0 une fin de cycle de la social-d\u00e9mocratie. On assiste \u00e0 la d\u00e9composition du camp politique qui avait la responsabilit\u00e9 depuis 50 ans d\u2019organiser une majorit\u00e9 ou une alternance \u00e0 la droite. Aujourd\u2019hui, ce camp-l\u00e0 est face \u00e0 une impossibilit\u00e9 th\u00e9orique de gagner \u00e0 nouveau parce qu\u2019il a d\u00e9\u00e7u ou trahi. \u00bb<br \/>\n\u00ab La social-d\u00e9mocratie est politiquement obsol\u00e8te. \u00bb<\/p>\n<p><strong>Sur la primaire populaire<\/strong><br \/>\n\u00ab Cette option qui parait arithm\u00e9tiquement int\u00e9ressante est une impasse. \u00bb<br \/>\n\u00ab L\u2019erreur d\u2019analyse au d\u00e9part est de croire que la gauche est faible parce qu\u2019elle est divis\u00e9e. Je crois au contraire qu\u2019elle est divis\u00e9e parce qu\u2019elle est faible. \u00bb<br \/>\n\u00ab Taubira, Montebourg, Hidalgo et M\u00e9lenchon sont issus au d\u00e9part d\u2019une m\u00eame famille politique. \u00bb<br \/>\n\u00ab EELV a \u00e9t\u00e9 un partenaire du camp social-d\u00e9mocrate mais je r\u00e9fute le fait que nous ayons \u00e9t\u00e9 partie prenante comme l\u2019a \u00e9t\u00e9 le PRG ou Place Publique. \u00bb<br \/>\n\u00ab La Primaire populaire ressemble furieusement \u00e0 ce qu\u2019a \u00e9t\u00e9 la Belle Alliance Populaire d\u2019il y a 5 ans. \u00bb<br \/>\n\u00ab 300.000 personnes inscrites \u00e0 la Primaire populaire, c\u2019est moins que les gens qui ont particip\u00e9 \u00e0 la primaire \u00e9colo + les adh\u00e9rents du PCF qui ont un candidat + les adh\u00e9rents du PS qui ont un candidat + tous ceux qui ont soutenu la candidature de Jean-Luc M\u00e9lenchon. \u00bb<\/p>\n<p><strong>Sur l\u2019unit\u00e9 \u00e0 gauche<\/strong><br \/>\n\u00ab On assiste en spectateurs \u00e0 la d\u00e9composition d\u2019une pens\u00e9e politique qui n\u2019est pas la notre. Et l\u2019on est mis en demeure de devoir \u00eatre les raccommodeurs de cette histoire-l\u00e0. \u00bb<br \/>\n\u00ab Pour \u00eatre utile \u00e0 l\u2019unit\u00e9, il faut que chacun soit clair. \u00bb<br \/>\n\u00ab Nous les \u00e9cologistes, nous sommes en train de le faire : je demande un peu d\u2019indulgence et de temps. Rome ne s\u2019est pas faite en un jour\u2026 Nous venons de loin, nous sommes une pens\u00e9e qui a longtemps \u00e9t\u00e9 minoritaire et p\u00e9riph\u00e9rique mais qui est en train de devenir centrale. Mais cela ne se fait pas en quelques jours ou quelques mois et nous sommes dans les bons temps interm\u00e9diaires pour affirmer cette identit\u00e9 nouvelle. \u00bb<br \/>\n\u00ab La question du moment politique trouble que nous traversons est moins celui de la radicalit\u00e9 que de la clart\u00e9. \u00bb<\/p>\n<p><strong>Sur Jean-Luc M\u00e9lenchon<\/strong><br \/>\n\u00ab Jean-Luc M\u00e9lenchon est un social-d\u00e9mocrate pimp\u00e9 avec davantage d\u2019\u00e9cologie, un retour \u00e0 la premi\u00e8re gauche avec le jacobinisme et un r\u00e9cit populiste. \u00bb<br \/>\n\u00ab Jean-Luc M\u00e9lenchon n\u2019a pas r\u00e9ussi entre 2017 et 2022 \u00e0 g\u00e9n\u00e9rer une force alternative \u00e0 la droite. \u00bb<\/p>\n<p><strong>Sur le Parti socialiste<\/strong><br \/>\n\u00ab Le Parti socialiste n\u2019est absolument pas fiable sur sa base id\u00e9ologique. \u00bb<br \/>\n\u00ab Je ne demande pas aux socialistes d\u2019\u00eatre \u00e9cologistes mais qu\u2019ils commencent par \u00eatre socialistes, ce serait un bon d\u00e9but. \u00bb<br \/>\n\u00ab Quand Anne Hidalgo parle, on a l\u2019impression de lire la quatri\u00e8me de couverture d\u2019un document d\u2019urbanisme. \u00bb<br \/>\n\u00ab Anne Hidalgo a dit que les \u00e9cologistes avaient un probl\u00e8me avec la R\u00e9publique, elle fait la Tour Triangle\u2026 \u00bb<br \/>\n\u00ab La sinc\u00e9rit\u00e9 d\u2019Anne Hidalgo sur la primaire, c\u2019est vraiment le bal des faux-culs. \u00bb<br \/>\n\u00ab Anne Hidalgo dit qu\u2019elle ne veut plus participer \u00e0 la primaire apr\u00e8s avoir dit qu\u2019elle voulait y participer tout en disant\u2026 Bref. \u00bb<\/p>\n<p><strong>Sur les l\u00e9gislatives<\/strong><br \/>\n\u00ab Avec l\u2019inversion du calendrier, les l\u00e9gislatives sont le troisi\u00e8me tour de la pr\u00e9sidentielle. \u00bb<br \/>\n\u00ab Notre strat\u00e9gie de partenariat et de rassemblement pour les l\u00e9gislatives est index\u00e9e sur le p\u00e9rim\u00e8tre de soutien \u00e0 Yannick Jadot pour la pr\u00e9sidentielle. \u00bb<br \/>\n\u00ab Si nous sommes au deuxi\u00e8me tour de la pr\u00e9sidentielle, il conviendra de construire une majorit\u00e9 parlementaire et gouvernementale pour gouverner le pays. \u00bb<\/p>\n<p><strong>Sur le rassemblement de la gauche pour la victoire<\/strong><br \/>\n\u00ab Le rassemblement est une condition une fois qu\u2019un processus a \u00e9t\u00e9 \u00e9tabli. \u00bb<br \/>\n\u00ab La primaire ne doit pas \u00eatre un pr\u00e9alable mais une cons\u00e9quence. Une alliance est la cons\u00e9quence d\u2019un processus politique qui a inscrit un projet dans la clart\u00e9, une vision de la soci\u00e9t\u00e9, un p\u00e9rim\u00e8tre politique et un programme de gouvernement. \u00bb<br \/>\n\u00ab Il n\u2019y a pas de continuit\u00e9 id\u00e9ologique entre la social-d\u00e9mocratie et l\u2019\u00e9cologie politique. Ce n\u2019est pas pareil et on ne peut se mettre autour d\u2019une table pour se mettre d\u2019accord sur le plus petit d\u00e9nominateur commun \u2013 on l\u2019a d\u00e9j\u00e0 fait avec Hollande en 2012 et on a vu ce que \u00e7a a donn\u00e9. \u00bb<br \/>\n\u00ab On ne veut pas gagner tout seul en refusant tout rassemblement. On dit que le prisme qui peut construire une majorit\u00e9 d\u2019id\u00e9e, c\u2019est celui de l\u2019\u00e9cologie politique dont nous revendiquons le leadership avec des partenaires. On assume de ne pas mettre un signe \u00e9gal entre tous les courants politiques. \u00bb<br \/>\n\u00ab Les fachos sont \u00e0 35%, il y a une crise \u00e9cologiste sans pr\u00e9c\u00e9dent, il y a une crise sociale, il y a ce qu\u2019il se passe avec les migrants\u2026 et le c\u0153ur de l\u2019action militante de d\u00e9sob\u00e9issance civile du c\u0153ur de la gauche, c\u2019est de faire des stands avec des pancartes devant les locaux de campagne des candidats de gauche. On est dans un entre-soi symptomatique d\u2019une fin de cycle. \u00bb<\/p>\n<p><strong>Sur la strat\u00e9gie de Yannick Jadot pour la pr\u00e9sidentielle<\/strong><br \/>\n\u00ab On va continuer \u00e0 faire ce que l\u2019on fait d\u00e9j\u00e0 pour avoir une candidature claire, simple, dire les choses et convaincre. \u00bb<\/p>\n<p><strong>Sur la question alimentaire<\/strong><br \/>\n\u00ab On fait un mauvais proc\u00e8s \u00e0 Fabien Roussel : les r\u00e9flexes pavloviens, c\u2019est de lui tomber dessus d\u00e8s qu\u2019il fallait. \u00bb<br \/>\n\u00ab Moi, je ne suis pas d\u2019accord avec Fabien Roussel mais \u00e7a ne date pas d\u2019aujourd\u2019hui : il incarne une forme de communisme chimiquement pur si on peut dire et je ne partage pas ses options. \u00bb<br \/>\n\u00ab Oui, la gastronomie fran\u00e7aise, c\u2019est aussi du bon vin, \u00e0 condition que ce soit du bon vin. C\u2019est aussi de la bonne viande, \u00e0 condition qu\u2019elle ne soit pas industrielle. C\u2019est aussi du bon fromage, \u00e0 condition que \u00e7a ne soit pas de la Vache-qui-rit mais du vrai fromage fait par des artisans et des paysans. Mais c\u2019est aussi des bons l\u00e9gumes, des bons fruits, c\u2019est aussi avoir le droit d\u2019\u00eatre v\u00e9g\u00e9tarien ou vegan. \u00bb<br \/>\n\u00ab Faire du saucisson et du pinard un \u00e9tendard politique, c\u2019est un peu r\u00e9ducteur mais ce n\u2019est pas, je pense, ce que voulait dire Fabien Roussel. \u00bb<div id='gallery-1' class='gallery galleryid-13320 gallery-columns-3 gallery-size-thumbnail'><figure class='gallery-item'>\n\t\t\t<div class='gallery-icon landscape'>\n\t\t\t\t<a href='https:\/\/archives.regards.fr\/wp-content\/uploads\/2022\/01\/capture-d_e_cran-2022-01-10-a_-13-156.22.23.png'><img loading=\"lazy\" decoding=\"async\" width=\"150\" height=\"150\" src=\"https:\/\/archives.regards.fr\/wp-content\/uploads\/2022\/01\/capture-d_e_cran-2022-01-10-a_-13-156.22.23-150x150.png\" class=\"attachment-thumbnail size-thumbnail\" alt=\"capture-d_e_cran-2022-01-10-a_-13.22.23.png\" \/><\/a>\n\t\t\t<\/div><\/figure>\n\t\t<\/div>\n<\/p>\n","protected":false},"excerpt":{"rendered":"<p>Yannick Jadot a redit ce weekend son refus de participer \u00e0 une primaire populaire. Le candidat \u00e9cologiste maintiendra-t-il sa strat\u00e9gie jusqu&#8217;au bout ? David Cormand, d\u00e9put\u00e9 europ\u00e9en EELV, est l&#8217;invit\u00e9 de #LaMidinale.<\/p>\n","protected":false},"author":1039,"featured_media":31339,"comment_status":"open","ping_status":"open","sticky":false,"template":"","format":"standard","meta":{"_themeisle_gutenberg_block_has_review":false,"footnotes":""},"categories":[238],"tags":[293],"class_list":["post-13320","post","type-post","status-publish","format-standard","has-post-thumbnail","hentry","category-la-midinale","tag-entretien"],"_links":{"self":[{"href":"https:\/\/archives.regards.fr\/index.php?rest_route=\/wp\/v2\/posts\/13320","targetHints":{"allow":["GET"]}}],"collection":[{"href":"https:\/\/archives.regards.fr\/index.php?rest_route=\/wp\/v2\/posts"}],"about":[{"href":"https:\/\/archives.regards.fr\/index.php?rest_route=\/wp\/v2\/types\/post"}],"author":[{"embeddable":true,"href":"https:\/\/archives.regards.fr\/index.php?rest_route=\/wp\/v2\/users\/1039"}],"replies":[{"embeddable":true,"href":"https:\/\/archives.regards.fr\/index.php?rest_route=%2Fwp%2Fv2%2Fcomments&post=13320"}],"version-history":[{"count":0,"href":"https:\/\/archives.regards.fr\/index.php?rest_route=\/wp\/v2\/posts\/13320\/revisions"}],"wp:featuredmedia":[{"embeddable":true,"href":"https:\/\/archives.regards.fr\/index.php?rest_route=\/wp\/v2\/media\/31339"}],"wp:attachment":[{"href":"https:\/\/archives.regards.fr\/index.php?rest_route=%2Fwp%2Fv2%2Fmedia&parent=13320"}],"wp:term":[{"taxonomy":"category","embeddable":true,"href":"https:\/\/archives.regards.fr\/index.php?rest_route=%2Fwp%2Fv2%2Fcategories&post=13320"},{"taxonomy":"post_tag","embeddable":true,"href":"https:\/\/archives.regards.fr\/index.php?rest_route=%2Fwp%2Fv2%2Ftags&post=13320"}],"curies":[{"name":"wp","href":"https:\/\/api.w.org\/{rel}","templated":true}]}}