{"id":13315,"date":"2022-01-07T14:58:48","date_gmt":"2022-01-07T13:58:48","guid":{"rendered":"https:\/\/wp.muchomaas.com\/article-a-rebours-d-une-idee-recue-bien-ancree-roger-sue\/"},"modified":"2023-06-24T00:22:52","modified_gmt":"2023-06-23T22:22:52","slug":"article-a-rebours-d-une-idee-recue-bien-ancree-roger-sue","status":"publish","type":"post","link":"https:\/\/archives.regards.fr\/?p=13315","title":{"rendered":"\u00ab Les gens sont dans un moment de r\u00e9volte avant d\u2019\u00eatre dans un moment de r\u00e9volution \u00bb"},"content":{"rendered":"<p class=\"post_excerpt\">\u00c0 rebours d\u2019une id\u00e9e re\u00e7ue bien ancr\u00e9e, Roger Sue a publi\u00e9 hier une tribune dans <em>Le Monde<\/em> o\u00f9 il affirme que <em>\u00ab la France est un pays de gauche qui vote \u00e0 droite \u00bb<\/em>. Ainsi la France serait plus \u00e0 gauche qu\u2019on ne le pense, ne serait-ce que parce que les Fran\u00e7ais sont des d\u00e9mocrates, attach\u00e9s \u00e0 des valeurs. Le sociologue, auteur de <em>Le spectre totalitaire<\/em> aux \u00e9ditions Les Liens qui Lib\u00e8rent, est l\u2019invit\u00e9 de #LaMidinale.\n<\/p>\n<h2>UNE MIDINALE \u00c0 VOIR&#8230;<\/h2>\n<p><iframe loading=\"lazy\" width=\"490\" height=\"276\" src=\"https:\/\/www.youtube.com\/embed\/w-AEGk_QG3U\" title=\"YouTube video player\" frameborder=\"0\" allow=\"accelerometer; autoplay; clipboard-write; encrypted-media; gyroscope; picture-in-picture\" allowfullscreen><\/iframe><\/p>\n<p>&nbsp;<\/p>\n<p><h2>ET \u00c0 LIRE&#8230;<\/h2>\n<p><strong>Sur la gauche<\/strong><br \/>\n\u00ab L\u2019\u00e9lectorat est tr\u00e8s volatil (\u2026). Je ne me hasarderai pas \u00e0 des pronostics. \u00bb<br \/>\n\u00ab Il me semble que depuis une vingtaine d\u2019ann\u00e9es, on assiste \u00e0 une droitisation politique. \u00bb<br \/>\n\u00ab La gauche &#8211; et je n\u2019ose pas dire la gauche &#8211; quand elle prend le pouvoir : c\u2019est d\u00e9sastreux. Elle joue contre son camp et les Fran\u00e7ais ont la m\u00e9moire longue. \u00c7a ne fait qu\u2019accentuer une d\u00e9rive droiti\u00e8re. \u00bb<br \/>\n\u00ab Comme sociologue, j\u2019observe les m\u0153urs et valeurs dans notre soci\u00e9t\u00e9 et je vois bien le hiatus qu\u2019il y a entre soci\u00e9t\u00e9 civile et repr\u00e9sentation politique. Il y a une crise de la repr\u00e9sentation dans notre pays. \u00bb<br \/>\n\u00ab Les intellectuels ont leur part de responsabilit\u00e9. \u00bb<br \/>\n\u00ab Les intellectuels ont leur responsabilit\u00e9 par rapport \u00e0 ce que Gramsci appelait le pouvoir culturel. \u00bb<br \/>\n\u00ab Quand il s\u2019agit de g\u00e9rer un pays, la droite a les instruments. La gauche quant \u00e0 elle, doit avoir un programme. Une h\u00e9g\u00e9monie culturelle. Malheureusement, \u00e7a n\u2019a pas \u00e9t\u00e9 fait. \u00bb<br \/>\n\u00ab J\u2019ai vu le Parti socialiste se rabougrir et s\u2019\u00e9teindre. \u00bb<br \/>\n\u00ab \u00c0 gauche, on a perdu l\u2019id\u00e9e qu\u2019il y avait un sens \u00e0 l\u2019histoire. \u00bb<br \/>\n\u00ab Depuis le 19\u00e8me si\u00e8cle, voire depuis Les Lumi\u00e8res, on avait un esp\u00e9ranto qui passait par le positivisme. \u00bb<br \/>\n\u00ab Aujourd\u2019hui, la pens\u00e9e intellectuelle est mise \u00e0 distance parce qu\u2019on sait qu\u2019il n\u2019y a pas de pierre philosophale. \u00bb<br \/>\n\u00ab Les partis politiques, ne serait-ce que parce qu\u2019ils n\u2019ont pas discut\u00e9 beaucoup avec les intellectuels, ont encore beaucoup plus de responsabilit\u00e9s. \u00bb<br \/>\n\u00ab Il y a eu une grande d\u00e9ception par rapport au quinquennat de Fran\u00e7ois Hollande dont il faut se relever. Il faut se relever mais on n\u2019a pas beaucoup travaill\u00e9 pour cela. \u00bb<br \/>\n\u00ab Il y a un effort \u00e0 refaire le logiciel de la gauche. \u00bb<br \/>\n\u00ab Je veux insister sur l\u2019immobilisme des institutions politiques : il faut voir \u00e0 quel niveau de d\u00e9sh\u00e9rences sont arriv\u00e9es les institutions. \u00bb<br \/>\n\u00ab Les gens sont d\u2019abord dans un moment de r\u00e9volte avant d\u2019\u00eatre dans un moment de r\u00e9volution. On est dans l\u2019exasp\u00e9ration et elle s\u2019est traduite dans le mouvement des gilets jaunes. \u00bb<\/p>\n<p><strong>Sur la droitisation de l\u2019espace public<\/strong><br \/>\n\u00ab Les gens ne trouvant pas mati\u00e8re \u00e0 croire dans le credo r\u00e9publicain se replient sur des questions identitaires. \u00bb<br \/>\n\u00ab Le premier parti en France n\u2019est pas l\u2019extr\u00eame droite mais l\u2019abstention : il y a refus de vote et vote de refus. \u00bb<br \/>\n\u00ab Qu\u2019est-ce qui reste comme armes au politique face \u00e0 une soci\u00e9t\u00e9 civile aussi effervescente ? Il lui reste les instruments r\u00e9galiens. \u00bb<br \/>\n\u00ab Le politique n\u2019ayant pas suffisamment \u00e9t\u00e9 \u00e0 l\u2019\u00e9coute du renouveau social et culturel de la soci\u00e9t\u00e9, se trouve compl\u00e8tement d\u00e9pourvu et il ne lui reste globalement que peu d\u2019armes. \u00bb<br \/>\n\u00ab P\u00e9cresse ressort le k\u00e4rcher : c\u2019est dramatique. On nous refait de l\u2019ultra-sarkozysme. Elle va faire la jonction, comme je le craignais depuis longtemps, entre la droite, la droite extr\u00eame et l\u2019extr\u00eame droite. \u00bb<\/p>\n<p><strong>Sur la citoyennet\u00e9<\/strong><br \/>\n\u00ab On crie au feu sur la R\u00e9publique et on n\u2019a pas encore compl\u00e8tement tort. \u00bb<br \/>\n\u00ab Apr\u00e8s de nombreuses lois &#8220;s\u00e9curit\u00e9 et libert\u00e9&#8221;, on pr\u00e9pare une loi sur les principes r\u00e9publicains. C\u2019est une loi sur le contrat r\u00e9publicain qui impacte les associations qui sont le creuset de la soci\u00e9t\u00e9 civile et de la citoyennet\u00e9. C\u2019est une loi r\u00e9pressive. Il n\u2019y a rien de positif dans cette loi. \u00c7a fait l\u2019affaire du r\u00e9galien. \u00bb<br \/>\n\u00ab On revient presque \u00e0 un r\u00e9gime d\u2019autorisation pr\u00e9alable. \u00bb<br \/>\n\u00ab La pand\u00e9mie en a rajout\u00e9 une couche au tout s\u00e9curitaire. \u00bb<br \/>\n\u00ab Il y a une d\u00e9rive droiti\u00e8re par absence de r\u00e9ponse \u00e0 une mutation qui est assez profonde et qui pose des probl\u00e8mes \u00e0 tous les niveaux de l\u2019institution. \u00bb<br \/>\n\u00ab Macron s\u2019est empar\u00e9 du jeu politique : il n\u2019y a pas plus politicien et plus enclin au jeu tactique. \u00c7a va le conduire \u00e0 une campagne qui sera une campagne de radicalit\u00e9. \u00bb<br \/>\n\u00ab Macron est le jouet de tout un syst\u00e8me qui d\u00e9rive vers des formes d\u2019extr\u00e9misation. \u00bb<br \/>\n\u00ab La soci\u00e9t\u00e9 civile est fatigu\u00e9e mais elle est r\u00e9volt\u00e9e. \u00bb<br \/>\n\u00ab Ce qu\u2019il faut sauver, c\u2019est la question de la citoyennet\u00e9. \u00bb<br \/>\n\u00ab Le lien entre la soci\u00e9t\u00e9 civile et la politique, c\u2019est la citoyennet\u00e9. Les gens doivent se sentir acteur de la R\u00e9publique. \u00bb<br \/>\n\u00ab La question de la citoyennet\u00e9 et de l\u2019int\u00e9gration citoyenne ne se fait plus de la m\u00eame mani\u00e8re. \u00bb<br \/>\n\u00ab Il est urgent de reprendre la citoyennet\u00e9, ne serait-ce que pour apaiser la soci\u00e9t\u00e9 civile : retrouver le sens citoyen. \u00bb<\/p>\n<p><strong>Sur le spectre totalitaire<\/strong><br \/>\n\u00ab Si j\u2019ai \u00e9crit le spectre totalitaire, c\u2019est d\u2019une certaine fa\u00e7on, pour y \u00e9chapper. \u00bb<br \/>\n\u00ab Je crains que les probl\u00e8mes de fond et de lien entre la transformation socio-\u00e9conomique, la prise de conscience de la soci\u00e9t\u00e9 civile, la programmation d\u2019une alternative et le jeu politicien qui consiste \u00e0 conserver le pouvoir quoi qu\u2019il en co\u00fbte &#8211; y compris au prix de l\u2019extr\u00eame droite voire au prix de politiques d\u2019extr\u00eame droite. D\u2019une certaine fa\u00e7on, on n\u2019en est pas tr\u00e8s loin. \u00bb<br \/>\n\u00ab Je crains, avec une telle mont\u00e9e de l\u2019extr\u00eame droite, qu&#8217;\u00e0 un moment, il y ait une forme d\u2019affrontement. \u00bb<br \/>\n\u00ab S\u2019il y a des formes d\u2019affrontements, on va entrer dans le cycle protestation\/r\u00e9pression. Et je crains cela. \u00bb<div id='gallery-1' class='gallery galleryid-13315 gallery-columns-3 gallery-size-thumbnail'><figure class='gallery-item'>\n\t\t\t<div class='gallery-icon landscape'>\n\t\t\t\t<a href='https:\/\/archives.regards.fr\/wp-content\/uploads\/2022\/01\/capture-d_e_cran-2022-01-07-a_-14-4c9.54.53.png'><img loading=\"lazy\" decoding=\"async\" width=\"150\" height=\"150\" src=\"https:\/\/archives.regards.fr\/wp-content\/uploads\/2022\/01\/capture-d_e_cran-2022-01-07-a_-14-4c9.54.53-150x150.png\" class=\"attachment-thumbnail size-thumbnail\" alt=\"capture-d_e_cran-2022-01-07-a_-14.54.53.png\" \/><\/a>\n\t\t\t<\/div><\/figure>\n\t\t<\/div>\n<\/p>\n","protected":false},"excerpt":{"rendered":"<p>\u00c0 rebours d\u2019une id\u00e9e re\u00e7ue bien ancr\u00e9e, Roger Sue a publi\u00e9 hier une tribune dans <em>Le Monde<\/em> o\u00f9 il affirme que <em>\u00ab la France est un pays de gauche qui vote \u00e0 droite \u00bb<\/em>. Ainsi la France serait plus \u00e0 gauche qu\u2019on ne le pense, ne serait-ce que parce que les Fran\u00e7ais sont des d\u00e9mocrates, attach\u00e9s \u00e0 des valeurs. Le sociologue, auteur de <em>Le spectre totalitaire<\/em> aux \u00e9ditions Les Liens qui Lib\u00e8rent, est l\u2019invit\u00e9 de #LaMidinale. <\/p>\n","protected":false},"author":1039,"featured_media":31317,"comment_status":"open","ping_status":"open","sticky":false,"template":"","format":"standard","meta":{"_themeisle_gutenberg_block_has_review":false,"footnotes":""},"categories":[238],"tags":[293],"class_list":["post-13315","post","type-post","status-publish","format-standard","has-post-thumbnail","hentry","category-la-midinale","tag-entretien"],"_links":{"self":[{"href":"https:\/\/archives.regards.fr\/index.php?rest_route=\/wp\/v2\/posts\/13315","targetHints":{"allow":["GET"]}}],"collection":[{"href":"https:\/\/archives.regards.fr\/index.php?rest_route=\/wp\/v2\/posts"}],"about":[{"href":"https:\/\/archives.regards.fr\/index.php?rest_route=\/wp\/v2\/types\/post"}],"author":[{"embeddable":true,"href":"https:\/\/archives.regards.fr\/index.php?rest_route=\/wp\/v2\/users\/1039"}],"replies":[{"embeddable":true,"href":"https:\/\/archives.regards.fr\/index.php?rest_route=%2Fwp%2Fv2%2Fcomments&post=13315"}],"version-history":[{"count":0,"href":"https:\/\/archives.regards.fr\/index.php?rest_route=\/wp\/v2\/posts\/13315\/revisions"}],"wp:featuredmedia":[{"embeddable":true,"href":"https:\/\/archives.regards.fr\/index.php?rest_route=\/wp\/v2\/media\/31317"}],"wp:attachment":[{"href":"https:\/\/archives.regards.fr\/index.php?rest_route=%2Fwp%2Fv2%2Fmedia&parent=13315"}],"wp:term":[{"taxonomy":"category","embeddable":true,"href":"https:\/\/archives.regards.fr\/index.php?rest_route=%2Fwp%2Fv2%2Fcategories&post=13315"},{"taxonomy":"post_tag","embeddable":true,"href":"https:\/\/archives.regards.fr\/index.php?rest_route=%2Fwp%2Fv2%2Ftags&post=13315"}],"curies":[{"name":"wp","href":"https:\/\/api.w.org\/{rel}","templated":true}]}}