{"id":13303,"date":"2021-12-22T13:50:08","date_gmt":"2021-12-22T12:50:08","guid":{"rendered":"https:\/\/wp.muchomaas.com\/article-ulysse-rabate-une-des-seules-victoires-de-manuel-valls-c-est-sa-part-dans-l\/"},"modified":"2023-06-24T00:22:40","modified_gmt":"2023-06-23T22:22:40","slug":"article-ulysse-rabate-une-des-seules-victoires-de-manuel-valls-c-est-sa-part-dans-l","status":"publish","type":"post","link":"https:\/\/archives.regards.fr\/?p=13303","title":{"rendered":"\u00ab Une des seules victoires de Manuel Valls, c&#8217;est sa part dans l&#8217;extr\u00eame droitisation du champ politique \u00bb"},"content":{"rendered":"<p class=\"post_excerpt\">L\u2019extr\u00eame droite menace, jusqu\u2019\u00e0 mettre en sc\u00e8ne la mort de deux insoumis, Raquel Garrido et Alexis Corbi\u00e8re, et \u00e7a ne semble pas \u00e9mouvoir nos dirigeants plus prompts \u00e0 d\u00e9noncer les dangers islamogauchistes et wokistes. Un peu comme Manuel Valls qu\u2019Ulysse Rabat\u00e9 \u00e0 combattu aux deux pr\u00e9c\u00e9dentes l\u00e9gislatives. Auteur de <em>Politique Beurk Beurk. Les quartiers populaires et la gauche : conflits, esquives, transmission<\/em> (\u00e9ditions du Croquant), il est l\u2019invit\u00e9 de #LaMidinale.<\/p>\n<h2>UNE MIDINALE \u00c0 VOIR&#8230;<\/h2>\n<p><iframe loading=\"lazy\" width=\"490\" height=\"276\" src=\"https:\/\/www.youtube.com\/embed\/vZk8SVzgsPM\" title=\"YouTube video player\" frameborder=\"0\" allow=\"accelerometer; autoplay; clipboard-write; encrypted-media; gyroscope; picture-in-picture\" allowfullscreen><\/iframe><\/p>\n<p>&nbsp;<\/p>\n<p><h2>ET \u00c0 LIRE&#8230;<\/h2>\n<p><em> <strong>Sur les menaces de l&#8217;extr\u00eame droite<\/strong> <\/em><br \/>\n\u00ab On a pass\u00e9 un cap avec la mise en sc\u00e8ne de tirs. \u00c7a fait plusieurs ann\u00e9es que les responsables et militants de gauche, notamment de la France insoumise, sont cibl\u00e9s par ces groupes d&#8217;extr\u00eame droite. \u00bb<br \/>\n\u00ab Il y a un sentiment d&#8217;impunit\u00e9. On est inquiet de ce climat. \u00bb<\/p>\n<p><em> <strong>Sur l&#8217;absence de r\u00e9actions du gouvernement<\/strong> <\/em><br \/>\n\u00ab Raquel Garrido et Alexis Corbi\u00e8re ont raison d&#8217;interpeller directement le gouvernement. \u00bb<br \/>\n\u00ab On a tous en t\u00eate le geste d&#8217;Emmanuel Macron \u00e0 \u00c9ric Zemmour quand il a \u00e9t\u00e9 agress\u00e9. \u00bb<br \/>\n\u00ab Il y a quelque chose d&#8217;incompr\u00e9hensif. \u00c7a ne co\u00fbterait pas grand-chose de prendre position pour le gouvernement. Il y a largement mati\u00e8re. \u00bb<br \/>\n\u00ab Je m&#8217;attendais \u00e0 ce que le gouvernement s&#8217;empare de cette affaire. \u00bb<br \/>\n\u00ab Il y a une \u00e9norme complaisance, sur le temps long, \u00e0 l&#8217;\u00e9gard de ces groupes d&#8217;extr\u00eame droite. Cette complaisance fonctionne en reflet de l&#8217;extr\u00eame agressivit\u00e9 contre d&#8217;autres mouvements dans la soci\u00e9t\u00e9. \u00bb<\/p>\n<p><em> <strong>Sur l&#8217;ennemi d\u00e9sign\u00e9 : l&#8217;islamogauchisme, et non le terrorisme d&#8217;extr\u00eame droite<\/strong> <\/em><br \/>\n\u00ab Quand on voit les images de ces militants d&#8217;extr\u00eame droite, on pense tout de suite \u00e0 Breivik. \u00bb<br \/>\n\u00ab Quand on met \u00e7a en face des comportements du gouvernement, notamment Jean-Michel Blanquer et ses d\u00e9lires sur l&#8217;islamogauchisme, le wokisme, etc., on sent que le pouvoir n\u00e9olib\u00e9ral se nourrit de l&#8217;agressivit\u00e9 de l&#8217;extr\u00eame droite. \u00bb<br \/>\n\u00ab On s&#8217;est habitu\u00e9 \u00e0 une situation d\u00e9lirante, avec des ministres qui nous prennent la t\u00eate sur le soi-disant entrisme de l&#8217;islamogauchisme \u00e0 l&#8217;universit\u00e9, et quand il se passe des choses tr\u00e8s s\u00e9rieuses, tr\u00e8s concr\u00e8tes, on a le silence. \u00bb<\/p>\n<p><em> <strong>Sur les accusations de Manuel Valls d&#8217;alliance entre la France insoumise et Dieudonn\u00e9<\/strong> <\/em><br \/>\n\u00ab Manuel Valls s&#8217;inscrit dans la tradition de la pol\u00e9mique d&#8217;extr\u00eame droite : pointer du doigt avec des contre-v\u00e9rit\u00e9s en comptant sur le fait que les adversaires ne vont pas pouvoir r\u00e9pondre. \u00bb<br \/>\n\u00ab Si on \u00e9tait \u00e0 sa place et qu&#8217;on avait un minimum de dignit\u00e9, on ferait l&#8217;\u00e9conomie de ce genre de sorties. Il doit avoir quelque chose derri\u00e8re la t\u00eate. Quand il voit Val\u00e9rie P\u00e9cresse gagner chez les R\u00e9publicains, il doit se dire qu&#8217;il y a une petite place pour lui \u00e0 droite des LR. \u00bb<br \/>\n\u00ab Qu&#8217;il prouve ce qu&#8217;il raconte. Il y avait une candidature de Dieudonn\u00e9 sur notre circonscription en 2017 \u2013 il y avait aussi Francis Lalanne. C&#8217;\u00e9tait la foire parce qu&#8217;il y avait Manuel Valls. La pr\u00e9sence de tous ces gens \u00e9taient d&#8217;abord d\u00fb au climat de politique spectacle qu&#8217;avait cr\u00e9\u00e9 Manuel Valls. \u00bb<br \/>\n\u00ab Nous n&#8217;avons jamais eu aucun rapport avec ces candidatures-l\u00e0. \u00bb<br \/>\n\u00ab En 2017, la seule personne qui est sanctionn\u00e9e par la justice suite \u00e0 cette \u00e9lection, c&#8217;est Manuel Valls. Le Conseil constitutionnel avait reconnu qu&#8217;il y avait 66 voix irr\u00e9guli\u00e8res, mais pas suffisamment pour annuler le scrutin. \u00bb<br \/>\n\u00ab C&#8217;\u00e9tait un moment douloureux pour Manuel Valls, assez pour qu&#8217;il fasse ses valises six mois apr\u00e8s pour l&#8217;Espagne. \u00bb<br \/>\n\u00ab Manuel Valls n&#8217;a pas beaucoup de victoires \u00e0 son actif, mais il en a une : sa part dans l&#8217;extr\u00eame droitisation du champ politique \u00bb<br \/>\n\u00ab On a aussi un probl\u00e8me \u00e0 gauche sur l&#8217;expression claire de solidarit\u00e9 quand on est menac\u00e9 par l&#8217;extr\u00eame droite. \u00bb<\/p>\n<p><em> <strong>Sur le positionnement de Manuel Valls<\/strong> <\/em><br \/>\n\u00ab Manuel Valls est d\u2019abord le nom de quelque chose qui est tr\u00e8s classique en politique et qui fait beaucoup de mal \u00e0 la politique : c\u2019est l\u2019opportunisme. \u00bb<br \/>\n\u00ab Manuel Valls est devenu l\u2019idiot utile des m\u00e9dias. \u00bb<br \/>\n\u00ab Quand Manuel Valls se barre \u00e0 Barcelone, on le ressent. Il y a une abstention record juste apr\u00e8s parce qu\u2019il y a un effet destructeur sur ce que peut \u00eatre la politique et ce qu\u2019elle est parfois. De ce point de vue l\u00e0, Manuel Valls est un sympt\u00f4me de l\u2019effondrement de la politique et du divorce qu\u2019il peut y avoir entre une partie de la population et la politique. \u00bb<br \/>\n\u00ab On est tributaire de ce type de personnage politique qui font mal, pas seulement \u00e0 la gauche, mais aussi \u00e0 la politique et \u00e0 la vie publique. \u00bb<\/p>\n<p><em> <strong>Sur l\u2019\u00e9lection pr\u00e9sidentielle<\/strong> <\/em><br \/>\n\u00ab Il y a une interrogation sur la faiblesse structurelle de notre camp : celui des humanistes et de la transformation sociale. \u00bb<br \/>\n\u00ab Il y a un espace pour la gauche dans cette \u00e9lection pr\u00e9sidentielle mais il faut qu\u2019elle se mette dans le tempo. On n\u2019est plus trop dans le moment de r\u00e9fl\u00e9chir s\u2019il faut se rassembler ou faire une primaire. On est d\u00e9j\u00e0 en campagne. \u00bb<br \/>\n\u00ab C\u2019est le moment de prendre nos responsabilit\u00e9s. Il y a d\u00e9j\u00e0 des candidats en lisse et je pense que la candidature de Jean-Luc M\u00e9lenchon est la plus l\u00e9gitime pour porter une opposition \u00e0 Macron et \u00e0 l\u2019extr\u00eame droite. \u00bb<br \/>\n\u00ab Il faut arr\u00eater de faire semblant de croire aux appels \u00e0 l\u2019unit\u00e9. \u00bb<\/p>\n<p><em> <strong>Sur les quartiers populaires et la gauche<\/strong> <\/em><br \/>\n\u00ab La gauche doit d\u2019abord se r\u00e9concilier avec elle-m\u00eame avant de r\u00e9fl\u00e9chir \u00e0 son rendez-vous manqu\u00e9 avec les classes populaires et notamment les quartiers. \u00bb<br \/>\n\u00ab Aujourd\u2019hui, les grandes victoires de la gauche \u00e0 l\u2019\u00e9chelle mondiale sont toujours port\u00e9es par les nouvelles mobilisations : les mouvements antiracistes, les mouvements de jeunes, les mouvements climat ou f\u00e9ministes. \u00bb<br \/>\n\u00ab Les gauches qui r\u00e9ussissent, c\u2019est celles qui laissent place \u00e0 ces nouveaux mouvements. \u00bb<br \/>\n\u00ab Ce qui me pousse \u00e0 l\u2019optimisme, c\u2019est ce que je vois dans la soci\u00e9t\u00e9 &#8211; notamment l\u2019opposition \u00e0 l\u2019extr\u00eame droite dans les quartiers. \u00bb<br \/>\n\u00ab Il faut que la gauche se r\u00e9concilie avec son histoire. \u00bb<br \/>\n\u00ab La d\u00e9ploration d\u2019une sorte de rupture populaire avec la politique vient plus du champ politique que de la soci\u00e9t\u00e9. \u00bb<br \/>\n\u00ab Je ne suis pas pessimiste sur les temps qui viennent. \u00bb<br \/>\n\u00ab Il y a une envie de politique extr\u00eamement forte. \u00bb<div id='gallery-1' class='gallery galleryid-13303 gallery-columns-3 gallery-size-thumbnail'><figure class='gallery-item'>\n\t\t\t<div class='gallery-icon landscape'>\n\t\t\t\t<a href='https:\/\/archives.regards.fr\/wp-content\/uploads\/2021\/12\/screenshot_2021-12-22_13-a25.47.11.png'><img loading=\"lazy\" decoding=\"async\" width=\"150\" height=\"150\" src=\"https:\/\/archives.regards.fr\/wp-content\/uploads\/2021\/12\/screenshot_2021-12-22_13-a25.47.11-150x150.png\" class=\"attachment-thumbnail size-thumbnail\" alt=\"screenshot_2021-12-22_13.47.11.png\" \/><\/a>\n\t\t\t<\/div><\/figure>\n\t\t<\/div>\n<\/p>\n","protected":false},"excerpt":{"rendered":"<p>L\u2019extr\u00eame droite menace, jusqu\u2019\u00e0 mettre en sc\u00e8ne la mort de deux insoumis, Raquel Garrido et Alexis Corbi\u00e8re, et \u00e7a ne semble pas \u00e9mouvoir nos dirigeants plus prompts \u00e0 d\u00e9noncer les dangers islamogauchistes et wokistes. Un peu comme Manuel Valls qu\u2019Ulysse Rabat\u00e9 \u00e0 combattu aux deux pr\u00e9c\u00e9dentes l\u00e9gislatives. Auteur de <em>Politique Beurk Beurk. Les quartiers populaires et la gauche : conflits, esquives, transmission<\/em> (\u00e9ditions du Croquant), il est l\u2019invit\u00e9 de #LaMidinale.<\/p>\n","protected":false},"author":1039,"featured_media":31297,"comment_status":"open","ping_status":"open","sticky":false,"template":"","format":"standard","meta":{"_themeisle_gutenberg_block_has_review":false,"footnotes":""},"categories":[238],"tags":[293],"class_list":["post-13303","post","type-post","status-publish","format-standard","has-post-thumbnail","hentry","category-la-midinale","tag-entretien"],"_links":{"self":[{"href":"https:\/\/archives.regards.fr\/index.php?rest_route=\/wp\/v2\/posts\/13303","targetHints":{"allow":["GET"]}}],"collection":[{"href":"https:\/\/archives.regards.fr\/index.php?rest_route=\/wp\/v2\/posts"}],"about":[{"href":"https:\/\/archives.regards.fr\/index.php?rest_route=\/wp\/v2\/types\/post"}],"author":[{"embeddable":true,"href":"https:\/\/archives.regards.fr\/index.php?rest_route=\/wp\/v2\/users\/1039"}],"replies":[{"embeddable":true,"href":"https:\/\/archives.regards.fr\/index.php?rest_route=%2Fwp%2Fv2%2Fcomments&post=13303"}],"version-history":[{"count":0,"href":"https:\/\/archives.regards.fr\/index.php?rest_route=\/wp\/v2\/posts\/13303\/revisions"}],"wp:featuredmedia":[{"embeddable":true,"href":"https:\/\/archives.regards.fr\/index.php?rest_route=\/wp\/v2\/media\/31297"}],"wp:attachment":[{"href":"https:\/\/archives.regards.fr\/index.php?rest_route=%2Fwp%2Fv2%2Fmedia&parent=13303"}],"wp:term":[{"taxonomy":"category","embeddable":true,"href":"https:\/\/archives.regards.fr\/index.php?rest_route=%2Fwp%2Fv2%2Fcategories&post=13303"},{"taxonomy":"post_tag","embeddable":true,"href":"https:\/\/archives.regards.fr\/index.php?rest_route=%2Fwp%2Fv2%2Ftags&post=13303"}],"curies":[{"name":"wp","href":"https:\/\/api.w.org\/{rel}","templated":true}]}}