{"id":13301,"date":"2021-12-21T11:52:04","date_gmt":"2021-12-21T10:52:04","guid":{"rendered":"https:\/\/wp.muchomaas.com\/article-catherine-perret-sur-le-pass-sanitaire-dans-l-entreprise-la-ministre-a-ete-un\/"},"modified":"2023-06-24T00:22:38","modified_gmt":"2023-06-23T22:22:38","slug":"article-catherine-perret-sur-le-pass-sanitaire-dans-l-entreprise-la-ministre-a-ete-un","status":"publish","type":"post","link":"https:\/\/archives.regards.fr\/?p=13301","title":{"rendered":"Catherine Perret sur le pass sanitaire dans l\u2019entreprise : \u00ab La ministre a \u00e9t\u00e9 un peu douch\u00e9e par nos r\u00e9actions unanimes \u00bb"},"content":{"rendered":"<p class=\"post_excerpt\">Ce lundi 20 d\u00e9cembre, les syndicats et le patronat \u00e9taient consult\u00e9s par la ministre du travail. Va-t-on aller vers un pass sanitaire au travail ? Catherine Perret, secr\u00e9taire conf\u00e9d\u00e9rale de la CGT, est l\u2019invit\u00e9e de #LaMidinale.<\/p>\n<h2>UNE MIDINALE \u00c0 VOIR&#8230;<\/h2>\n<p><iframe loading=\"lazy\" width=\"490\" height=\"276\" src=\"https:\/\/www.youtube.com\/embed\/1ozpvIhRQDE\" title=\"YouTube video player\" frameborder=\"0\" allow=\"accelerometer; autoplay; clipboard-write; encrypted-media; gyroscope; picture-in-picture\" allowfullscreen><\/iframe><\/p>\n<p>&nbsp;<\/p>\n<p><h2>ET \u00c0 LIRE&#8230;<\/h2>\n<p><em> <strong>Sur le pass sanitaire dans l\u2019entreprise<\/strong> <\/em><br \/>\n\u00ab L\u2019ensemble des organisations syndicales et patronales se sont exprim\u00e9s contre la proposition de la ministre du travail. \u00bb<br \/>\n \u00ab On savait que les d\u00e9cisions avaient \u00e9t\u00e9 prises avant de nous r\u00e9unir hier mais la ministre a \u00e9t\u00e9 un peu douch\u00e9e par les r\u00e9actions unanimes de toutes les organisations syndicales et patronales pr\u00e9sentes. Elle va donc devoir y r\u00e9fl\u00e9chir \u00e0 deux fois. \u00bb<br \/>\n\u00ab On a tous dit que le pass sanitaire \u00e9tait impossible \u00e0 mettre en place. C\u2019est une d\u00e9cision bureaucratique. \u00bb<br \/>\n\u00ab On est contre la contrainte. Il faut accompagner les gens. \u00bb<br \/>\n\u00ab Le gouvernement voudrait imposer un pass sanitaire &#8211; comme on l\u2019impose d\u00e9j\u00e0 aux deux millions de salari\u00e9s des commerces, de la sant\u00e9 et du tourisme &#8211; aux 25 millions de salari\u00e9s. \u00bb<br \/>\n\u00ab Le pass sanitaire est un permis de travail. Une sorte de livret ouvrier version 19\u00e8 si\u00e8cle. \u00bb<br \/>\n\u00ab En ce moment, dans les h\u00f4pitaux, on rappelle des agents soignants positifs au Covid et asymptomatique. On leur dit de venir travailler m\u00eame malade. Ce sont les m\u00eames qu\u2019on a sanctionn\u00e9 en septembre qu\u2019on fait travailler dans les services, les h\u00f4pitaux et les Ehpad. \u00bb<br \/>\n\u00ab Ce pass sanitaire est une provocation suppl\u00e9mentaire et insupportable. \u00bb<\/p>\n<p><em> <strong>Sur le convaincre \/ contraindre<\/strong> <\/em><br \/>\n\u00ab Les services de m\u00e9decine du travail devraient \u00eatre au premier rang pour accompagner les salari\u00e9s et notamment organiser un service de vaccination sur les lieux de travail. Le probl\u00e8me, c\u2019est que les services de m\u00e9decine du travail ont \u00e9t\u00e9 d\u00e9mantel\u00e9s. Ils n\u2019ont plus les moyens d\u2019accompagner les gens. \u00bb<br \/>\n\u00ab Les services de m\u00e9decine du travail sont \u00e0 l\u2019os. Il faut embaucher. \u00bb<br \/>\n\u00ab C\u2019est sur les lieux de travail qu\u2019on peut vacciner massivement et convaincre ceux qui ont encore des doutes &#8211; ou qui ont du mal \u00e0 acc\u00e9der \u00e0 la vaccination. \u00bb<br \/>\n\u00ab Ce qui nous remonte, c\u2019est qu\u2019il faut quasiment perdre une journ\u00e9e de travail pour aller se faire vacciner. Et dans beaucoup d\u2019endroits, les employeurs ne paient pas. \u00bb<\/p>\n<p><em> <strong>Sur les mesures compl\u00e9mentaires<\/strong> <\/em><br \/>\n\u00ab On sera sans cesse impact\u00e9s par des nouveaux variants tant qu\u2019on n\u2019aura pas pris des mesures \u00e0 l\u2019\u00e9chelle mondiale. \u00bb<br \/>\n\u00ab La CGT revendique la lib\u00e9ralisation des brevets \u00e0 l\u2019\u00e9chelle mondiale pour vacciner gratuitement partout dans le monde. Rien ne se passe depuis des mois. \u00bb<br \/>\n\u00ab Il faut prendre des mesures pour prot\u00e9ger les salari\u00e9s : r\u00e9glementer le t\u00e9l\u00e9travail, renforcer la protection des salari\u00e9s sur les lieux de travail en installant par exemple des capteurs pour s\u00e9curiser les lieux clos, vacciner massivement et accompagner socialement les salari\u00e9s. \u00bb<br \/>\n\u00ab Pour tester les salari\u00e9s, il faudrait qu\u2019il y ait des personnels comp\u00e9tents dans l\u2019entreprise pour \u00e7a. D\u2019une entreprise \u00e0 l\u2019autre, il y a vraiment de grandes in\u00e9galit\u00e9s de traitement. \u00bb<br \/>\n\u00ab M\u00eame dans les \u00e9coles, il n\u2019y pas suffisamment de personnels pour tester les enfants. \u00bb<\/p>\n<p><em> <strong>Sur la d\u00e9tresse psychologique des salari\u00e9s<\/strong> <\/em><br \/>\n\u00ab On a travaill\u00e9 sur ces questions-l\u00e0 \u00e0 partir d\u2019enqu\u00eates qu\u2019on a faites depuis le premier confinement. \u00bb<br \/>\n\u00ab On n\u2019est pas favorable au t\u00e9l\u00e9travail \u00e0 100%. On a besoin de collectif de travail. \u00bb<br \/>\n\u00ab Quand il y a de fortes contaminations, c\u2019est bien de permettre aux salari\u00e9s qui le souhaitent, de pouvoir avoir plusieurs jours de t\u00e9l\u00e9travail. H\u00e9las, \u00e7a n\u2019est pas toujours respect\u00e9 parce que \u00e7a peut emp\u00eacher la bonne marche de l\u2019entreprise. Par ailleurs, il y a plein de m\u00e9tiers qui ne sont pas t\u00e9l\u00e9travaillable. \u00bb<br \/>\n\u00ab Le t\u00e9l\u00e9travail bouscule l\u2019organisation du monde du travail et \u00e7a aura sans doute des cons\u00e9quences \u00e0 tr\u00e8s long terme sur comment le travail et le collectif de travail se met en place dans l\u2019entreprise et l\u2019administration. \u00bb<\/p>\n<p><em> <strong>Sur le ch\u00f4mage<\/strong> <\/em><br \/>\n\u00ab La contre-r\u00e9forme de l\u2019assurance ch\u00f4mage va d\u00e9truire des droits aux salari\u00e9s, notamment chez les plus jeunes et les plus pr\u00e9caires. \u00bb<br \/>\n\u00ab Les chiffres communiqu\u00e9s par le gouvernement sont tronqu\u00e9s puisqu\u2019il ne prend en compte dans la baisse du ch\u00f4mage que ceux qui sont totalement sans emploi et il oublie comment se comportent ceux qui alternent entre ch\u00f4mage et emplois pr\u00e9caires ; il oublie de regarder les plus jeunes o\u00f9 il y a une forte mont\u00e9e de la pr\u00e9carit\u00e9 ; il oublie aussi de regarder les s\u00e9niors au ch\u00f4mage de longue dur\u00e9e o\u00f9 les chiffres ne sont pas bons non plus. \u00bb <\/p>\n<p><em> <strong>Sur l\u2019absence de hausse du SMIC<\/strong> <\/em><br \/>\n\u00ab La question du salaire et du pouvoir d\u2019achat sont des questions majeures pour l\u2019ensemble des salari\u00e9s du priv\u00e9 comme du public, mais aussi des retrait\u00e9s \u00e0 qui on a baiss\u00e9 la part de la retraite compl\u00e9mentaire. \u00bb<br \/>\n\u00ab Le fait de ne pas vouloir accepter de revaloriser le SMIC est scandaleux. \u00bb<br \/>\n\u00ab Il n\u2019y a aucune n\u00e9gociation avec les partenaires sociaux sur l\u2019augmentation du SMIC. \u00bb<br \/>\n\u00ab La fa\u00e7on dont est d\u00e9cid\u00e9e l\u2019augmentation ou pas du SMIC est scandaleuse et m\u00e9prise les v\u00e9ritables experts que sont les repr\u00e9sentants des salari\u00e9s et du monde du travail. \u00bb<br \/>\n\u00ab La ministre du travail n\u2019est pas consult\u00e9e sur les grandes d\u00e9cisions en mati\u00e8re de salaire ou d\u2019\u00e9volution du droit du travail. Et hier, comme elle n\u2019est pas au conseil de d\u00e9fense, on a bien vu qu\u2019elle n\u2019\u00e9tait pas consult\u00e9e sur les grandes d\u00e9cisions en mati\u00e8re de sant\u00e9 publique et notamment sur le pass sanitaire. \u00c7a interroge sur l\u2019\u00e9tat de notre d\u00e9mocratie. \u00bb<\/p>\n<p><em> <strong>Sur la r\u00e9forme des retraites<\/strong> <\/em><br \/>\n\u00ab Pour tous les candidats de droite, l\u2019objectif est de reculer l\u2019\u00e2ge l\u00e9gal de d\u00e9part \u00e0 la retraite et de faire baisser le niveau des pensions. \u00bb<br \/>\n\u00ab Selon le conseil d\u2019orientation des retraites (COR), il n\u2019y a pas de p\u00e9ril financier en mati\u00e8re de retraite avant 2070. \u00bb<br \/>\n\u00ab On a d\u00e9cid\u00e9 en intersyndicale avec Force ouvri\u00e8re, la FSU, Solidaires et les jeunes, d\u2019appeler \u00e0 une grande mobilisation interprofessionnelle sur la question des salaires et des pensions, le 27 janvier prochain. \u00bb<div id='gallery-1' class='gallery galleryid-13301 gallery-columns-3 gallery-size-thumbnail'><figure class='gallery-item'>\n\t\t\t<div class='gallery-icon landscape'>\n\t\t\t\t<a href='https:\/\/archives.regards.fr\/wp-content\/uploads\/2021\/12\/screenshot_2021-12-21_11-64b.47.46.png'><img loading=\"lazy\" decoding=\"async\" width=\"150\" height=\"150\" src=\"https:\/\/archives.regards.fr\/wp-content\/uploads\/2021\/12\/screenshot_2021-12-21_11-64b.47.46-150x150.png\" class=\"attachment-thumbnail size-thumbnail\" alt=\"screenshot_2021-12-21_11.47.46.png\" \/><\/a>\n\t\t\t<\/div><\/figure>\n\t\t<\/div>\n<\/p>\n","protected":false},"excerpt":{"rendered":"<p>Ce lundi 20 d\u00e9cembre, les syndicats et le patronat \u00e9taient consult\u00e9s par la ministre du travail. Va-t-on aller vers un pass sanitaire au travail ? Catherine Perret, secr\u00e9taire conf\u00e9d\u00e9rale de la CGT, est l\u2019invit\u00e9e de #LaMidinale.<\/p>\n","protected":false},"author":1039,"featured_media":31295,"comment_status":"open","ping_status":"open","sticky":false,"template":"","format":"standard","meta":{"_themeisle_gutenberg_block_has_review":false,"footnotes":""},"categories":[238],"tags":[293],"class_list":["post-13301","post","type-post","status-publish","format-standard","has-post-thumbnail","hentry","category-la-midinale","tag-entretien"],"_links":{"self":[{"href":"https:\/\/archives.regards.fr\/index.php?rest_route=\/wp\/v2\/posts\/13301","targetHints":{"allow":["GET"]}}],"collection":[{"href":"https:\/\/archives.regards.fr\/index.php?rest_route=\/wp\/v2\/posts"}],"about":[{"href":"https:\/\/archives.regards.fr\/index.php?rest_route=\/wp\/v2\/types\/post"}],"author":[{"embeddable":true,"href":"https:\/\/archives.regards.fr\/index.php?rest_route=\/wp\/v2\/users\/1039"}],"replies":[{"embeddable":true,"href":"https:\/\/archives.regards.fr\/index.php?rest_route=%2Fwp%2Fv2%2Fcomments&post=13301"}],"version-history":[{"count":0,"href":"https:\/\/archives.regards.fr\/index.php?rest_route=\/wp\/v2\/posts\/13301\/revisions"}],"wp:featuredmedia":[{"embeddable":true,"href":"https:\/\/archives.regards.fr\/index.php?rest_route=\/wp\/v2\/media\/31295"}],"wp:attachment":[{"href":"https:\/\/archives.regards.fr\/index.php?rest_route=%2Fwp%2Fv2%2Fmedia&parent=13301"}],"wp:term":[{"taxonomy":"category","embeddable":true,"href":"https:\/\/archives.regards.fr\/index.php?rest_route=%2Fwp%2Fv2%2Fcategories&post=13301"},{"taxonomy":"post_tag","embeddable":true,"href":"https:\/\/archives.regards.fr\/index.php?rest_route=%2Fwp%2Fv2%2Ftags&post=13301"}],"curies":[{"name":"wp","href":"https:\/\/api.w.org\/{rel}","templated":true}]}}