{"id":13291,"date":"2021-12-14T10:09:06","date_gmt":"2021-12-14T09:09:06","guid":{"rendered":"https:\/\/wp.muchomaas.com\/article-et-enfin-la-gauche-se-redota-d-un-agenda-en-ligne\/"},"modified":"2021-12-14T10:09:06","modified_gmt":"2021-12-14T09:09:06","slug":"article-et-enfin-la-gauche-se-redota-d-un-agenda-en-ligne","status":"publish","type":"post","link":"https:\/\/archives.regards.fr\/?p=13291","title":{"rendered":"Et enfin la gauche se redota d&#8217;un agenda en ligne !"},"content":{"rendered":"<p class=\"post_excerpt\">Orphelins de D\u00e9mosph\u00e8re depuis plus d&#8217;un an, la gauche francilienne va pouvoir \u00e0 nouveau se donner rendez-vous : l&#8217;Agenda militant est l\u00e0.<\/p>\n<p>Une manif&#8217;, une r\u00e9union, un d\u00e9bat, une projection de film\u2026 Il fut un temps o\u00f9 il suffisait de se rendre sur le site de \u00ab D\u00e9mosph\u00e8re Paris\/IdF \u00bb pour avoir acc\u00e8s \u00e0 une foultitude de rendez-vous de la gauche. Jusqu&#8217;au printemps 2020, o\u00f9 le site a ferm\u00e9. Militants, journalistes, citoyens, il ne resta qu&#8217;un grand vide. Le bouche-\u00e0-oreille, c&#8217;est bien, mais \u00e7a ne fait pas tout !<\/p>\n<p>Mais tout \u00e7a, c&#8217;est du pass\u00e9. D\u00e9sormais, voil\u00e0 la seule adresse qui vaille : <a href=\"http:\/\/www.agendamilitant.org\">www.agendamilitant.org<\/a>.<\/p>\n<p>&nbsp;<\/p>\n<p>\n<strong>LIRE AUSSI SUR REGARDS.FR<br \/>\n>><\/strong> <em><a href=\"https:\/\/wp.muchomaas.com\/actu\/article\/quel-livre-offrir-a-noel\">Quel livre offrir \u00e0 No\u00ebl ?<\/a><\/em><\/p>\n<p>&nbsp;<\/p>\n<p>Pour l&#8217;heure, cet agenda ne couvre que l&#8217;\u00cele-de-France. <a href=\"https:\/\/gironde.demosphere.net\/\">D\u00e9mosph\u00e8re<\/a> continue de faire le boulot dans plusieurs r\u00e9gions (et m\u00eame dans d&#8217;autres pays).<\/p>\n<p>Le fonctionnement est des plus simples. Sur le site de l&#8217;Agenda militant ind\u00e9pendant (l&#8217;AMI), tout un chacun peut cr\u00e9er un \u00e9v\u00e9nement : un titre, un lieu, une date, une heure et une description et <em>vamos<\/em> ! Derri\u00e8re, l&#8217;\u00e9quipe de l&#8217;AMI s&#8217;occupe de la mod\u00e9ration, promettant de traiter chaque demande en moins de 24h.<\/p>\n<p>L&#8217;\u00e9quipe, c&#8217;est une bande de militants de tout horizon, qui se sont rencontr\u00e9s pendant Nuit debout, la mobilisation contre la loi Travail, etc. Des militants qui avaient une affection particuli\u00e8re pour l&#8217;outil qu&#8217;\u00e9tait D\u00e9mosph\u00e8re et qui se sont dit que ce vide, il fallait le combler.<\/p>\n<p>\u00c9largir le r\u00e9seau de chacun, pour reconnecter la gauche, les gauches. Y&#8217;a plus qu&#8217;\u00e0 !<\/p>\n<p>&nbsp;<\/p>\n<p>\n<a href=\"https:\/\/wp.muchomaas.com\/auteur\/loic-le-clerc\"><strong>Lo\u00efc Le Clerc<\/strong><\/a><\/p>\n","protected":false},"excerpt":{"rendered":"<p>Orphelins de D\u00e9mosph\u00e8re depuis plus d&#8217;un an, la gauche francilienne va pouvoir \u00e0 nouveau se donner rendez-vous : l&#8217;Agenda militant est l\u00e0.<\/p>\n","protected":false},"author":1203,"featured_media":0,"comment_status":"open","ping_status":"open","sticky":false,"template":"","format":"standard","meta":{"_themeisle_gutenberg_block_has_review":false,"footnotes":""},"categories":[6],"tags":[295],"class_list":["post-13291","post","type-post","status-publish","format-standard","hentry","category-actu","tag-nupes"],"_links":{"self":[{"href":"https:\/\/archives.regards.fr\/index.php?rest_route=\/wp\/v2\/posts\/13291","targetHints":{"allow":["GET"]}}],"collection":[{"href":"https:\/\/archives.regards.fr\/index.php?rest_route=\/wp\/v2\/posts"}],"about":[{"href":"https:\/\/archives.regards.fr\/index.php?rest_route=\/wp\/v2\/types\/post"}],"author":[{"embeddable":true,"href":"https:\/\/archives.regards.fr\/index.php?rest_route=\/wp\/v2\/users\/1203"}],"replies":[{"embeddable":true,"href":"https:\/\/archives.regards.fr\/index.php?rest_route=%2Fwp%2Fv2%2Fcomments&post=13291"}],"version-history":[{"count":0,"href":"https:\/\/archives.regards.fr\/index.php?rest_route=\/wp\/v2\/posts\/13291\/revisions"}],"wp:attachment":[{"href":"https:\/\/archives.regards.fr\/index.php?rest_route=%2Fwp%2Fv2%2Fmedia&parent=13291"}],"wp:term":[{"taxonomy":"category","embeddable":true,"href":"https:\/\/archives.regards.fr\/index.php?rest_route=%2Fwp%2Fv2%2Fcategories&post=13291"},{"taxonomy":"post_tag","embeddable":true,"href":"https:\/\/archives.regards.fr\/index.php?rest_route=%2Fwp%2Fv2%2Ftags&post=13291"}],"curies":[{"name":"wp","href":"https:\/\/api.w.org\/{rel}","templated":true}]}}