{"id":13290,"date":"2021-12-13T11:36:17","date_gmt":"2021-12-13T10:36:17","guid":{"rendered":"https:\/\/wp.muchomaas.com\/article-alain-coulombel-eelv-refuser-la-proposition-d-anne-hidalgo-est-une-erreur\/"},"modified":"2023-06-24T00:22:25","modified_gmt":"2023-06-23T22:22:25","slug":"article-alain-coulombel-eelv-refuser-la-proposition-d-anne-hidalgo-est-une-erreur","status":"publish","type":"post","link":"https:\/\/archives.regards.fr\/?p=13290","title":{"rendered":"Alain Coulombel (EELV) : \u00ab Refuser la proposition d\u2019Anne Hidalgo est une erreur politique \u00bb"},"content":{"rendered":"<p class=\"post_excerpt\">Yannick Jadot a redit ce matin sur France Info sa ferme opposition \u00e0 la primaire de la gauche, proposition sortie du chapeau la semaine derni\u00e8re par Anne Hidalgo. La pression continue de s\u2019exercer sur le candidat \u00e9cologiste jusque dans son propre mouvement. Alain Coulombel, porte-parole d\u2019EELV, est l\u2019invit\u00e9 de #LaMidinale.<\/p>\n<h2>UNE MIDINALE \u00c0 VOIR&#8230;<\/h2>\n<p><iframe loading=\"lazy\" width=\"490\" height=\"276\" src=\"https:\/\/www.youtube.com\/embed\/7L3RVICE_Q4\" title=\"YouTube video player\" frameborder=\"0\" allow=\"accelerometer; autoplay; clipboard-write; encrypted-media; gyroscope; picture-in-picture\" allowfullscreen><\/iframe><\/p>\n<p>&nbsp;<\/p>\n<p><h2>ET \u00c0 LIRE&#8230;<\/h2>\n<p><em> <strong>Sur la pression \u00e0 l\u2019unit\u00e9<\/strong> <\/em><br \/>\n\u00ab La question strat\u00e9gique de l\u2019\u00e9lection pr\u00e9sidentielle continue de traverser le mouvement [\u00e9cologiste]. \u00bb<br \/>\n\u00ab Yannick Jadot a toujours dit qu\u2019il se pr\u00e9sentait pour l\u2019emporter en 2022 (\u2026) mais pour se faire, il faut cr\u00e9er les conditions de la possibilit\u00e9 de la r\u00e9ussite en 2022. Et je pense qu\u2019actuellement, le fait que la gauche et les \u00e9cologistes soient aussi dispers\u00e9s par rapport \u00e0 la droite et l\u2019extr\u00eame droite, ne nous permettra pas de l\u2019emporter. \u00bb<br \/>\n\u00ab La question que se pose un bon nombre de militants EELV c\u2019est de savoir quel sera le meilleur chemin pour aller vers la gagne. \u00bb<br \/>\n\u00ab La dispersion et le refus des uns et des autres de la proposition d\u2019Anne Hidalgo est une erreur politique. \u00bb<br \/>\n\u00ab On va continuer de mettre la pression sur Yannick Jadot. \u00bb<br \/>\n\u00ab Il y a une demande tr\u00e8s puissante de la part des militants \u00e9cologistes &#8211; et pas seulement des militants d\u2019EELV &#8211; en faveur du rassemblement pour 2022. \u00bb<\/p>\n<p><em> <strong>Sur la contrainte de temps<\/strong> <\/em><br \/>\n\u00ab Je comprends l\u2019argument de la contrainte de temps [argument de Yannick Jadot pour s\u2019opposer \u00e0 la primaire]. C\u2019est vrai que le temps presse et il y a urgence. Je crois n\u00e9anmoins que s\u2019il y avait une vraie volont\u00e9 politique de la part des uns et des autres &#8211; et pas seulement de Yannick Jadot &#8211; on pourrait y arriver. Il n\u2019y a pas cette volont\u00e9 aujourd\u2019hui. \u00bb<br \/>\n\u00ab Nos projets sont relativement proches des uns et des autres m\u00eame s\u2019il y a des points de divergences. Face \u00e0 la situation qui est la n\u00f4tre, il est indispensable de mettre nos divergences de c\u00f4t\u00e9. \u00bb<\/p>\n<p><em> <strong>Sur Anne Hidalgo et le Parti socialiste<\/strong> <\/em><br \/>\n\u00ab Personne n\u2019est na\u00eff sur les choix des uns et des autres. \u00bb<br \/>\n\u00ab Le PS, il y a encore quelques semaines, disait qu\u2019il n\u2019\u00e9tait pas question de s\u2019engager dans une primaire et maintenant que sa candidate est \u00e0 5%, il tend la main \u00e0 la primaire. On n\u2019est pas na\u00eff. \u00bb<br \/>\n\u00ab J\u2019ai toujours soutenu depuis des mois l\u2019union des \u00e9cologistes et des gauches. Et une proc\u00e9dure qui permette ce rassemblement. La primaire pilulaire est l\u00e0. C\u2019est un outil? Il faut peut-\u00eatre s\u2019en saisir. \u00bb<br \/>\n\u00ab Je ne suis pas na\u00eff sur les intentions des uns et des autres. Reste qu\u2019il y a un moment dans l\u2019histoire o\u00f9 il faut arriver \u00e0 d\u00e9passer ses impressions personnelles pour \u00eatre \u00e0 la hauteur des enjeux. \u00bb<\/p>\n<p><em> <strong>Sur la proposition d\u2019Arnaud Montebourg<\/strong> <\/em><br \/>\n\u00ab Il faut aller dans toutes les directions. Tout ce qui peut permettre d\u2019aller vers l\u2019unit\u00e9 pour 2022. \u00bb<br \/>\n\u00ab Ce que je regrette dans les r\u00e9actions de mes amis d\u2019EELV, c\u2019est qu\u2019ils aient referm\u00e9 la porte \u00e0 une primaire de mani\u00e8re aussi s\u00e8che et brutale. \u00bb<br \/>\n\u00ab Les propositions qui contribuent \u00e0 l\u2019unit\u00e9 m\u00e9ritent d\u2019\u00eatre \u00e9tudi\u00e9es. On a jusqu\u2019au mois de janvier pour le faire. \u00bb<br \/>\n\u00ab Toutes les initiatives et les propositions qui sont faites, doivent \u00eatre \u00e9tudi\u00e9es. Mettons sur la table tout ce qui permettrait de nous rassembler. \u00bb<\/p>\n<p><em> <strong>Sur le travail de convergences des projets de gauche et des \u00e9cologistes<\/strong> <\/em><br \/>\n\u00ab Le travail de convergence sur les projets, on aurait d\u00fb l&#8217;entamer il y a d\u00e9j\u00e0 plusieurs mois. \u00bb<br \/>\n\u00ab Nous avons quatre mois : aujourd\u2019hui, tous les sondages, depuis plusieurs mois, montrent que la gauche rassembl\u00e9e avec les \u00e9cologistes, c\u2019est \u00e0 peine 22 \u00e0 24% des sondages. Dans la situation actuelle, aucun des candidats ne sera en capacit\u00e9 de passer le premier tour des pr\u00e9sidentielles. \u00bb<br \/>\n\u00ab A court terme, il faut que l\u2019on soit en situation de dire \u201coui, nous avons une volont\u00e9 politique de l\u2019emporter, oui, nous savons qu\u2019il y a un certain nombre de points qui font divergences entre nous mais ce n\u2019est pas l\u2019essentiel, l\u2019essentiel des 80% de mesures basculantes sur lesquelles nous pourrions nous mettre d\u2019accord et qui nous permettraient de nous rassembler autour d\u2019un projet, d\u2019un candidat ou d\u2019une majorit\u00e9 pr\u00e9sidentielle.\u201d \u00bb<br \/>\n\u00ab La dynamique n\u2019est pas aujourd\u2019hui de notre c\u00f4t\u00e9. M\u00eame Jean-Luc M\u00e9lenchon qui a l\u2019habitude de ces grandes messes pr\u00e9sidentielles, qui sait construire une d\u00e9marche pour les pr\u00e9sidentielles, plafonne. \u00bb<br \/>\n\u00ab Penser que l\u2019on va l\u2019emporter en 2022 est un d\u00e9ni de r\u00e9alit\u00e9. \u00bb<br \/>\n\u00ab Face \u00e0 un candidat qui tient des propos racistes et homophobes, partisan de P\u00e9tain et de Maurras, nous, la gauche et les \u00e9cologistes, on ne serait pas capable d\u2019y r\u00e9pondre par une proposition politique d\u2019envergure. Je suis en col\u00e8re face \u00e0 cette situation car je consid\u00e8re que l\u2019on a une \u00e9norme responsabilit\u00e9 \u00e0 laisser filer l\u2019\u00e9ch\u00e9ance de 2022. \u00bb<\/p>\n<p><em> <strong>Sur la candidature de Christiane Taubira<\/strong> <\/em><br \/>\n\u00ab Pour nous, c\u2019est une difficult\u00e9 car on ne peut pas dire qu\u2019elle est impr\u00e9gn\u00e9e par la culture des \u00e9cologistes et qu\u2019elle a particip\u00e9 tr\u00e8s grandement au gouvernement de Fran\u00e7ois Hollande. \u00bb<br \/>\n\u00ab Aucun des trois candidats \u00e0 la pr\u00e9sidentielle importants dans le jeu actuel \u00e0 savoir Jean-Luc M\u00e9lenchon, Yannick Jadot et Anne Hidalgo ne souhaite v\u00e9ritablement se d\u00e9sengager au profit de l\u2019autre. Le rassemblement, tout le monde le souhaite mais derri\u00e8re son nom et derri\u00e8re son projet. \u00bb<br \/>\n\u00ab Comme personne ne veut se d\u00e9sengager pour se ranger derri\u00e8re un.e autre, c\u2019est la personne tierce ou neutre qui peut peut-\u00eatre cr\u00e9er un climat d\u2019ouverture pour les uns et les autres. \u00bb<\/p>\n<p><em> <strong>Sur les l\u00e9gislatives<\/strong> <\/em><br \/>\n\u00ab Si on perd la pr\u00e9sidentielle et que nos r\u00e9sultats restent m\u00e9diocres comme ils le sont actuellement, ce sera la b\u00e9r\u00e9zina ensuite aux l\u00e9gislatives. \u00bb<br \/>\n\u00ab Imaginer que sur un nouvel \u00e9chec \u00e0 la pr\u00e9sidentielle, on puisse rebondir aux l\u00e9gislatives comme certains en font l\u2019hypoth\u00e8se, me semble une fiction th\u00e9orique absolue. \u00bb<br \/>\n\u00ab On n\u2019a jamais connu une situation sous la Cinqui\u00e8me R\u00e9publique o\u00f9 un pr\u00e9sident n\u2019arrivait pas \u00e0 construire une majorit\u00e9 pr\u00e9sidentielle aux l\u00e9gislatives apr\u00e8s sa r\u00e9ussite aux pr\u00e9sidentielles. \u00bb<br \/>\n\u00ab Comment rassembler dans nos circonscriptions autour de candidats unitaires alors qu\u2019on aura pass\u00e9 toute la pr\u00e9sidentielle d\u00e9sunis, me parait compl\u00e8tement fantaisiste. \u00bb<\/p>\n<p><em> <strong>Sur Fran\u00e7ois Hollande, Bernard Cazeneuve et Manuel Valls<\/strong> <\/em><br \/>\n\u00ab Ces gens-l\u00e0 sont des boulets en politique. \u00bb<br \/>\n\u00ab S\u00e9gol\u00e8ne Royal, Bernard Cazeneuve et Manuel Valls sont comptables de la situation dans laquelle nous nous trouvons aujourd\u2019hui avec une grande difficult\u00e9 \u00e0 rassembler. Ils ont \u00e9t\u00e9 les fossoyeurs de la gauche pendant les ann\u00e9es o\u00f9 ils ont \u00e9t\u00e9 aux responsabilit\u00e9s. \u00bb<br \/>\n\u00ab Ces diff\u00e9rentes personnes qui ont \u00e9t\u00e9 aux responsabilit\u00e9s n\u2019ont plus lieu d\u2019avoir un r\u00f4le quelconque dans la recomposition qui pourrait \u00eatre conduite dans les semaines qui viennent. \u00bb<br \/>\n\u00ab S\u2019il y a \u00e9chec de la gauche et des \u00e9cologistes \u00e0 la pr\u00e9sidentielle, la recomposition sera plus difficile \u00e0 faire que s\u2019il y avait r\u00e9ussite. \u00bb<div id='gallery-1' class='gallery galleryid-13290 gallery-columns-3 gallery-size-thumbnail'><figure class='gallery-item'>\n\t\t\t<div class='gallery-icon landscape'>\n\t\t\t\t<a href='https:\/\/archives.regards.fr\/wp-content\/uploads\/2021\/12\/screenshot_2021-12-13_11-502.33.08.png'><img loading=\"lazy\" decoding=\"async\" width=\"150\" height=\"150\" src=\"https:\/\/archives.regards.fr\/wp-content\/uploads\/2021\/12\/screenshot_2021-12-13_11-502.33.08-150x150.png\" class=\"attachment-thumbnail size-thumbnail\" alt=\"screenshot_2021-12-13_11.33.08.png\" \/><\/a>\n\t\t\t<\/div><\/figure>\n\t\t<\/div>\n<\/p>\n","protected":false},"excerpt":{"rendered":"<p>Yannick Jadot a redit ce matin sur France Info sa ferme opposition \u00e0 la primaire de la gauche, proposition sortie du chapeau la semaine derni\u00e8re par Anne Hidalgo. La pression continue de s\u2019exercer sur le candidat \u00e9cologiste jusque dans son propre mouvement. Alain Coulombel, porte-parole d\u2019EELV, est l\u2019invit\u00e9 de #LaMidinale.<\/p>\n","protected":false},"author":1039,"featured_media":31277,"comment_status":"open","ping_status":"open","sticky":false,"template":"","format":"standard","meta":{"_themeisle_gutenberg_block_has_review":false,"footnotes":""},"categories":[238],"tags":[293,515],"class_list":["post-13290","post","type-post","status-publish","format-standard","has-post-thumbnail","hentry","category-la-midinale","tag-entretien","tag-presidentielle-2022"],"_links":{"self":[{"href":"https:\/\/archives.regards.fr\/index.php?rest_route=\/wp\/v2\/posts\/13290","targetHints":{"allow":["GET"]}}],"collection":[{"href":"https:\/\/archives.regards.fr\/index.php?rest_route=\/wp\/v2\/posts"}],"about":[{"href":"https:\/\/archives.regards.fr\/index.php?rest_route=\/wp\/v2\/types\/post"}],"author":[{"embeddable":true,"href":"https:\/\/archives.regards.fr\/index.php?rest_route=\/wp\/v2\/users\/1039"}],"replies":[{"embeddable":true,"href":"https:\/\/archives.regards.fr\/index.php?rest_route=%2Fwp%2Fv2%2Fcomments&post=13290"}],"version-history":[{"count":0,"href":"https:\/\/archives.regards.fr\/index.php?rest_route=\/wp\/v2\/posts\/13290\/revisions"}],"wp:featuredmedia":[{"embeddable":true,"href":"https:\/\/archives.regards.fr\/index.php?rest_route=\/wp\/v2\/media\/31277"}],"wp:attachment":[{"href":"https:\/\/archives.regards.fr\/index.php?rest_route=%2Fwp%2Fv2%2Fmedia&parent=13290"}],"wp:term":[{"taxonomy":"category","embeddable":true,"href":"https:\/\/archives.regards.fr\/index.php?rest_route=%2Fwp%2Fv2%2Fcategories&post=13290"},{"taxonomy":"post_tag","embeddable":true,"href":"https:\/\/archives.regards.fr\/index.php?rest_route=%2Fwp%2Fv2%2Ftags&post=13290"}],"curies":[{"name":"wp","href":"https:\/\/api.w.org\/{rel}","templated":true}]}}